{"id":25137,"date":"2017-12-02T16:11:42","date_gmt":"2017-12-02T19:11:42","guid":{"rendered":"http:\/\/kunstinargentinien.com\/?p=25137"},"modified":"2017-12-05T09:17:34","modified_gmt":"2017-12-05T12:17:34","slug":"agenda-kalender-515","status":"publish","type":"post","link":"https:\/\/kunstinargentinien.com\/index.php\/2017\/12\/02\/agenda-kalender-515\/","title":{"rendered":"Agenda \/ Kalender"},"content":{"rendered":"<p><a href=\"http:\/\/kunstinargentinien.com\/index.php\/2017\/12\/02\/kalender-agenda-524\/\">Klicken Sie hier, um die deutsche Version zu lesen.<\/a><\/p>\n<p><strong>Agenda de Muestras del 02\/12\/2017<\/p>\n<p><em>Por Susanne Franz<\/em><\/strong><\/p>\n<p><a href=\"http:\/\/kunstinargentinien.com\/wp-content\/uploads\/2017\/12\/proa.jpg\"><img loading=\"lazy\" decoding=\"async\" src=\"http:\/\/kunstinargentinien.com\/wp-content\/uploads\/2017\/12\/proa-300x200.jpg\" alt=\"\" width=\"300\" height=\"200\" class=\"aligncenter size-medium wp-image-25144\" srcset=\"https:\/\/kunstinargentinien.com\/wp-content\/uploads\/2017\/12\/proa-300x200.jpg 300w, https:\/\/kunstinargentinien.com\/wp-content\/uploads\/2017\/12\/proa.jpg 553w\" sizes=\"auto, (max-width: 300px) 100vw, 300px\" \/><\/a><br \/>\nDesde el 2 de diciembre del 2017 hasta el 2 de abril del 2018, <a href=\"http:\/\/www.proa.org\/esp\/\">Fundaci\u00f3n Proa<\/a> presenta &#8220;Inoculaci\u00f3n&#8221;, una notable exhibici\u00f3n dedicada al trabajo p\u00fablico y de intervenci\u00f3n social de uno de los artistas contempor\u00e1neos m\u00e1s c\u00e9lebres e influyentes del mundo, Ai Weiwei.<\/p>\n<p>Curada por Marcello Dantas, la muestra re\u00fane instalaciones monumentales, objetos, fotograf\u00edas y videos de fuerte impacto pol\u00edtico y simb\u00f3lico, que brindan un amplio panorama de sus trabajos m\u00e1s ic\u00f3nicos y dan cuenta de la prol\u00edfica e intensa carrera del artista. Reconocido por documentar y reflexionar sobre las arbitrariedades pol\u00edticas y sociales de occidente as\u00ed como de su pa\u00eds de origen, su pr\u00e1ctica art\u00edstica se desarrolla en torno a la libertad de expresi\u00f3n, los derechos humanos y la explotaci\u00f3n econ\u00f3mica y ambiental.<\/p>\n<p>En &#8220;Inoculaci\u00f3n&#8221;, Ai Weiwei reflexiona desde la biograf\u00eda personal y da visibilidad a distintos problemas sociales que marcan las inconsistencias pol\u00edticas y lagunas entre el sujeto individual y el sujeto colectivo en el mundo contempor\u00e1neo. El artista juega entre lo antiguo y lo actual, el pasado, el presente y el futuro, denunciando siempre desde una \u00f3ptica cr\u00edtica una relaci\u00f3n ambivalente con su pa\u00eds dividida por un profundo sentido de identidad derivado del uso de materiales, im\u00e1genes y t\u00e9cnicas tradicionales de la cultura china.<\/p>\n<p>Ai Weiwei entiende la totalidad de la arquitectura de Proa como espacio expositivo, eso incluye la vereda, la librer\u00eda, y el caf\u00e9, creando una relaci\u00f3n interesante entre la tradici\u00f3n y la modernidad. La monumental obra &#8220;Forever Bicycles&#8221; expuesta en la vereda de Proa el artista recontextualiza y desmantela un objeto cotidiano de china como lo es la bicicleta, y con ella metaforiza el cambio permanente de la cultura, su metamorfosis, ahora devenida en una estructura gigantesca de acero, luz y sombra.<\/p>\n<p>Esta nueva exhibici\u00f3n en Fundaci\u00f3n Proa ofrece una oportunidad \u00fanica para el p\u00fablico de explorar el genio creativo de Ai Weiwei, generando un espacio para entender su narrativa personal y brindando una visi\u00f3n cr\u00edtica de las relaciones ambiguas del artista con su nativa China, la pol\u00edtica occidental y los autoritarismos, creando en esta conjunci\u00f3n de significantes un fuerte sentido de rebeli\u00f3n en sus trabajos.<\/p>\n<p>Las muestras de la semana:<!--more--><\/p>\n<ul>\n<li>Banco Ciudad, Florida 302, Buenos Aires (Lun-Vie 10-15 hs): Stella Sidi, &#8220;Entre-Telas 1999\/2017&#8221;. 01.12.-29.12.<\/li>\n<li>Casa Fern\u00e1ndez Blanco, Hip\u00f3lito Yrigoyen 1420, Buenos Aires (Mar-Vie 12-18, S\u00e1b y Dom 11-17 hs. Entrada $20): &#8220;Hab\u00eda una vez&#8230;, mu\u00f1ecas y juguetes 1870-1940. Colecci\u00f3n de Mabel y Mar\u00eda Castellano Fotheringham&#8221;. Hasta 31.12.<\/li>\n<li><a href=\"http:\/\/www.culturalkirchner.gob.ar\/\">Centro Cultural Kirchner<\/a>, Sarmiento 151, sexto y s\u00e9ptimo piso, Buenos Aires (Mie-Dom y feriados 13-20 hs): &#8220;Les Visitants: Guillermo Kuitca y la colecci\u00f3n de la Fondation Cartier&#8221;. Artistas: Jean-Michel Alberola (Francia), Nobuyoshi Araki (Jap\u00f3n), Raymond Depardon (Francia), Claudine Nougaret (Francia), William Eggleston (Estados Unidos), Nan Goldin (Estados Unidos), Alair Gomes (Brasil), Douglas Gordon (Reino Unido), Rinko Kawauchi (Jap\u00f3n), Seydou Ke\u00efta (Mali), Guillermo Kuitca (Argentina), David Lynch (Estados Unidos), Daido Moriyama (Jap\u00f3n), J.D. Okhai Ojeikere (Nigeria), Tony Oursler (Estados Unidos), Artavazd Pelechian (Armenia), Patti Smith (Estados Unidos), Hiroshi Sugimoto (Jap\u00f3n), Juergen Teller (Alemania), Wolfgang Tillmans (Alemania), Agn\u00e8s Varda (B\u00e9lgica), Adriana Varej\u00e3o (Brasil), Francesca Woodman (Estados Unidos). Desde 27.10.<\/li>\n<li><a href=\"http:\/\/www.coleccionfortabat.org.ar\/\">Colecci\u00f3n de Arte Amalia Lacroze de Fortabat<\/a>, Olga Cossetini 141, Puerto Madero, Buenos Aires (Mar-Dom 12-20 hs, Lun cerrado. Entrada: $80, $40 para menores de 12 a\u00f1os, jubilados, estudiantes y docentes con acreditaci\u00f3n, Mi\u00e9 $40 y acceso gratuito para menores de 12 a\u00f1os, jubilados, estudiantes y docentes con acreditaci\u00f3n): Adriana Lestido, &#8220;Ant\u00e1rtida Negra&#8221;, fotograf\u00edas. 25.10.-21.01.2018.<\/li>\n<li><a href=\"http:\/\/www.proa.org\/esp\/\">Fundaci\u00f3n Proa<\/a>, Pedro de Mendoza 1929, La Boca, Buenos Aires (Mar-Dom 11-19 hs, Lun cerrado, 24-25-31 de diciembre cerrado, 1 de enero cerrado. Entrada $50, jubilados $20 y estudiantes $30; gratis para menores de 12 a\u00f1os): Ai Weiwei, &#8220;Inoculaci\u00f3n&#8221;. Inauguraci\u00f3n: 02.12., 17 hs. Hasta 02.04.2018.<\/li>\n<li><a href=\"http:\/\/www.malba.org.ar\/web\/\">Malba<\/a> (Museo de Arte Latinoamericano de Buenos Aires), Av. Figueroa Alcorta 3415, Buenos Aires (Jue-Lun y feriados 12-20 hs, Mi\u00e9 hasta 21 hs, Mar cerrado. Entrada 120 pesos; estudiantes, docentes, jubilados o mayores de 65 a\u00f1os con acreditaci\u00f3n vigente 60 pesos. Personas con discapacidad: sin cargo; menores de 5 a\u00f1os: sin cargo. Mi\u00e9: Entrada 50 pesos; estudiantes, docentes y jubilados con acreditaci\u00f3n vigente: sin cargo. Personas con discapacidad: sin cargo): &#8220;M\u00e9xico Moderno &#8211; Vanguardia y Revoluci\u00f3n&#8221;. 03.11.-19.02.2018.<\/li>\n<li><a href=\"http:\/\/www.mnba.gob.ar\/\">Museo Nacional de Bellas Artes (MNBA)<\/a>, Av. del Libertador 1473, Buenos Aires (Mar-Vie 11-20, S\u00e1b y Dom 10-20 hs. Entrada libre y gratuita): &#8220;Mir\u00f3: la experiencia de mirar&#8221;, cincuenta obras realizadas por Mir\u00f3 entre 1963 y 1981, pertenecientes a la colecci\u00f3n del Museo Nacional Centro de Arte Reina Sof\u00eda, de Espa\u00f1a. &#8220;Pabell\u00f3n de Exposiciones Temporarias&#8221;. 25.10.-25.02.2018. \/ &#8220;Rodin: Centenario en Bellas Artes&#8221;, se exhibe un conjunto de esculturas y dibujos de la colecci\u00f3n del Museo a un siglo de la muerte del escultor franc\u00e9s. Sala 10, PB. 28.11.-25.02.2018.<\/li>\n<li><a href=\"https:\/\/www.odaarte.com\/\">OdA &#8211; Oficinas de Arte<\/a>, Paran\u00e1 759, Piso 1, Buenos Aires (Lun-Vie 15-19 hs): &#8220;Arte en el Origen&#8221;, Primera Edici\u00f3n. Curadora: Andrea Juan. Artistas: Angela Copello, Diego Rusticucci, Laura San Mart\u00edn, Aline T. de Karazoglu, Laura Zunino de Cardoner. 21.11.-15.12.<\/li>\n<\/ul>\n","protected":false},"excerpt":{"rendered":"<p>Klicken Sie hier, um die deutsche Version zu lesen. Agenda de Muestras del 02\/12\/2017 Por Susanne Franz Desde el 2 de diciembre del 2017 hasta el 2 de abril del 2018, Fundaci\u00f3n Proa presenta &#8220;Inoculaci\u00f3n&#8221;, una notable exhibici\u00f3n dedicada al trabajo p\u00fablico y de intervenci\u00f3n social de uno de los artistas contempor\u00e1neos m\u00e1s c\u00e9lebres e [&hellip;]<\/p>\n","protected":false},"author":1,"featured_media":0,"comment_status":"open","ping_status":"open","sticky":false,"template":"","format":"standard","meta":{"footnotes":""},"categories":[18],"tags":[],"class_list":["post-25137","post","type-post","status-publish","format-standard","hentry","category-agenda"],"_links":{"self":[{"href":"https:\/\/kunstinargentinien.com\/index.php\/wp-json\/wp\/v2\/posts\/25137","targetHints":{"allow":["GET"]}}],"collection":[{"href":"https:\/\/kunstinargentinien.com\/index.php\/wp-json\/wp\/v2\/posts"}],"about":[{"href":"https:\/\/kunstinargentinien.com\/index.php\/wp-json\/wp\/v2\/types\/post"}],"author":[{"embeddable":true,"href":"https:\/\/kunstinargentinien.com\/index.php\/wp-json\/wp\/v2\/users\/1"}],"replies":[{"embeddable":true,"href":"https:\/\/kunstinargentinien.com\/index.php\/wp-json\/wp\/v2\/comments?post=25137"}],"version-history":[{"count":6,"href":"https:\/\/kunstinargentinien.com\/index.php\/wp-json\/wp\/v2\/posts\/25137\/revisions"}],"predecessor-version":[{"id":25167,"href":"https:\/\/kunstinargentinien.com\/index.php\/wp-json\/wp\/v2\/posts\/25137\/revisions\/25167"}],"wp:attachment":[{"href":"https:\/\/kunstinargentinien.com\/index.php\/wp-json\/wp\/v2\/media?parent=25137"}],"wp:term":[{"taxonomy":"category","embeddable":true,"href":"https:\/\/kunstinargentinien.com\/index.php\/wp-json\/wp\/v2\/categories?post=25137"},{"taxonomy":"post_tag","embeddable":true,"href":"https:\/\/kunstinargentinien.com\/index.php\/wp-json\/wp\/v2\/tags?post=25137"}],"curies":[{"name":"wp","href":"https:\/\/api.w.org\/{rel}","templated":true}]}}