{"id":263,"date":"2006-01-28T07:18:11","date_gmt":"2006-01-28T10:18:11","guid":{"rendered":"http:\/\/kunstinargentinien.com\/index.php\/2006\/01\/28\/traume-und-alptraume\/"},"modified":"2006-07-29T14:54:09","modified_gmt":"2006-07-29T17:54:09","slug":"traume-und-alptraume","status":"publish","type":"post","link":"https:\/\/kunstinargentinien.com\/index.php\/2006\/01\/28\/traume-und-alptraume\/","title":{"rendered":"Tr\u00e4ume und Alptr\u00e4ume"},"content":{"rendered":"<p><a href=\"http:\/\/kunstinargentinien.com\/index.php\/2006\/01\/28\/suenos-y-pesadillas\/\">Click aqu\u00ed para leer la versi\u00f3n en castellano.<\/a><\/p>\n<p><strong>Retrospektive von Ferm\u00edn Egu\u00eda im Centro Cultural Recoleta<\/strong><\/p>\n<p><em><strong>Von Susanne Franz<\/strong><\/em><\/p>\n<p><em><img decoding=\"async\" src=\"http:\/\/kunstinargentinien.com\/wp-content\/uploads\/Eguia.JPG\" alt=\"\" \/><br \/>\n&#8220;Ohne Titel&#8221;, Aquarell, 1998.<\/em><\/p>\n<p>Alles ist lebendig in den Gem\u00e4lden von Ferm\u00edn Egu\u00eda. Seine Bilder, die die Landschaft des Tigre-Deltas einfangen, sind ein dichtes Gewebe von Kreuchendem, Fleuchendem, Wachsendem und Wucherndem. Pflanzenwelt und Tierwelt verschmelzen und werden zu einem Biotop, in dem die seltsamsten Wesen hausen, zu einer Ursuppe, in der immer neue Lebensformen entstehen.<\/p>\n<p>Ferm\u00edn Egu\u00eda l\u00e4sst innere Welten erstehen, alptraumhafte Bilder, die normalerweise nicht einmal ans Bewusstsein kommen,<!--more--> weil sie wie undefinierbare Wesen unter der (Wasser-)Oberfl\u00e4che dahingleiten, und nur ihr schl\u00e4ngelnder Schatten und das Kr\u00e4useln des Wassers ihre Anwesenheit verraten und Angst verbreiten.<\/p>\n<p>Das Erschreckende und Faszinierende an Egu\u00edas meisterhaften Gem\u00e4lden ist, dass hier Tr\u00e4ume und Alptr\u00e4ume tats\u00e4chlich Gestalt annehmen.<\/p>\n<p>In seiner leider nur noch an diesem Wochenende im Saal C des Centro Cultural Recoleta ge\u00f6ffneten Ausstellung, die einen Einblick in die Arbeit von 40 Schaffensjahren des K\u00fcnstlers gibt, sind auch viele Bilder mit stark erotischem Inhalt zu sehen, ebenso wie in den Bereich der Karikatur lotende Darstellungen von Wesen, die nur Nasen, aber keine Augen haben, Broten oder Automobilen, denen Arme oder Beine wachsen.<\/p>\n<p>Ferm\u00edn Egu\u00eda ist ein herausragendes Talent, und mit seiner beunruhigenden, \u00e4u\u00dferst individuellen und kreativen k\u00fcnstlerischen Sprache sicher einzigartig in Argentinien.<\/p>\n<p><em>(Ferm\u00edn Egu\u00eda, Gem\u00e4lde und Zeichnungen 1965-2005. Centro Cultural Recoleta, Saal C, Jun\u00edn 1930. Am Wochenende 10-21 Uhr. Bis einschlie\u00dflich 29.1.)<\/em><\/p>\n<p><em>Der Artikel erschien am 28.01.06 im &#8220;Argentinischen Tageblatt&#8221;.<\/em><\/p>\n","protected":false},"excerpt":{"rendered":"<p>Click aqu\u00ed para leer la versi\u00f3n en castellano. Retrospektive von Ferm\u00edn Egu\u00eda im Centro Cultural Recoleta Von Susanne Franz &#8220;Ohne Titel&#8221;, Aquarell, 1998. Alles ist lebendig in den Gem\u00e4lden von Ferm\u00edn Egu\u00eda. Seine Bilder, die die Landschaft des Tigre-Deltas einfangen, sind ein dichtes Gewebe von Kreuchendem, Fleuchendem, Wachsendem und Wucherndem. Pflanzenwelt und Tierwelt verschmelzen und [&hellip;]<\/p>\n","protected":false},"author":1,"featured_media":0,"comment_status":"open","ping_status":"open","sticky":false,"template":"","format":"standard","meta":{"footnotes":""},"categories":[4],"tags":[],"class_list":["post-263","post","type-post","status-publish","format-standard","hentry","category-tipp-der-woche-recomendacion-de-la-semana"],"_links":{"self":[{"href":"https:\/\/kunstinargentinien.com\/index.php\/wp-json\/wp\/v2\/posts\/263","targetHints":{"allow":["GET"]}}],"collection":[{"href":"https:\/\/kunstinargentinien.com\/index.php\/wp-json\/wp\/v2\/posts"}],"about":[{"href":"https:\/\/kunstinargentinien.com\/index.php\/wp-json\/wp\/v2\/types\/post"}],"author":[{"embeddable":true,"href":"https:\/\/kunstinargentinien.com\/index.php\/wp-json\/wp\/v2\/users\/1"}],"replies":[{"embeddable":true,"href":"https:\/\/kunstinargentinien.com\/index.php\/wp-json\/wp\/v2\/comments?post=263"}],"version-history":[{"count":0,"href":"https:\/\/kunstinargentinien.com\/index.php\/wp-json\/wp\/v2\/posts\/263\/revisions"}],"wp:attachment":[{"href":"https:\/\/kunstinargentinien.com\/index.php\/wp-json\/wp\/v2\/media?parent=263"}],"wp:term":[{"taxonomy":"category","embeddable":true,"href":"https:\/\/kunstinargentinien.com\/index.php\/wp-json\/wp\/v2\/categories?post=263"},{"taxonomy":"post_tag","embeddable":true,"href":"https:\/\/kunstinargentinien.com\/index.php\/wp-json\/wp\/v2\/tags?post=263"}],"curies":[{"name":"wp","href":"https:\/\/api.w.org\/{rel}","templated":true}]}}