{"id":270,"date":"2006-02-10T12:25:29","date_gmt":"2006-02-10T15:25:29","guid":{"rendered":"http:\/\/kunstinargentinien.com\/index.php\/2006\/02\/10\/agenda-kalender\/"},"modified":"2006-02-25T13:24:21","modified_gmt":"2006-02-25T16:24:21","slug":"agenda-kalender-2","status":"publish","type":"post","link":"https:\/\/kunstinargentinien.com\/index.php\/2006\/02\/10\/agenda-kalender-2\/","title":{"rendered":"Agenda \/ Kalender"},"content":{"rendered":"<p><a href=\"http:\/\/kunstinargentinien.com\/index.php\/2006\/02\/10\/kalender-agenda-3\/\">Klicken Sie hier, um die deutsche Version zu lesen.<\/a><\/p>\n<p><strong>Agenda de muestras 11\/02\/06-18\/02\/06<\/strong><\/p>\n<p><em>Centros de exposiciones<\/em><\/p>\n<ul>\n<li> <img decoding=\"async\" src=\"http:\/\/kunstinargentinien.com\/wp-content\/uploads\/mario.gif\" alt=\"\" \/> Centro Cultural Recoleta, Jun\u00edn 1930 (Mar-Vie 14-21, Sab, Dom y feriados 10-21 hs, entrada 1 peso): Fray Butler (1879-1961), pinturas. Organizado por Galer\u00eda Zurbar\u00e1n (Salas 4, 5 y 6). 15.12.-19.2. \/ 25\u00ba Cumplea\u00f1os del Centro Cultural Recoleta &#8211; muestra de 1000 fotos y 3 videos (Sala Cronopios). 16.12.-26.2. \/ Mario Grinbaum, &#8220;Cuestiones Urbanas&#8221;, obras 2000-2005 (Sala &#8220;J&#8221;). 12.1.-26.2. (Foto) \/ Andrea Martinetti, &#8220;La intimidad de los materiales&#8221; (Sala 11). 12.1.-19.2. \/ &#8220;Arte italiano: Visiones contempor\u00e1neas&#8221;, obras de Afro, Capogrossi, De Pisis, Scanavino, Vedova, Guttuso, entre otros (Sala 8). 12.1.-19.2. \/ Felipe Taborda (Brasil), &#8220;Visi\u00f3n carioca&#8221;, 100 afiches (Sala \u201eC\u201c). 2.2.-26.2. \/ Juan Bec\u00fa, &#8220;Muestra # 6&#8221; (Sala 10). 2.2.-26.2.<\/li>\n<p><!--more--><\/p>\n<li>Centro Cultural Borges, Viamonte\/San Mart\u00edn (Lun-Sab 11-21, Dom 12-21 hs, entrada 3 pesos, jubilados y estudiantes 1,50 pesos; Chagall: 8 pesos; Morandi: 5 pesos): Marc Chagall, obra gr\u00e1fica. 6.12.-5.3. \/ Giorgio Morandi, pinturas. Hasta 29.2. \/ Mirta Narosky, &#8220;Estados del alma&#8221;, pinturas (Sala 21). 26.1.-19.2.<\/li>\n<li>Museo Nacional de Bellas Artes, Av. del Libertador 1473 (Mar-Dom 12.30-19.30, Sab 10.30-19.30 hs): &#8220;Celebridades en la Colecci\u00f3n fotogr\u00e1fica del MNBA&#8221;. 15.12.-12.3.<\/li>\n<\/ul>\n<p><em>Otras exposiciones<\/em><\/p>\n<ul>\n<li>Juan Astica, pinturas 2004-2005. Wussmann, Venezuela 570, San Telmo. Lun-Vie 10.30-20, Sab 11-13 hs. 3.11.-fin de febrero.<\/li>\n<li>&#8220;Caf\u00e9s y sus circunstancias&#8221;. Pabell\u00f3n de las Bellas Artes, UCA, Alicia Moreau de Justo 1300, Puerto Madero. Mar-Dom 11-20 hs, lunes cerrado. 7.12.-12.3.<\/li>\n<li>Mart\u00edn Kovensky, &#8220;Terminaron las clases&#8221;. Papelera Palermo, Cabrera 5227. Lun-Vie 11-13 y 14-19, Sab 10-13 y 15-18 hs. 7.12.-fines de marzo.<\/li>\n<li>Grillo Demo, &#8220;Amor y lujo&#8221;, Silvina S\u00edcoli, &#8220;Afro-Limones&#8230;&#8221;. Belleza y Felicidad, Acu\u00f1a de Figueroa 900\/Guardia Vieja. Lun-Vie 11-19, Sab 11-13 hs. 13.12.-26.2.<\/li>\n<li>Oscar Vaz (1909-1987), pinturas. Zurbar\u00e1n, Cerrito 1522. Lun-Vie 11-21, Sab 10-13 hs. 19.12.-18.3.<\/li>\n<li>&#8220;Muestra de verano&#8221;, obras de Alejandro Arg\u00fcelles, Enrique Broglia, Lorena Di Meo, Jos\u00e9 Eidelman, Adolfo Nigro, Jorge Ortigueir, Victor Quiroga, Hugo Sbernini, Carlos Scaglione. El Puente, Arenales 834. Lun-Vie 12-20, Sab 10-13 hs. 21.12.-17.3.<\/li>\n<li>&#8220;B\u00e1rbaros&#8221;, fotos de Pablo Cabrera, Vicente Grondona, Mar\u00eda Guerrieri, Karin Idelson, Santiago Iturralde, Mart\u00edn Leg\u00f3n, Emiliano L\u00f3pez, TEC, Yanina Szalkowicz, Noelia Yagmourian. Curador: Rafael Cippolini. Fondo Nacional de las Artes, Alsina 673. Lun-Vie 10-18 hs. 22.12.-28.2.<\/li>\n<li>Bobby Lightowler, &#8220;Postales&#8221;, fotos. EspacioFotogr\u00e1fico del Teatro de la Ribera, Pedro de Mendoza 1821. Lun-Dom 10-20 hs. A partir del 18.1.<\/li>\n<li>Daniel Delgado, &#8220;M\u00edstica&#8221;, pinturas. &#8220;Museo Cuartel de Dragones&#8221;, 18 de Julio\/Rafael P\u00e9rez del Puerto, Maldonado, Uruguay. 27.1.-15.2.<\/li>\n<li>&#8220;M\u00e1s all\u00e1 del color&#8221; (gr\u00e1ficas en blanco y negro de Silvia Brewda, Alicia D\u00edaz Rinaldi, Ana Erman, Leonardo Gotleyb, Sara Slipchinsky, Graciela Zar, Estela Zariquiegui). 1\/1 Caja de Arte, Nicaragua 5024. Lun-Vie 14.30-19.30, Sab 15-19 hs. 28.1.-19.2.<\/li>\n<li>&#8220;Im\u00e1genes de la d\u00e9cada peronista, 1945-1955&#8221;, fotos, afiches, libros, videos, m\u00fasica de la \u00e9poca. Museo de la Universidad Nacional de Tres de Febrero, Valent\u00edn G\u00f3mez 4838, Caseros. Hasta 29.3.<\/li>\n<li>&#8220;La Normalidad&#8221;, muestra en el marco del proyecto Ex Argentina. Obras de Eduardo Molinari y otros. Palais de Glace, Posadas 1725. Inauguraci\u00f3n: 14.2., 19 hs.\n<li>Oskar Molek, &#8220;El Carnaval Veneciano&#8221;, fotos. &#8220;Luna Cornea&#8221; (Arte Bar), Estaci\u00f3n Borges, Tren de la Costa, Olivos. Todos los d\u00edas 19-22 hs. 16.2.-13.3.<\/li>\n<\/ul>\n","protected":false},"excerpt":{"rendered":"<p>Klicken Sie hier, um die deutsche Version zu lesen. Agenda de muestras 11\/02\/06-18\/02\/06 Centros de exposiciones Centro Cultural Recoleta, Jun\u00edn 1930 (Mar-Vie 14-21, Sab, Dom y feriados 10-21 hs, entrada 1 peso): Fray Butler (1879-1961), pinturas. Organizado por Galer\u00eda Zurbar\u00e1n (Salas 4, 5 y 6). 15.12.-19.2. \/ 25\u00ba Cumplea\u00f1os del Centro Cultural Recoleta &#8211; muestra [&hellip;]<\/p>\n","protected":false},"author":1,"featured_media":0,"comment_status":"open","ping_status":"open","sticky":false,"template":"","format":"standard","meta":{"footnotes":""},"categories":[3],"tags":[],"class_list":["post-270","post","type-post","status-publish","format-standard","hentry","category-kalender-agenda"],"_links":{"self":[{"href":"https:\/\/kunstinargentinien.com\/index.php\/wp-json\/wp\/v2\/posts\/270","targetHints":{"allow":["GET"]}}],"collection":[{"href":"https:\/\/kunstinargentinien.com\/index.php\/wp-json\/wp\/v2\/posts"}],"about":[{"href":"https:\/\/kunstinargentinien.com\/index.php\/wp-json\/wp\/v2\/types\/post"}],"author":[{"embeddable":true,"href":"https:\/\/kunstinargentinien.com\/index.php\/wp-json\/wp\/v2\/users\/1"}],"replies":[{"embeddable":true,"href":"https:\/\/kunstinargentinien.com\/index.php\/wp-json\/wp\/v2\/comments?post=270"}],"version-history":[{"count":0,"href":"https:\/\/kunstinargentinien.com\/index.php\/wp-json\/wp\/v2\/posts\/270\/revisions"}],"wp:attachment":[{"href":"https:\/\/kunstinargentinien.com\/index.php\/wp-json\/wp\/v2\/media?parent=270"}],"wp:term":[{"taxonomy":"category","embeddable":true,"href":"https:\/\/kunstinargentinien.com\/index.php\/wp-json\/wp\/v2\/categories?post=270"},{"taxonomy":"post_tag","embeddable":true,"href":"https:\/\/kunstinargentinien.com\/index.php\/wp-json\/wp\/v2\/tags?post=270"}],"curies":[{"name":"wp","href":"https:\/\/api.w.org\/{rel}","templated":true}]}}