{"id":2891,"date":"2010-08-07T08:42:16","date_gmt":"2010-08-07T11:42:16","guid":{"rendered":"http:\/\/kunstinargentinien.com\/?p=2891"},"modified":"2010-08-08T18:05:53","modified_gmt":"2010-08-08T21:05:53","slug":"kalender-agenda-231","status":"publish","type":"post","link":"https:\/\/kunstinargentinien.com\/index.php\/2010\/08\/07\/kalender-agenda-231\/","title":{"rendered":"Kalender \/ Agenda"},"content":{"rendered":"<p><a href=\"http:\/\/kunstinargentinien.com\/index.php\/2010\/08\/07\/agenda-kalender-225\/\">Click aqu\u00ed\u00ad para leer la versi\u00f3n en castellano.<\/a><\/p>\n<p><strong>Ausstellungskalender 07\/08\/10-14\/08\/10<\/p>\n<p><em>Von Susanne Franz<\/em><\/strong><\/p>\n<p><a href=\"http:\/\/kunstinargentinien.com\/wp-content\/uploads\/2010\/08\/bonadeo11.jpg\"><img loading=\"lazy\" decoding=\"async\" src=\"http:\/\/kunstinargentinien.com\/wp-content\/uploads\/2010\/08\/bonadeo11-225x300.jpg\" alt=\"\" title=\"bonadeo11\" width=\"225\" height=\"300\" class=\"alignleft size-medium wp-image-2886\" srcset=\"https:\/\/kunstinargentinien.com\/wp-content\/uploads\/2010\/08\/bonadeo11-225x300.jpg 225w, https:\/\/kunstinargentinien.com\/wp-content\/uploads\/2010\/08\/bonadeo11.jpg 250w\" sizes=\"auto, (max-width: 225px) 100vw, 225px\" \/><\/a>Am 5. August wurde im &#8220;Pabell\u00f3n de las Bellas Artes&#8221; der Katholischen Universit\u00e4t von Buenos Aires (UCA) die Ausstellung &#8220;El cielo en la tierra&#8221; (Der Himmel auf Erden) des K\u00fcnstlers <a href=\"http:\/\/www.martinbonadeo.com.ar\/\">Mart\u00edn Bonadeo<\/a> er\u00f6ffnet, der selbst Professor an der Uni ist. Der Doktor der Sozialwissenschaften gibt Kurse im Rahmen des Studiengangs &#8220;Publicidad y Comunicaci\u00f3n Institucional&#8221; (Marketing und Kommunikation mit den Medien) und ist einer der Leiter der Presseagentur ICOS, die die UCA und verschiedene NGOs betreut.<\/p>\n<p>Vor vier Jahren rief Bonadeo das TECAT ins Leben (<a href=\"http:\/\/www.tecat.com.ar\/\">Taller Experimental de Ciencia, Arte y Tecnolog\u00eda<\/a>\/Experimenteller Workshop f\u00fcr Wissenschaften, Kunst und Technologie), eine disziplinen\u00fcbergreifende Produktionsst\u00e4tte und Denkfabrik, die aus Professoren, Studenten und Graduierten verschiedener Fakult\u00e4ten besteht.  Dar\u00fcber hinaus gibt er Kurse in Zeitgen\u00f6ssischer Argentinischer und Lateinamerikanischer Kunst am PEL (Programa de Estudios Latinoamericanos\/Lateinamerikanische Studien).<\/p>\n<p>Aber vor allem und \u00fcber seine akademische T\u00e4tigkeit hinaus ist Mart\u00edn Bonadeo K\u00fcnstler. Seit dem Jahr 2000 hat er in \u00fcber 20 St\u00e4dten der Welt mehr als 35 &#8220;Site specific&#8221;-Installationen geschaffen (Installationen, die f\u00fcr einen spezifischen Raum bestimmt sind). Anfang 2010 pr\u00e4sentierte er in Pittsburgh, USA, die Ausstellung &#8220;Alba Magica MMX&#8221;, eine Retrospektive seiner k\u00fcnstlerischen Arbeit, deren Katalog (in Buchform) im August im Rahmen der Schau im von Cecilia Cavanagh geleiteten &#8220;Pabell\u00f3n&#8221; der UCA vorgestellt werden wird.<\/p>\n<p>In der Ausstellung &#8220;El cielo en la tierra&#8221; geht es um den Himmel in allen seinen m\u00f6glichen Bedeutungen. Das beginnt ganz konkret bei den wissenschaftlichen Instrumenten, mit denen, angefangen bei Galileo, der Himmel beobachtet oder vermessen wurde, und geht in einen abstrakteren, symbolischen Bereich \u00fcber, der eine Vielzahl an Metaphern bereit h\u00e4lt und f\u00fcr Glaubenssysteme im weitesten Sinne empf\u00e4nglich ist.<\/p>\n<p>Die Ausstellung &#8220;El cielo en la tierra&#8221; vereint experimentelle Fotografie, Projektionen, Objekte und aus Linsen, Kompassen und Thermometern bestehende &#8220;Ger\u00e4te&#8221;. Verschiedenste Repr\u00e4sentationen und Interpretationen des Himmels werden hier k\u00fcnstlerisch durch einfache und komplexere Messger\u00e4te in Szene gesetzt.<\/p>\n<p>Die Ausstellungen der Woche:<!--more--><\/p>\n<p><strong><em>Ausstellungszentren<\/em><\/strong><\/p>\n<ul>\n<li><a href=\"http:\/\/www.malba.org.ar\/web\/\">Malba<\/a> (Museo de Arte Latinoamericano de Buenos Aires), Av. Figueroa Alcorta 3415 (Do-Mo und feiertags 12-20 Uhr, mittwochs bis 21 Uhr, dienstags geschlossen. Eintritt 18 Pesos, Lehrer und Rentner 9 Pesos, Studenten 9 Pesos, unter 5-J\u00e4hrige gratis. Mittwochs: Eintritt 6 Pesos, Lehrer und Rentner 3 Pesos, Studenten gratis): Mart\u00edn Blaszko, &#8220;Proyecciones urban\u00edsticas&#8221;, Skulpturen. Terrasse. 2.7.-20.9. \/ &#8220;Variaciones de los 90&#8221; (Die bewegten 90er Jahre), Werke aus der Museumssammlung der K\u00fcnstler Eduardo Arauz, Sergio Avello, Elba Bairon, Leo Battistelli, Fabi\u00e1n Burgos, Dino Bruzzone, Feliciano Centuri\u00f3n, Nicola Costantino, Marina De Caro, Gustavo Di Mario, Manuel Esnoz, Ra\u00fal Flores, Alberto Goldenstein, Gumier Maier, Magdalena Jitrik, Daniel Joglar, Fabio Kacero, Fernanda Laguna, Liliana Maresca, Nushi Muntaabski, Esteban Pastorino, Cristina Piffer, Marcelo Pombo, Cristina Schiavi, Omar Schiliro. Alejandra Seeber, Pablo Siquier und Guillermo Ueno. Saal 3 (1. Stock). 22.7.-23.8. \/ &#8220;Geometr\u00eda en el siglo XX en la Daimler Art Collection&#8221; (Geometrische Kunst im 20. Jh. in der Daimler Art Collection). Organisiert von Mercedes-Benz Argentina. Kuratorin: Renate Wiehager. Saal 5 (2. Stock). Er\u00f6ffnung: 12.8., 19 Uhr. Bis 25.10.<\/li>\n<li><a href=\"http:\/\/www.mnba.org.ar\/\">Museo Nacional de Bellas Artes<\/a>, Av. del Libertador 1473 (Di-Fr 12.30-19.30, Sa, So und feiertags 9.30-19.30 Uhr. Eintritt frei): &#8220;Berni: Narrativas argentinas&#8221; (Berni: Argentinische Erz\u00e4hlungen), 31 herausragende Werke des argentinischen K\u00fcnstlers. 15.7.-12.9. \/ Brassa\u00ef (Gyula Hal\u00e1sz, Ungarn, 1899-1984), Fotos. Im Rahmen des <a href=\"http:\/\/www.encuentrosabiertos.com.ar\/sitio\/contenidod.php\">Festival de la Luz<\/a> 2010. Seit 3.8.<\/li>\n<li><a href=\"http:\/\/centroculturalrecoleta.org\/ccr-sp\/\">Centro Cultural Recoleta<\/a>, Jun\u00ed\u00adn 1930 (Mo-Fr 14-21, Sa, So und feiertags 10-21 Uhr): Enio Iommi, &#8220;El Filo del espacio. Obras 1945-2010&#8221;. Cronopios-Saal. 5.8.-29.8. \/ Sergio Fasola, &#8220;En tr\u00e1nsito&#8221;, Fotos. Im Rahmen des <a href=\"http:\/\/www.encuentrosabiertos.com.ar\/sitio\/contenidod.php\">Festival de la Luz<\/a> 2010. 6.8.-19.8.<\/li>\n<li><a href=\"http:\/\/centroculturalborges.blogspot.com\/\">Centro Cultural Borges<\/a>, Viamonte Ecke San Mart\u00edn (Mo-Sa 10-21, So und feiertags 12-21 Uhr. Eintritt 10 Pesos, Studenten und Rentner 7 Pesos): Amanda Ortega, &#8220;Borges \u00edntimo&#8221;, Fotoausstellung \u00fcber den argentinischen Schriftsteller Jorge Luis Borges. 29.7.-10.8. \/ Im Rahmen des <a href=\"http:\/\/www.encuentrosabiertos.com.ar\/sitio\/contenidod.php\">Festival de la Luz<\/a> 2010: Fifi Tong (Brasilien), &#8220;Origem &#8211; Retratos de familia en el Brasil&#8221;, Fotos. \/ Andreas Seibert (Schweiz), &#8220;From Somewhere to Nowhere. China&#8217;s Internal Migrants&#8221;, Fotos. \/ Graciela Sacco, &#8220;Cualquier salida puede ser un encierro \u2013 Serie M2&#8221;, Fotos. \/ Aldo Mart\u00ednez, &#8220;Ra\u00edces&#8221;, Fotos. \/ &#8220;Migraciones&#8221;, Fotos von Pablo Soria, Helen Zout, Jos\u00e9 Diniz, Paula Burd, Alejandro Lipszyc, Mart\u00edn Bollatti, Laura Ferro, Lorena Fern\u00e1ndez, H\u00e9ctor Rio , Eduardo Alc\u00f3n Quintanilla, Juan Amadeo, Ana Robles, Sub (Kooperative), Mar\u00eda Zorz\u00f3n, Matilde Mar\u00edn und Raquel Bigio. Kuratorinnen: Silvia Mangialardi und Elda Harrington. 4.8.-20.8.<\/li>\n<li>Museo Eduardo S\u00edvori, Av. Infanta Isabel 555, gegen\u00fcber der Br\u00fccke zum Rosengarten des Palermo-Parks (Di-Fr 12-20, Sa, So und feiertags 10-20 Uhr. Eintritt 1 Peso, Mi und Sa gratis): &#8220;El vuelo de las ra\u00edces&#8221;, Textilkunst und Modedesign von Manuela Rasjido (Catamarca), Gem\u00e4lde, Wandteppiche, Keramiken und Skulpturen von Enrique Salvatierra (Tucum\u00e1n). 3.7.-15.8. \/ Jorge Abot, &#8220;Aguas de la memoria&#8221;, Gem\u00e4lde. Er\u00f6ffnung: 7.8., 12 Uhr. Bis 5.9.<\/li>\n<li>FotoGaler\u00eda des San Mart\u00ed\u00adn-Theaters, Av. Corrientes 1530 (Mo-Fr ab 12, Sa und So ab 14 Uhr, bis zum Ende der Aktivit\u00e4ten des Tages im Theater. Eintritt frei): Vanina Feldsztein, &#8220;Sets&#8221;, Foto-Essay. &#8220;FotoGaler\u00ed\u00ada&#8221;. 6.7.-8.8. \/ &#8220;Espacios de ausencia&#8221;, Ausstellung der Schweizer K\u00fcnstler Gian Paolo Minelli, Helen Zout, Marianne Winkelmann und Lisandro P\u00e9rez Aznar. Organisiert von der Schweizer Botschaft und Pro Helvetia. Kuratorin: Leila Bustamante. 1. Stock der Eingangshalle &#8220;Carlos Morel&#8221;. 27.7.-8.8. \/ Im Rahmen des <a href=\"http:\/\/www.encuentrosabiertos.com.ar\/sitio\/contenidod.php\">Festival de la Luz<\/a> 2010: Tadeu Vilani (Brasilien), &#8220;Polacos en el Nuevo mundo&#8221;, Foto-Essay. 1. Stock der Eingangshalle &#8220;Carlos Morel&#8221;. Er\u00f6ffnung: 10.8., 19 Uhr. Bis 5.9. Der K\u00fcnstler ist bei der Vernissage anwesend. \/ Francisco Bermejo (Chile), &#8220;Circo hoy&#8221;, Foto-Essay. &#8220;FotoGaler\u00eda&#8221;. Er\u00f6ffnung: 10.8., 19 Uhr. Bis 5.9. Der K\u00fcnstler ist bei der Vernissage anwesend.<\/li>\n<li>Museo Benito Quinquela Mart\u00edn, Av. Don Pedro de Mendoza 1843, La Boca: &#8220;Ant\u00e1rtida, Expediciones a trav\u00e9s del arte&#8221;, Fotos von Marcelo Gurruchaga, Gem\u00e4lde von Alberto Morales und Marina Curci. \/ Fernanda Piamonti, &#8220;Bajo Sur&#8221;, Gem\u00e4lde. Organisiert von &#8220;Empat\u00eda&#8221;.  Er\u00f6ffnungen: 7.8., 13 Uhr. Bis 5.9.<\/li>\n<\/ul>\n<p><em><strong>Sonstige Ausstellungen<\/strong><\/em><\/p>\n<ul>\n<li>Andrea Juan und Jane Marsching, &#8220;Encuentro Polar&#8221;, Fotos, Videos. Phase II des Zyklus &#8220;Tributo a la Naturaleza&#8221;. Botanischer Garten, Av. Santa Fe 3951. T\u00e4glich 8-18 Uhr. 20.4.-20.9.<\/li>\n<li>Pablo Picasso, &#8220;La mirada del deseo&#8221;, mehr als 60 kleinformatige Werke auf Papier. Museo de la Universidad Nacional de Tres de Febrero (MUNTREF), Valent\u00ed\u00adn G\u00f3mez 4838, Caseros, Provinz Buenos Aires (gegen\u00fcber der Zugstation). Di-So 11-20 Uhr. Interaktive F\u00fchrungen: Sa 15.30 und 17 Uhr. Eintritt frei. 28.5.-10.9.<\/li>\n<li>Jorge Mi\u00f1o, Fotos. \/ Alejandra Urresti, Fotos. Pr\u00e4sentiert von Ernesto Catena Fotograf\u00ed\u00ada Contempor\u00e1nea. \/ Hern\u00e1n Salamanco, Gem\u00e4lde. \/ Javier Barilaro, Gem\u00e4lde. Pr\u00e4sentiert von Braga Men\u00e9ndez Arte Contempor\u00e1neo. Uva Mystic Point, Callao 1880 (Ecke Alvear). Besuche per Mail vereinbaren: silvina@rockolation.com. 16.6.-16.8.<\/li>\n<li>&#8220;Oscar Niemeyer \u2013 Un invento del tiempo&#8221;. Nicht nur die Hauptwerke des ber\u00fchmten Architekten in Brasilien und aller Welt werden beleuchtet, sondern auch seine M\u00f6bel-Designs, seine Arbeit als Herausgeber der Zeitschrift &#8220;M\u00f3dulo&#8221; sowie sein literarisches und k\u00fcnstlerisches Werk. <a href=\"http:\/\/www.brasil.org.ar\/actividades-culturales\/\">Espacio Cultural Embajada del Brasil<\/a> (Galerie der brasilianischen Botschaft), Arroyo 1142. Mo-Fr 12-19, Sa 11-16 Uhr. Eintritt frei. Seit 26.6.<\/li>\n<li>&#8220;Pasado\/Presente&#8221;, Werke der Sammlung Neue Technologien des Centre Pompidou, Paris. Auswahl: Christine Van Assche. Installationen von Nam June Paik, Bruce Nauman, Zineb Sedira, Chris Marker, Mik Aernout, Tony Oursler, Vito Acconci und Thierry Kuntzel. Espacio Fundaci\u00f3n Telef\u00f3nica, Arenales 1540. Mo-Sa 14-20.30 Uhr. Eintritt frei. 2.7.-15.9.<\/li>\n<li>&#8220;<a href=\"http:\/\/www.ciutatsocasionals.net\/\">Post It City<\/a> \/ Ciudades Ocasionales \/ Buenos Aires&#8221;. Espacio Casa de Cultura, Av. de Mayo 575. 7.7.-26.8.<\/li>\n<li>Jos\u00e9 Luis Anzizar, &#8220;Urban Birdwatching&#8221;, mixed media. \/ Juan Batalla, &#8220;Lo otro&#8221;, Skulpturen. &#8220;Espacio Abierto&#8221;. <a href=\"http:\/\/www.elsidelrio.com.ar\/\">Elsi del Rio Arte Contempor\u00e1neo<\/a>, Humboldt 1510, Palermo Hollywood. Di-Fr 14-20, Sa 11-15 Uhr. 14.7.-3.9.<\/li>\n<li>Mariano Gonz\u00e1lez und Camilo Guinot, &#8220;Amabilis Insania&#8221;. <a href=\"http:\/\/www.roart.com.ar\/\">RO Galer\u00eda de Arte<\/a>, Paran\u00e1 1158. Mo-Fr 14-20 Uhr. 15.7.-13.8.<\/li>\n<li>Rosemarie Allers, Gem\u00e4lde. \/ Gastk\u00fcnstler: Alejandro Haloua, Mischtechniken. <a href=\"http:\/\/www.vandergrijn.com\/\">Asociaci\u00f3n Amigos Erik Adriaan van der Grijn<\/a>, Humberto Primo 313\/5, P.B. (Erdgeschoss) &#8220;B&#8221; und &#8220;C&#8221;. Do und Fr 12-19, Sa 12-15 Uhr. 20.7.-31.8.<\/li>\n<li>Alejandra Mizrahi, Ausstellung\/Performance. <a href=\"http:\/\/www.isidromiranda.com.ar\/galeria.php\">Galer\u00eda Isidro Miranda<\/a>, Estados Unidos 726, San Telmo. Mo-Fr 12-19 Uhr. 21.7.-9.8.<\/li>\n<li>Fabi\u00e1n Attila, &#8220;Puentes&#8221;. Galer\u00eda Atica, Libertad 1240, PB (Erdgeschoss) &#8220;9&#8221;. Mo-Fr 11-13 und 15-20, Sa 11-13.30 Uhr. 27.7.-21.8.<\/li>\n<li>Libero Badii, Skulpturen und Gem\u00e4lde. \/ Gastk\u00fcnstler: Heriberto Zorrilla. \/ Gemeinschaftsausstellung &#8220;Lo contempor\u00e1neo en las artes 2010&#8221;. Foro de Arte, Carranza 2003. Di-Sa 12.30-20 Uhr. 29.7.-19.8.<\/li>\n<li>&#8220;Inconsciente \u00f3ptico&#8221;, Videos von Becca Albee, Gabriela Golder und Paola Sferco. Kuratorin: Leticia El Halli Obeid. <a href=\"http:\/\/www.arte713.com\/Home.aspx\">713 Arte Contempor\u00e1neo<\/a>, Defensa 713, San Telmo. Mo-Fr 14-20, Sa 14-18 Uhr. 29.7.-11.9.<\/li>\n<li>Ver\u00f3nica G\u00f3mez, &#8220;Heladas Blancas y Negras&#8221;, Zeichnungen. Sapo Dibujo Contempor\u00e1neo, Town House Soho, Thames 2151, Palermo Soho. 29.7.-12.9. F\u00fcr die Vereinbarung von Besuchsterminen: sapogaleria@gmail.com.<\/li>\n<li>Luc\u00eda Spotorno, &#8220;Panor\u00e1mica&#8221;, Gem\u00e4lde. <a href=\"http:\/\/www.delinfinitoarte.com.ar\/\">Del Infinito Arte<\/a>, Av. Quintana 325, PB (Erdgeschoss). Seit 29.7.<\/li>\n<li>Leopoldo Presas (1915-2009), Gem\u00e4lde, &#038; Santiago Cogorno (1915-2001), Skulpturen, Hommage-Ausstellung. \/ Silvia Sergi, &#8220;Im\u00e1genes de la vida y los paisajes del Delta&#8221; (Bilder vom Leben und den Landschaften des Deltas). Im Rahmen des <a href=\"http:\/\/www.encuentrosabiertos.com.ar\/sitio\/contenidod.php\">Festival de la Luz<\/a> 2010. <a href=\"http:\/\/www.mat.gov.ar\/\">Museo de Arte Tigre (MAT)<\/a>, Paseo Victorica 972. Mi-Fr 9-19, Sa, So und feiertags 12-19 Uhr. Seit 31.7.<\/li>\n<li>&#8220;Diab\u00f3licas empanadas&#8221;, Werke von Diego Perrotta und Omar Panosetti. Museo Municipal de Bellas Artes de Tandil (Mumbat), Chacabuco 357, Tandil. Seit 31.7.<\/li>\n<li>&#8220;Taller en Tr\u00e1nsito&#8221; (Provisorisches Atelier). Vier K\u00fcnstler arbeiten im Monat August live in der Galerie, womit ein Austausch zwischen den Kunstschaffenden und dem Publikum erm\u00f6glicht werden soll, und zwar sonntags, dienstags und donnerstags von 14 bis 18 Uhr. 1.8.-5.8.: Diego Cossettini. 8.8.-12.8.: Sof\u00eda Watson. 15.8.-19.8.: Carolina Dutari. 22.8.-28.8.: Luc\u00eda Kuschnir. Decastelli Arte, Chile 354, San Telmo. So-Do 11-18 Uhr. 1.8.-28.8.<\/li>\n<li>&#8220;Sal\u00f3n Textil Argentino&#8221;. Bolsa de Comercio de Bs.As., Av. de Mayo 359. Mo-Fr 11-19 Uhr. 2.8.-13.8.<\/li>\n<li>Sebasti\u00e1n Pastorino, &#8220;Roscas, monumentos y los otros&#8221;. <a href=\"http:\/\/www.pabellon4.com\/\">Pabell\u00f3n 4 Arte Contempor\u00e1neo<\/a>, Uriarte 1332, Palermo. Mo-Sa 16-20 Uhr. 3.8.-28.8.<\/li>\n<li>Liliana Golubinsky, &#8220;Visiones&#8221;, Gem\u00e4lde. <a href=\"http:\/\/www.rubbers.com.ar\/\">Galer\u00eda Rubbers Internacional<\/a>, Av. Alvear 1595. Mo-Fr 11-20, Sa 11-13.30 Uhr. 4.8.-28.8.<\/li>\n<li>Mauro Koliva (Misiones), &#8220;No&#8221;, dibujos y esculturas. <a href=\"http:\/\/www.galeriavasari.com.ar\/\">Galer\u00eda Vasari<\/a>, Esmeralda 1357. Lun-Vie 11-20 hs. 04.08.-15.09.<\/li>\n<li><a href=\"http:\/\/www.nubiaozzi.blogspot.com\/\">Nubia Ozzi<\/a>, &#8220;Sueltos y de paso&#8221;, Gem\u00e4lde. ICANA, 3 de Febrero 821, Belgrano. Mo-Fr 10-20 Uhr. 4.8.-27.8.<\/li>\n<li>Sebasti\u00e1n Ingrassia, &#8220;Traumland&#8221;, Fotos der Wolgadeutschen und ihrer Kultur. Im Rahmen des <a href=\"http:\/\/www.encuentrosabiertos.com.ar\/sitio\/contenidod.php\">Festival de la Luz<\/a> 2010. Espacio Fotogr\u00e1fico del Teatro de la Ribera, La Boca. So und Mo 10-17, Di-Sa 10-20 Uhr. Seit 4.8.<\/li>\n<li>Paola Vergottini, &#8220;Efecto Domin\u00f3&#8221;, Gem\u00e4lde. Centro Cultural San Martin, &#8220;Madres de Plaza de Mayo&#8221;-Saal (2. Stock), Sarmiento 1555. Seit 04.08.<\/li>\n<li><a href=\"http:\/\/www.martinbonadeo.com.ar\/\">Mart\u00edn Bonadeo<\/a>, &#8220;El cielo en la tierra&#8221; (Der Himmel auf Erden). Pabell\u00f3n de Bellas Artes de la UCA (Katholische Universit\u00e4t Argentiniens), Av. Alicia Moreau de Justo 1300, Erdgeschoss, Puerto Madero. Di-So 11-19 Uhr. Montags geschlossen. 5.8.-4.9.<\/li>\n<li>Josef Koudelka (Tschechische Republik), &#8220;Invasi\u00f3n 68 Praga&#8221;, Fotos. Im Rahmen des <a href=\"http:\/\/www.encuentrosabiertos.com.ar\/sitio\/contenidod.php\">Festival de la Luz<\/a> 2010. Espacio de Arte Fundaci\u00f3n OSDE, Suipacha 658, 1. Stock. Mo-Sa 12-20 Uhr. Eintritt frei. 5.8.-2.10.<\/li>\n<li>Daniel B\u00f6hm, &#8220;Racconto (Paisajes Privados)&#8221;, Fotos. Kuratorin: Fabiana Barreda. <a href=\"http:\/\/www.laurahaber.com.ar\/\">Galer\u00eda Laura Haber<\/a>, Juncal 885. Seit 5.8.<\/li>\n<li>Susana Saravia, Gem\u00e4lde. <a href=\"http:\/\/www.vanriel.com.ar\/\">Galer\u00eda van Riel<\/a>, Juncal 790, PB (Erdgeschoss). Mo-Fr 15-20 Uhr. 5.8.-27.8.<\/li>\n<li>&#8220;Migrantes&#8221;, Fotos von Rafael Echaniz, Pablo Masino, Viviana Portnoy und Andr\u00e9s Wertheim. Im Rahmen des <a href=\"http:\/\/www.encuentrosabiertos.com.ar\/sitio\/contenidod.php\">Festival de la Luz<\/a> 2010. Salas Federales, San Mart\u00edn 857. Mo-Fr 12-19 Uhr. Seit 5.8.<\/li>\n<li>&#8220;Cicatrices&#8221;, Fotos von Hugo Aveta, C\u00e9sar Giaginto, Sergio Lamanna, Bel\u00e9n Majdalani, In\u00e9s Miguens, Cristina Monta\u00f1a, Daniel Muchiut, Gerardo Schachner, Sub (Kooperative). Im Rahmen des <a href=\"http:\/\/www.encuentrosabiertos.com.ar\/sitio\/contenidod.php\">Festival de la Luz<\/a> 2010. Espacio Ita\u00fa Cultural, Cerrito Ecke Viamonte. Mo-Fr 10-19.30 Uhr. Seit 6.8.<\/li>\n<li>&#8220;Sur Polar II &#8211; Arte en Ant\u00e1rtida&#8221; (Sur Polar II &#8211; Kunst in der Antarktis), urbane Interventionen. Werke von Lorraine Beaulieu (Kanada), Erika Blumenfeld (USA), Philippe Boissonnet (Kanada), Werner Dafeldecker (\u00d6sterreich), Lawrence English (Australien), Andrea Juan (Argentinien), Mireya Mas\u00f3 (Spanien), Ntsikelelo Ntshingila (S\u00fcdafrika), Amanda Rodr\u00edguez Alves (Brasilien), Dami\u00e1n Roth (Argentinien), Mat\u00edas Roth (Argentinien), Philip Samartzis (Australien), Marcela Santant\u00f3n (Argentinien), Marty St. James (Gro\u00dfbritannien). Centro Cultural de Espa\u00f1a en Buenos Aires (CCEBA), Filiale San Telmo, Humberto Primo Ecke Balcarce. Er\u00f6ffnung: 7.8., 13 Uhr. Bis 30.10.<\/li>\n<li>&#8220;Crisis: Un Cruce con las Artes&#8221;, die 40 Ausgaben der Kulturzeitschrift &#8220;Crisis&#8221;, die in den 70er Jahren erschien, und die Drucke bekannter K\u00fcnstler, die den ersten 20 Heften beigelegt waren. Kurator: Alberto Giudici. Centro Cultural de la Cooperaci\u00f3n, Abraham Vigo-Saal, Av. Corrientes 1543. Er\u00f6ffnung: 10.8., 19 Uhr.<\/li>\n<li>&#8220;Efervescente&#8221;. Erste Ausgabe der <a href=\"http:\/\/www.cceba.org.ar\/v3\/index.php?\">CCEBA<\/a>-Preise f\u00fcr Junge Kunst und Design in Argentinien + Das Beste der INJUVE-Preise f\u00fcr Junge Kunst und Design (Spanien). <a href=\"http:\/\/www.palaisdeglace.gov.ar\/\">Palais de Glace<\/a>, Posadas 1725. Di-Fr 12-20, Sa und So 10-20 Uhr. Eintritt frei. Er\u00f6ffnung: 12.8., 19 Uhr. Bis 12.9.<\/li>\n<\/ul>\n","protected":false},"excerpt":{"rendered":"<p>Click aqu\u00ed\u00ad para leer la versi\u00f3n en castellano. Ausstellungskalender 07\/08\/10-14\/08\/10 Von Susanne Franz Am 5. August wurde im &#8220;Pabell\u00f3n de las Bellas Artes&#8221; der Katholischen Universit\u00e4t von Buenos Aires (UCA) die Ausstellung &#8220;El cielo en la tierra&#8221; (Der Himmel auf Erden) des K\u00fcnstlers Mart\u00edn Bonadeo er\u00f6ffnet, der selbst Professor an der Uni ist. Der Doktor [&hellip;]<\/p>\n","protected":false},"author":1,"featured_media":0,"comment_status":"open","ping_status":"open","sticky":false,"template":"","format":"standard","meta":{"footnotes":""},"categories":[3],"tags":[],"class_list":["post-2891","post","type-post","status-publish","format-standard","hentry","category-kalender-agenda"],"_links":{"self":[{"href":"https:\/\/kunstinargentinien.com\/index.php\/wp-json\/wp\/v2\/posts\/2891","targetHints":{"allow":["GET"]}}],"collection":[{"href":"https:\/\/kunstinargentinien.com\/index.php\/wp-json\/wp\/v2\/posts"}],"about":[{"href":"https:\/\/kunstinargentinien.com\/index.php\/wp-json\/wp\/v2\/types\/post"}],"author":[{"embeddable":true,"href":"https:\/\/kunstinargentinien.com\/index.php\/wp-json\/wp\/v2\/users\/1"}],"replies":[{"embeddable":true,"href":"https:\/\/kunstinargentinien.com\/index.php\/wp-json\/wp\/v2\/comments?post=2891"}],"version-history":[{"count":36,"href":"https:\/\/kunstinargentinien.com\/index.php\/wp-json\/wp\/v2\/posts\/2891\/revisions"}],"predecessor-version":[{"id":2965,"href":"https:\/\/kunstinargentinien.com\/index.php\/wp-json\/wp\/v2\/posts\/2891\/revisions\/2965"}],"wp:attachment":[{"href":"https:\/\/kunstinargentinien.com\/index.php\/wp-json\/wp\/v2\/media?parent=2891"}],"wp:term":[{"taxonomy":"category","embeddable":true,"href":"https:\/\/kunstinargentinien.com\/index.php\/wp-json\/wp\/v2\/categories?post=2891"},{"taxonomy":"post_tag","embeddable":true,"href":"https:\/\/kunstinargentinien.com\/index.php\/wp-json\/wp\/v2\/tags?post=2891"}],"curies":[{"name":"wp","href":"https:\/\/api.w.org\/{rel}","templated":true}]}}