{"id":29,"date":"2005-01-01T20:29:11","date_gmt":"2005-01-01T23:29:11","guid":{"rendered":"http:\/\/kunstinargentinien.com\/index.php\/2005\/01\/01\/ropa-de-cama-con-pulpos-y-anarquia-light\/"},"modified":"2006-07-29T16:09:23","modified_gmt":"2006-07-29T19:09:23","slug":"ropa-de-cama-con-pulpos-y-anarquia-light","status":"publish","type":"post","link":"https:\/\/kunstinargentinien.com\/index.php\/2005\/01\/01\/ropa-de-cama-con-pulpos-y-anarquia-light\/","title":{"rendered":"Ropa de cama con pulpos y anarqu\u00eda &#8220;light&#8221;"},"content":{"rendered":"<p><a href=\"http:\/\/kunstinargentinien.com\/index.php\/2005\/01\/01\/tintenfischbettwasche-und-anarchie-light\/\">Klicken Sie hier, um die deutsche Version zu lesen.<\/a><\/p>\n<p><strong>Nuevos vientos en el Malba\/Colecci\u00f3n Costantini<\/strong><\/p>\n<p><em><strong>Por Susanne Franz<\/strong><\/em><\/p>\n<p><img decoding=\"async\" src=\"http:\/\/kunstinargentinien.com\/wp-content\/uploads\/coloso.jpg\" alt=\"El Coloso de Hern\u00e1n Marina\" align=right hspace=5 \/>Confundida, bajo por la escalera mec\u00e1nica, mientras mi mirada se fija en la escultura monumental de Hern\u00e1n Marina, &#8220;El coloso&#8221;. La gigantesca pero elegante silueta de un deportista detenido eternamente haciendo una lagartija arriba de las cabezas de los visitantes del Malba se va a ver s\u00f3lo hasta mediados de enero. &#8220;\u00bfA d\u00f3nde va el Coloso despu\u00e9s?&#8221;, pregunto, viajando escalera abajo, a la encargada de prensa del museo. Flotando a su lado est\u00e1 In\u00e9s Katzenstein, curadora del Malba. Dice: &#8220;A Rodas.&#8221; C\u00f3mo nos re\u00edmos.<\/p>\n<p>Un poco antes, arriba en el segundo piso, ya no sab\u00eda si re\u00edrme o llorar. Katzenstein y el curador en jefe de Malba, Marcelo Pacheco, hab\u00edan presentado para la prensa algunas de las obras que se sumaron a la Colecci\u00f3n Costantini en el a\u00f1o 2004. Desde el 10 de diciembre el p\u00fablico las puede ver en el marco de la muestra &#8220;Donaciones, adquisiciones y comodatos&#8221;.<\/p>\n<p>Incr\u00e9dula, deb\u00eda enterarme de que<!--more--> una s\u00e1bana rayada de azules y blancos con un pulpo pintado encima (Feliciano Centuri\u00f3n), una lecci\u00f3n en anarqu\u00eda &#8220;light&#8221; de Magdalena Jitrik, un balde de limpieza con escoba de fregar m\u00e1s un radiograbador con varios enchufes de Diego Bianchi y dos fotos pasables, pero no precisamente excelentes de Alberto Goldenstein tienen ahora el privilegio de llamarse parte de la Colecci\u00f3n Costantini.<\/p>\n<p>Justo al lado, obras conmovedoras de V\u00edctor Grippo o Liliana Porter, que son un hallazgo para la Colecci\u00f3n; y tambi\u00e9n piezas muy inteligentes de Cristina Piffer o Jorge Macchi, que la enriquecen.<\/p>\n<p>Cuando Pacheco dijo durante la presentaci\u00f3n que &#8220;el Malba&#8221; hab\u00eda comprado tal obra, o tal obra la hab\u00edan dado en comodato &#8220;al Malba&#8221;, me empec\u00e9 a preguntar si el Malba y la Colecci\u00f3n Costantini eran todav\u00eda la misma cosa.<\/p>\n<p>El Malba fue fundado en septiembre de 2001 para albergar la Colecci\u00f3n Costantini. Logr\u00f3 para Buenos Aires una atracci\u00f3n enorme. El primer director del museo, el mexicano Agust\u00edn Arteaga \u2014quien lamentablemente, despu\u00e9s de la crisis, dejo atr\u00e1s el Malba y el pa\u00eds\u2014 supo destacar la importancia de la colecci\u00f3n de manera inteligente, mostr\u00e1ndola desde \u00e1ngulos diferentes. Mantuvo un equilibrio entre la colecci\u00f3n de la casa y las siempre excelentes muestras externas.<\/p>\n<p><img decoding=\"async\" src=\"http:\/\/kunstinargentinien.com\/wp-content\/uploads\/recoleccion.jpg\" alt=\"Aspecto de la 'Re-Colecci\u00f3n'\" align=left hspace=5 \/>Hablando de estas cosas fr\u00e1giles: abajo, tras el viaje en escalera mec\u00e1nica, es donde perd\u00ed lo que quedaba de mi equilibrio interior. En el espacio reservado para el ciclo de exposiciones &#8220;Contempor\u00e1neo&#8221; \u2014donde se vieron muestras excepcionales e inteligentes en los \u00faltimos tiempos, casi sin excepci\u00f3n\u2014 se ve ahora la muestra N\u00ba 11, la denominada &#8220;Re-Colecci\u00f3n&#8221;. Es un rejunte salvaje de obras chicas de alrededor de 200 artistas que parecen entrar todos m\u00e1s o menos en la &#8220;escena cool&#8221; de estos d\u00edas. Las obras fueros coleccionadas por tres artistas que hacen montajes de muestras en el Malba: Fernando Brizuela, Mariano Dal Verme y Beto De Volder.<\/p>\n<p>Escriben los tres &#8220;Re-colectores&#8221;: &#8220;La &#8216;Re-colecci\u00f3n&#8217; es amorfa y cambiante; es un proceso. No muestra ni pretende mostrar tendencias, estilos o hilos conductores.&#8221; Eso es obvio. La &#8220;Re-Colecci\u00f3n&#8221; no sirve ning\u00fan prop\u00f3sito, es puro exhibicionismo. Lo cual tendr\u00e1 la virtud de su propio derecho a existir. \u00bfPero en el Malba?<\/p>\n<p>Una exposici\u00f3n en el Malba significa una cierta legitimaci\u00f3n para los artistas en cuesti\u00f3n. En el caos de la &#8220;Re-Colecci\u00f3n&#8221; se pierde la individualidad de cada uno de los artistas involucrados. No hace justicia a ninguno: es, al contario, una enorme falta de respeto.<\/p>\n<p><em>El art\u00edculo sali\u00f3 el 24\/12\/2004 en el &#8220;Argentinisches Tageblatt&#8221;.<\/em><\/p>\n","protected":false},"excerpt":{"rendered":"<p>Klicken Sie hier, um die deutsche Version zu lesen. Nuevos vientos en el Malba\/Colecci\u00f3n Costantini Por Susanne Franz Confundida, bajo por la escalera mec\u00e1nica, mientras mi mirada se fija en la escultura monumental de Hern\u00e1n Marina, &#8220;El coloso&#8221;. La gigantesca pero elegante silueta de un deportista detenido eternamente haciendo una lagartija arriba de las cabezas [&hellip;]<\/p>\n","protected":false},"author":1,"featured_media":0,"comment_status":"open","ping_status":"open","sticky":false,"template":"","format":"standard","meta":{"footnotes":""},"categories":[1],"tags":[],"class_list":["post-29","post","type-post","status-publish","format-standard","hentry","category-allgemein-general"],"_links":{"self":[{"href":"https:\/\/kunstinargentinien.com\/index.php\/wp-json\/wp\/v2\/posts\/29","targetHints":{"allow":["GET"]}}],"collection":[{"href":"https:\/\/kunstinargentinien.com\/index.php\/wp-json\/wp\/v2\/posts"}],"about":[{"href":"https:\/\/kunstinargentinien.com\/index.php\/wp-json\/wp\/v2\/types\/post"}],"author":[{"embeddable":true,"href":"https:\/\/kunstinargentinien.com\/index.php\/wp-json\/wp\/v2\/users\/1"}],"replies":[{"embeddable":true,"href":"https:\/\/kunstinargentinien.com\/index.php\/wp-json\/wp\/v2\/comments?post=29"}],"version-history":[{"count":0,"href":"https:\/\/kunstinargentinien.com\/index.php\/wp-json\/wp\/v2\/posts\/29\/revisions"}],"wp:attachment":[{"href":"https:\/\/kunstinargentinien.com\/index.php\/wp-json\/wp\/v2\/media?parent=29"}],"wp:term":[{"taxonomy":"category","embeddable":true,"href":"https:\/\/kunstinargentinien.com\/index.php\/wp-json\/wp\/v2\/categories?post=29"},{"taxonomy":"post_tag","embeddable":true,"href":"https:\/\/kunstinargentinien.com\/index.php\/wp-json\/wp\/v2\/tags?post=29"}],"curies":[{"name":"wp","href":"https:\/\/api.w.org\/{rel}","templated":true}]}}