{"id":296,"date":"2006-03-24T00:01:51","date_gmt":"2006-03-24T03:01:51","guid":{"rendered":"http:\/\/kunstinargentinien.com\/index.php\/2006\/03\/24\/agenda-kalender-5\/"},"modified":"2006-05-01T20:11:53","modified_gmt":"2006-05-01T23:11:53","slug":"agenda-kalender-5","status":"publish","type":"post","link":"https:\/\/kunstinargentinien.com\/index.php\/2006\/03\/24\/agenda-kalender-5\/","title":{"rendered":"Agenda \/ Kalender"},"content":{"rendered":"<p><a href=\"http:\/\/kunstinargentinien.com\/index.php\/2006\/03\/24\/kalender-agenda-7\/\">Klicken Sie hier, um die deutsche Version zu lesen.<\/a><\/p>\n<p><strong>Agenda de Muestras 25\/03\/06-01\/04\/06<\/strong><\/p>\n<p><img decoding=\"async\" id=\"image325\" alt=ale2.jpg src=\"http:\/\/kunstinargentinien.com\/wp-content\/uploads\/2006\/04\/ale2.jpg\" \/><br \/>\n<em>Fotos de Alejandra Urresti en el Centro Cultural de Espa\u00f1a de Buenos Aires (CCEBA).<\/em><\/p>\n<p><em><strong>Centros de exposiciones<\/strong><\/em><\/p>\n<ul>\n<li>Centro Cultural de Espa\u00f1a en Buenos Aires (CCEBA), Florida 943 (Lun-Vie 10.30-20 hs): &#8220;Miradas Breves. Video contempor\u00e1neo de Espa\u00f1a&#8221;. Curador: Mario Flecha. Obras de Jordi Colomer, Colectivo El Perro (Pablo Espa\u00f1a, Iv\u00e1n L\u00f3pez y Ram\u00f3n Mateos), Dora Garc\u00eda, Mireya Mas\u00f3, Mabel Palac\u00edn y Jaime Pitarch (Sala principal) \/ Pablo Rosales, &#8220;Otro Apuntalamiento a lo moderno&#8221;, instalaci\u00f3n (Vidriera) \/ Pablo La Padula, &#8220;Gabinete&#8221;, instalaci\u00f3n (Vitrina) \/ Ver\u00f3nica Vides, &#8220;Trabajo barato&#8221;, intervenci\u00f3n (Microespacio 3) \/ Luciano Giambastiani, &#8220;Sonitario&#8221;, instalaci\u00f3n sonora (Microespacio 3) \/ Mart\u00edn Bonadeo, &#8220;Circuito cerrado de arte&#8221;, instalaci\u00f3n (Microespacio &#8220;i&#8221;) \/ &#8220;Concresis. Arte sonoro \/ M\u00fasica Experimental&#8221;. Elecci\u00f3n de las obras: Luis Orias Diz. Obras de Claudio Alsuyet, Francisco Colasanto, Juan Carlos Figueiras, Jorge Diego V\u00e1zquez, Jorge Rapp, Fernando Mart\u00edn Schulmeier, Sebastian F. Zambrana \/ Alejandra Urresti y Ra\u00fal Flores, proyecciones de fotos (Punto de encuentro) \/ Cecilia Gros, &#8220;Primeras obras&#8221; \/ &#8220;Caleidoscopios&#8221;, arte en la Web (WWW.CCEBA.ORG.AR). obras de Rafael Lozano-Hemmer (M\u00e9xico), Sergi Jord\u00e1 (Espa\u00f1a), Julia Masvernat (Argentina), Cristian Oyarz\u00fan (Chile), Carlos Trilnick (Argentina), Daniela Kutschat (Brasil) y Rejane Cant\u00f3n (Brasil). Elecci\u00f3n: Gustavo Romano. 15.3.-5.5.<\/li>\n<p><!--more--><\/p>\n<li>MALBA (Museo de Arte Latinoamericano de Buenos Aires), Av. Figueroa Alcorta 3415 (martes cerrado; entrada 10 pesos): Fabi\u00e1n Marcaccio, &#8220;Ezeiza Paintant&#8221;, intervenci\u00f3n (Terraza). Hasta Mayo 06. \/ &#8220;Gego, entre la transparencia y lo invisible&#8221;; Curadora: Mari Carmen Ram\u00edrez. 14.3.-15.5.<\/li>\n<li>Centro Cultural Recoleta, Jun\u00edn 1930 (Mar-Vie 14-21, Sab, Dom y feriados 10-21 hs, entrada 1 peso): &#8220;30 a\u00f1os. Est\u00e9ticas de la memoria&#8221;. 9.3.-2.4. \/ Eduardo Stup\u00eda, obras 1971-2006 (Sala Cronopios). 9.3.-16.4. \/ Jens Meyer (Alemania), &#8220;Espacio-luz-concepci\u00f3n&#8221;, instalaci\u00f3n, collages, dibujos (Sala &#8220;J&#8221;). 9.3.-2.4. \/ Sergio Gutman (M\u00e9xico), &#8220;C\u00edrculo Cuadrado&#8221; (Sala &#8220;C&#8221;). 9.3.-16.4.<\/li>\n<li>Centro Cultural Borges, Viamonte\/San Mart\u00edn (Lun-Sab 11-21, Dom 12-21 hs, entrada 3 pesos; Capa: 8 pesos): M\u00f3nica Goldstein, &#8220;Rollos de Taa-Ga&#8221;, libros de artista, pinturas. 2.3.-26.3. \/ Bruno Sfeir (Uruguay), &#8220;Certezas subjetivas&#8221;, pinturas. 2.3.-26.3. \/ Sylvie Barabino (Italia), &#8220;A traverso&#8221;, fotos. 7.3.-31.3. \/ &#8220;Fervor 145&#8221;, obras de Sof\u00eda Bothlingk, Victoria Mussoto, Agustina N\u00fa\u00f1ez, Mercedes P\u00e9rez San Mart\u00edn, Mariana Vidal y Ver\u00f3nica Virasoro. En el marco del proyecto &#8220;Borges\/Contempor\u00e1neo. Bis 26.3. \/ &#8220;Robert Capa, fot\u00f3grafo&#8221;. 7.3.-25.4.<\/li>\n<li>Museo Nacional de Bellas Artes, Av. del Libertador 1473 (Mar-Dom 12.30-19.30, Sab 10.30-19.30 hs): &#8220;Estudio Witcomb en la Colecci\u00f3n del MNBA&#8221;. Desde 16.3. \/ &#8220;Arte Holand\u00e9s del Patrimonio del MNBA&#8221;. Desde 30.3. \/ &#8220;Homenaje a Rembrandt&#8221; (17 artistas contempor\u00e1neos). Desde 30.3.<\/li>\n<li>Teatro San Mart\u00edn, Av. Corrientes 1530 (todos los d\u00edas Lun-Vie desde 11 hs, Sab y Dom desde 12 hs, hasta el final de los espect\u00e1culos): Pedro Linger Gasiglia, &#8220;El Mozote, 20 a\u00f1os despu\u00e9s&#8221;, ensayo fotogr\u00e1fico (FotoGaler\u00eda). 7.3.-1.4. \/ &#8220;Im\u00e1genes de la memoria&#8221;, muestra de la &#8220;Fundaci\u00f3n Memoria Abierta&#8221;, fotos, documentos, cartas (Hall Central Carlos Morel). Todos los d\u00edas 10.30-21.30 hs. 16.3.-9.4.<\/li>\n<\/ul>\n<p><em>Otras exposiciones<\/em><\/p>\n<ul>\n<li>Mart\u00edn Kovensky, &#8220;Terminaron las clases&#8221;. Papelera Palermo, Cabrera 5227. Lun-Vie 11-13 y 14-19, Sab 10-13 y 15-18 hs. 7.12.-fines de marzo.<\/li>\n<li>&#8220;Proyecto Paisajes&#8221;, 100 artistas, 500 obras. 1\/1 Caja de Arte, Nicaragua 5024. Lun-Vie 14.30-19.30, Sab 15-19 hs. Desde 4.3.<\/li>\n<li>Diego Bianchi, &#8220;Imperialismo Minimalismo&#8221;. Alberto Sendr\u00f3s, Pasaje Tres Sargentos 359. Lun-Vie 14-20 hs. 6.3.-6.4.<\/li>\n<li>Marino Santa Mar\u00eda, &#8220;10 fot\u00f3grafos recorren la calle Lan\u00edn&#8221; (obras de Marcelo Belforte, Alejandro Leveratto, Raquel Bigio, Alicia Lilo, Jorge Luis Campos, Marcelo Macagno, Roberto De Luca, Daniel Rodr\u00edguez, Julieta Escard\u00f3, Mauro Roll). Maip\u00fa 849. Lun-Vie 9-20, Sab 18-24 hs. 7.3.-7.4.<\/li>\n<li>Pablo Peinoso, &#8220;Mutant\u00f3polis&#8221;, dibujos y esculturas blandas. Elsi del R\u00edo Arte Contempor\u00e1neo, Ar\u00e9valo 1748, Palermo Hollywood. Mar-Vie 15-20, Sab 11-14 hs. 8.3.-15.4.<\/li>\n<li>Carlos Garaycochea, &#8220;Un mundo distinto&#8221;, Gem\u00e4lde. Cl\u00e1sica y Moderna, Av. Callao 892. Todos los d\u00edas 8-1 de la ma\u00f1ana. 11.3.-31.3.<\/li>\n<li>Javier Barilaro, &#8220;Nosotros&#8221; \/ Dani Umpi. Belleza y Felicidad, Acu\u00f1a de Figueroa 900. 11.3.-18.4.<\/li>\n<li>Jorge Labra\u00f1a, &#8220;Im\u00e1genes triviales de una rep\u00fablica extinguida: la RDA&#8221;, fotos. Foto Club Buenos Aires, Sala &#8220;Jos\u00e9 M. Porcallas&#8221;, San Jos\u00e9 181. Lun-Vie 14-22, Sab 9-17 hs. 13.3.-7.4.<\/li>\n<li>Claudia Balsategui, &#8220;Geometr\u00eda del Alma&#8221;. Atica, Libertad 1240, PB 9. Lun-Vie 11-13 y 15-20, Sab 11-13.30 hs. 13.3.-1.4.<\/li>\n<li>Silvina Lorena Mirasole, &#8220;7 Soles 7 Lunas&#8221;, pinturas (Sala II) \/ Guillermo Jones, &#8220;Psique&#8221;, fotos (Sala I) \/ Jos\u00e9 E. Nasello, video (Sala II). Pabell\u00f3n 4, Uriarte 1332. Lun-Sab 16-20 hs. 14.3.-1.4.<\/li>\n<li>Manfredi Beninati (Sala 1) \/ Karina Peisajovich (Sala 2) \/ Bruno Grisanti (Sala 3). Braga Men\u00e9ndez Arte Contempor\u00e1neo, Humboldt 1574. Lun-Vie 13-20, Sab 14-18 Uhr. Desde 14.3.<\/li>\n<li>Mara Facchin, &#8220;Recinto&#8221;, arte digital con objetos de Ana Lizaso. Del Infinito Arte, Av. Quintana 325. Desde 15.3.<\/li>\n<li>Enrique Ortiz. Mercedes Pinto Arte Contempor\u00e1neo, Arroyo 889, Loc. 19. Desde 15.3.<\/li>\n<li>&#8220;Siluetadas 83-84 &#8211; Una gesta popular&#8221;, fotos in\u00e9ditas de Guillermo Kexel, investigaci\u00f3n: Julio Flores. Curador: Alberto Giudici. Centro Cultural de la Cooperaci\u00f3n, Sala &#8220;Abraham Vigo&#8221;, Av. Corrientes 1543. Lun-Sab 11-22, Dom 17-22.30 hs. 16.3.-1.4.<\/li>\n<li>Elisa Strada, &#8220;Clases de Apoyo&#8221;, intervenci\u00f3n. Curadoras: Lucrecia Urbano y Eva Grinstein. &#8220;Galer\u00eda del Poste&#8221;, Centro Cultural Rojas, Av. Corrientes 2038. Desde 16.3.<\/li>\n<li>Fabio Risso, &#8220;Pintanubes&#8221; \/ Camilo Guinot (Sala 3). Appetite, Venezuela 638. Desde 16.3.<\/li>\n<li>Nuna Mangiante, &#8220;Cielo vac\u00edo&#8221;, fotos y dibujos. El Borde Arte Contempor\u00e1neo, Uriarte 1356. Lun-Sab 14-20 hs. 17.3.-15.4.<\/li>\n<li>Jacques Witjens (1881-1956), pinturas. Colecci\u00f3n Alvear de Zurbar\u00e1n, Av. Alvear 1658. Lun-Vie 10.30-21, Sab 10.30-13 hs. 20.3.-22.4.<\/li>\n<li>Enrique Rivarola, fotos. Modena Design, Av. Figueroa Alcorta 2270 (frente a la Facultad de Derecho). 20.3.-16.4.<\/li>\n<li>&#8220;IX. Premio Federico Jorge Klemm a las Artes Visuales&#8221; (artistas seleccionados: Anank\u00e9 Asseff, Marcela Astorga, Marino Balbuena, Isabel Chedufau, Lucio Dorr, Silvina D&#8217;Alessandro, Tom\u00e1s Espina, Carolina Espinel, Paula Fast, Claudia Fern\u00e1ndez, Gisela Filc, Sebasti\u00e1n Friedman, Eduardo Gil, Melina Rodr\u00edguez Giles, Ignacio Iasparra, Mar\u00eda Ester Joao, Benito Laren, Bobby Lightowler, Lux Lindner, Gustavo Lozano, Leonel Luna, Rosal\u00eda Maguid, Nuna Mangiante, Hern\u00e1n Marina, Nicol\u00e1s Martella, Eric Martinet, Jorge Mi\u00f1o, Tatiana Parcero, Rosana Schoijett, Guillermo Srodek Hart, Barbara Steimberg, Luis Ter\u00e1n, Nicol\u00e1s Trombetta, M\u00f3nica Van Asperen) \/ &#8220;Im\u00e1genes de Federico Klemm&#8221;. Fundaci\u00f3n Federico Jorge Klemm\/Academia Nacional de Bellas Artes, Marcelo T. de Alvear 626. Lun-Vie 11-20 hs. Desde 21.3.<\/li>\n<li>Tatiana Parcero, &#8220;Re-Invento&#8221;, fotos. Tono Rojo, E. Schiaffino 2183. Todos los d\u00edas 11-24 hs. 21.3.-27.5.<\/li>\n<li>Mareile Gotza (Alemania), fotos \/ Mario Baigorria \/ Salvador Batalla. arte x arte, Lavalleja 1062. Lun-Sab 13-19 hs. Desde 22.3.<\/li>\n<li>Carlos Scaglione, &#8220;Zagala, o la m\u00edstica de los cuerpos&#8221;. El Puente Galer\u00eda de Arte, Arenales 834. Lun-Sab 13-19 hs. 22.3.-21.4.<\/li>\n<li>Vuillermet. Wussmann, Venezuela 570. Desde 22.3.<\/li>\n<li>&#8220;Memoria &#8211; a 30 a\u00f1os del golpe de estado&#8221;, documentos, fotos, tapas de la revista &#8220;Humor&#8221;, muestra de arte inspirada en la canci\u00f3n &#8220;La memoria&#8221; de Le\u00f3n Gieco (obras de 25 artistas, entre otros Remo Bianchedi, Diana Chorne, Le\u00f3n Ferrari, Carlos Gorriarena, Eduardo Molinari, Felipe No\u00e9, Omar Panosetti, Ernesto Pesce, Provisorio\/Permanente, Mariana Schapiro, Clorindo Testa, Carlos Trilnick, Luis Wells). Palais de Glace, Posadas 1725. Mar-Dom 14-20 hs. 23.3.-16.4.<\/li>\n<li>Proyecto de la galer\u00eda de arte alternativa ROSA CHANCHO. En el transcurso del 2006, 13 artistas y te\u00f3ricos desarrollan obras de una manera inovativa, tomando tres roles: Ventana: Luciana Lamothe, Carlos Huffmann, Noelia Yagmourian, Andrea Cavagnaro y Orilo Blandini; Veedores: Silvia Gurfein, Nancy Rojas, Ver\u00f3nica G\u00f3mez, Miguel Mitlag y Octavio Garabello; y Par\u00e1sito: Leandro Tartaglia y Provisorio\/Permanente. Rosa Chancho, Dorrego 1573. Desde 23.3.<\/li>\n<li>TAROT(ART)ISTAS (obras de Diego Perrotta, Gabriel Gr\u00fcn, Claudia Melo, B\u00e1rbara Steimberg y Dani Dan). Curador: Julio S\u00e1nchez. Curso de Tarot de Ana Zetina. Lecturas de Claudia Melo (turnos: 4394-0779). Galer\u00eda Holz, Arroyo 862. Lun-Vie 10-20, Sab 10-14 hs. 23.3.-20.4.<\/li>\n<li>&#8220;Im\u00e1genes de la d\u00e9cada peronista, 1945-1955&#8221;, fotos, afiches, libros, videos, m\u00fasica de la \u00e9poca. Museo de la Universidad Nacional de Tres de Febrero, Valent\u00edn G\u00f3mez 4838, Caseros. Hasta 29.3.<\/li>\n<li>Eduardo Kac, &#8220;Obras vivas y en Red, fotograf\u00edas y otros trabajos&#8221;. Curadora: Graciela Taquini. Espacio Fundaci\u00f3n Telef\u00f3nica, Arenales 1540. Inauguraci\u00f3n: 27.3., 19 hs.<\/li>\n<li>Stella Sidi, &#8220;Ficciones y Fricciones (en el aire)&#8221;, pinturas e instalaci\u00f3n sonora de performances que se hicieron en el 2004\/2005 en el programa de radio de Stella Sidi (&#8220;Pinceladas y otros Condimentos&#8221;, Radio Cultura FM 97.9). &#8220;Gabinete de Arte y Pol\u00edtica&#8221;, Galer\u00eda Arcimboldo, Reconquista 761, PA 14. Lun-Vie 15-19, Sab 11-13 hs. Inauguraci\u00f3n: 27.3., 19-21 hs. Hasta 15.4.<\/li>\n<li>Ana Tarsia, &#8220;El diario, diario&#8221;, t\u00e9cnicas mixtas. Galer\u00eda Arcimboldo, Reconquista 761, PA 14. Lun-Vie 15-19, Sab 11-13 Uhr. Inauguraci\u00f3n: 27.3., 19-21 hs. Hasta 15.4.<\/li>\n<li>Guillermo Tazelaar, &#8220;Casi Org\u00e1nico&#8221;, esculturas. AGALMA, Libertad 1389. Lun-Vie 12-20, Sab 11-13.30 hs. Inauguraci\u00f3n: 28.3., 19-21.30 hs.<\/li>\n<li>Miguel Ocampo. Coppa Oliver Arte, Talcahuano 1287. Inauguraci\u00f3n: 29.3., 19 hs.<\/li>\n<li>Claudia Bonder, &#8220;Reflejo de mujer&#8221;, fotos. Fotogaler\u00eda de la Universidad de Palermo, Jean Jaur\u00e9s 932\/36. Lun-Vie 8-22 hs. Inauguraci\u00f3n: 31.3., 19 hs. Hasta 20.4.<\/li>\n<\/ul>\n","protected":false},"excerpt":{"rendered":"<p>Klicken Sie hier, um die deutsche Version zu lesen. Agenda de Muestras 25\/03\/06-01\/04\/06 Fotos de Alejandra Urresti en el Centro Cultural de Espa\u00f1a de Buenos Aires (CCEBA). Centros de exposiciones Centro Cultural de Espa\u00f1a en Buenos Aires (CCEBA), Florida 943 (Lun-Vie 10.30-20 hs): &#8220;Miradas Breves. Video contempor\u00e1neo de Espa\u00f1a&#8221;. Curador: Mario Flecha. Obras de Jordi [&hellip;]<\/p>\n","protected":false},"author":1,"featured_media":0,"comment_status":"open","ping_status":"open","sticky":false,"template":"","format":"standard","meta":{"footnotes":""},"categories":[3],"tags":[],"class_list":["post-296","post","type-post","status-publish","format-standard","hentry","category-kalender-agenda"],"_links":{"self":[{"href":"https:\/\/kunstinargentinien.com\/index.php\/wp-json\/wp\/v2\/posts\/296","targetHints":{"allow":["GET"]}}],"collection":[{"href":"https:\/\/kunstinargentinien.com\/index.php\/wp-json\/wp\/v2\/posts"}],"about":[{"href":"https:\/\/kunstinargentinien.com\/index.php\/wp-json\/wp\/v2\/types\/post"}],"author":[{"embeddable":true,"href":"https:\/\/kunstinargentinien.com\/index.php\/wp-json\/wp\/v2\/users\/1"}],"replies":[{"embeddable":true,"href":"https:\/\/kunstinargentinien.com\/index.php\/wp-json\/wp\/v2\/comments?post=296"}],"version-history":[{"count":0,"href":"https:\/\/kunstinargentinien.com\/index.php\/wp-json\/wp\/v2\/posts\/296\/revisions"}],"wp:attachment":[{"href":"https:\/\/kunstinargentinien.com\/index.php\/wp-json\/wp\/v2\/media?parent=296"}],"wp:term":[{"taxonomy":"category","embeddable":true,"href":"https:\/\/kunstinargentinien.com\/index.php\/wp-json\/wp\/v2\/categories?post=296"},{"taxonomy":"post_tag","embeddable":true,"href":"https:\/\/kunstinargentinien.com\/index.php\/wp-json\/wp\/v2\/tags?post=296"}],"curies":[{"name":"wp","href":"https:\/\/api.w.org\/{rel}","templated":true}]}}