{"id":3087,"date":"2010-08-21T15:17:38","date_gmt":"2010-08-21T18:17:38","guid":{"rendered":"http:\/\/kunstinargentinien.com\/?p=3087"},"modified":"2010-08-22T13:25:13","modified_gmt":"2010-08-22T16:25:13","slug":"agenda-kalender-227","status":"publish","type":"post","link":"https:\/\/kunstinargentinien.com\/index.php\/2010\/08\/21\/agenda-kalender-227\/","title":{"rendered":"Agenda \/ Kalender"},"content":{"rendered":"<p><a href=\"http:\/\/kunstinargentinien.com\/index.php\/2010\/08\/21\/kalender-agenda-233\/\">Klicken Sie hier, um die deutsche Version zu lesen.<\/a><\/p>\n<p><strong>Agenda de Muestras 21\/08\/10-28\/08\/10<\/p>\n<p><em>Por Susanne Franz<\/em><\/strong><\/p>\n<p><a href=\"http:\/\/kunstinargentinien.com\/wp-content\/uploads\/2010\/08\/wussmann11.jpg\"><img loading=\"lazy\" decoding=\"async\" src=\"http:\/\/kunstinargentinien.com\/wp-content\/uploads\/2010\/08\/wussmann11.jpg\" alt=\"\" title=\"wussmann11\" width=\"250\" height=\"250\" class=\"alignleft size-full wp-image-3088\" srcset=\"https:\/\/kunstinargentinien.com\/wp-content\/uploads\/2010\/08\/wussmann11.jpg 250w, https:\/\/kunstinargentinien.com\/wp-content\/uploads\/2010\/08\/wussmann11-150x150.jpg 150w\" sizes=\"auto, (max-width: 250px) 100vw, 250px\" \/><\/a>El 18 de agosto, en la galer\u00eda <a href=\"http:\/\/wussmannblog.wordpress.com\/\">Wussmann<\/a>, se inaugur\u00f3 la muestra &#8220;PentaPack&#8221; de los talentosos artistas Mat\u00edas Dinenzon, Lino Divas (cuya obra ilustra la nota), Luciana Malfatti, Ramiro Oller y Nicol\u00e1s Ozuna. Los cinco artistas de entre 26 y 31 a\u00f1os provienen de la C\u00e1tedra Bissolino del IUNA, d\u00f3nde hicieron su licenciatura en Artes Visuales. Para su juventud, todos ya tienen una importante trayectoria de exposiciones. En esta oportunidad, muestran obras que impresionan por su frescura, la fuerza de sus colores y la rigurosidad de su estilo.<\/p>\n<p>En estos d\u00edas, la m\u00fasica juega un rol dominante en la vida cultural. Est\u00e1 en Buenos Aires el gran Daniel Barenboim para festejar en su ciudad natal sus 60 a\u00f1os en el escenario (actu\u00f3 por primera vez cuando ten\u00eda siete a\u00f1os). Despu\u00e9s de deslumbrar al p\u00fablico del <a href=\"http:\/\/www.teatrocolon.org.ar\/\">Teatro Col\u00f3n<\/a> la semana pasada (los conciertos siguen hasta el 25 de agosto), hoy a las 15 horas se presentar\u00e1 de manera gratuita en el Obelisco de Buenos Aires, junto a su famosa Orquesta &#8220;West-Eastern Divan&#8221;.<\/p>\n<p>El <a href=\"http:\/\/www.festivales.gov.ar\/011\/\">Festival de Tango<\/a> (13-31 de agosto) con eventos de m\u00fasica y baile est\u00e1 en &#8220;full swing&#8221;. El domingo 22 se compite por los t\u00edtulos en las categor\u00edas &#8220;Tango Sal\u00f3n&#8221; y &#8220;Tango Escenario&#8221;.<\/p>\n<p>El arte y la m\u00fasica se unir\u00e1n en la muestra de Jos\u00e9 Luis Anzizar en <a href=\"http:\/\/www.elsidelrio.com.ar\/\">Elsi del Rio<\/a>: El martes 24 de agosto, a las 19.30 hs., se sigue festejando los 10 a\u00f1os de la galer\u00eda con un concierto de jazz en vivo.<\/p>\n<p>Las muestras de la semana:<!--more--><\/p>\n<p><strong><em>Centros de exposiciones<\/em><\/strong><\/p>\n<ul>\n<li><a href=\"http:\/\/www.malba.org.ar\/web\/\">Malba<\/a> (Museo de Arte Latinoamericano de Buenos Aires), Av. Figueroa Alcorta 3415 (Jue-Lun y feriados 12-20 hs, mi\u00e9rcoles hasta 21 hs, martes cerrado. Entrada 18 pesos, docentes y jubilados 9 pesos, estudiantes 9 pesos, menores de 5 a\u00f1os gratis. Mi\u00e9rcoles: Entrada 6 pesos, docentes y jubilados 3 pesos, estudiantes gratis): &#8220;Geometr\u00eda en el siglo XX en la Daimler Art Collection&#8221;. Organizada por Mercedes-Benz Argentina. Curadora: Renate Wiehager. Sala 5 (2\u00ba piso). 12.08.-25.10. \/ Mart\u00edn Blaszko, &#8220;Proyecciones urban\u00edsticas&#8221;, esculturas. Terraza. 02.07.-20.09. \/ &#8220;Variaciones de los 90&#8221;, obras de la Colecci\u00f3n. Artistas representados: Eduardo Arauz, Sergio Avello, Elba Bairon, Leo Battistelli, Fabi\u00e1n Burgos, Dino Bruzzone, Feliciano Centuri\u00f3n, Nicola Costantino, Marina De Caro, Gustavo Di Mario, Manuel Esnoz, Ra\u00fal Flores, Alberto Goldenstein, Gumier Maier, Magdalena Jitrik, Daniel Joglar, Fabio Kacero, Fernanda Laguna, Liliana Maresca, Nushi Muntaabski, Esteban Pastorino, Cristina Piffer, Marcelo Pombo, Cristina Schiavi, Omar Schiliro. Alejandra Seeber, Pablo Siquier y Guillermo Ueno. Sala 3 (1\u00b0 piso). 22.07.-23.08.<\/li>\n<li><a href=\"http:\/\/www.mnba.org.ar\/\">Museo Nacional de Bellas Artes<\/a>, Av. del Libertador 1473 (Mar-Vie 12.30-19.30, S\u00e1b, Dom y feriados 9.30-19.30 hs. Entrada libre): &#8220;Berni: Narrativas argentinas&#8221;. 15.07.-12.09. \/ Brassa\u00ef (Gyula Hal\u00e1sz, Hungr\u00eda, 1899-1984), fotos. En el marco del <a href=\"http:\/\/www.encuentrosabiertos.com.ar\/sitio\/contenidod.php\">Festival de la Luz<\/a> 2010. Desde 03.08.<\/li>\n<li><a href=\"http:\/\/centroculturalrecoleta.org\/ccr-sp\/\">Centro Cultural Recoleta<\/a>, Jun\u00edn 1930 (Lun-Vie 14-21, S\u00e1b, Dom y feriados 10-21 hs): Enio Iommi, &#8220;El Filo del espacio. Obras 1945-2010&#8221;. Sala Cronopios. 05.08.-29.08. \/ Muestras en el marco del <a href=\"http:\/\/www.encuentrosabiertos.com.ar\/sitio\/contenidod.php\">Festival de la Luz<\/a> 2010.<\/li>\n<li>Museo Eduardo S\u00edvori, Av. Infanta Isabel 555, frente al puente del Rosedal (Mar-Vie 12-20, S\u00e1b, Dom y feriados 10-20 hs. Entrada $ 1, mi\u00e9rcoles y s\u00e1bados gratis): Jorge Abot, &#8220;Aguas de la memoria&#8221;, pinturas. 07.08.-05.09. \/ Pablo Flaiszman, &#8220;Retrato grabado&#8221;, grabados. Inauguraci\u00f3n: 28.08., 12 hs. Hasta 19.09. \/ Ra\u00fal Russo (1912-1984), &#8220;La lecci\u00f3n del color&#8221;. Inauguraci\u00f3n: 04.09., 12 hs. Hasta 10.10. \/ Milo Lockett, &#8220;Je\u2019Ta Rova Nde Che Yuy&#8221; (Los rostros de mi tierra). Inauguraci\u00f3n: 09.09., 19 hs. Hasta 17.10.<\/li>\n<li>FotoGaler\u00eda del Teatro San Mart\u00edn, Av. Corrientes 1530 (Lun-Vie desde las 12, S\u00e1b y Dom desde las 14 hs, hasta la finalizaci\u00f3n de las actividades del d\u00eda en el teatro. Entrada libre): En el marco del <a href=\"http:\/\/www.encuentrosabiertos.com.ar\/sitio\/contenidod.php\">Festival de la Luz<\/a> 2010: Tadeu Vilani (Brasil), &#8220;Polacos en el Nuevo mundo&#8221;, ensayo fotogr\u00e1fico. Salas del primer piso del Hall Central. 10.08.-05.09. \/ Francisco Bermejo (Chile), &#8220;Circo hoy&#8221;, ensayo fotogr\u00e1fico. Fotogaler\u00eda. 10.08.-05.09.<\/li>\n<li>Museo Benito Quinquela Mart\u00edn, Av. Don Pedro de Mendoza 1843, La Boca: &#8220;Ant\u00e1rtida, Expediciones a trav\u00e9s del arte&#8221;, fotos de Marcelo Gurruchaga, pinturas de Alberto Morales y Marina Curci. \/ Fernanda Piamonti, &#8220;Bajo Sur&#8221;, pinturas. Muestra organizada por &#8220;Empat\u00eda&#8221;. 07.08.-05.09.<\/li>\n<\/ul>\n<p><em><strong>Otras exposiciones<\/strong><\/em><\/p>\n<ul>\n<li>Andrea Juan y Jane Marsching, &#8220;Encuentro Polar&#8221;, fotos, videos. Fase II del Ciclo &#8220;Tributo a la Naturaleza&#8221;. Jard\u00edn Bot\u00e1nico, Av. Santa Fe 3951. Todos los d\u00edas 8-18 hs. 20.04.-20.09.<\/li>\n<li>Pablo Picasso, &#8220;La mirada del deseo&#8221;, m\u00e1s de 60 obras sobre papel en peque\u00f1o formato. Museo de la Universidad Nacional de Tres de Febrero (MUNTREF), Valent\u00edn G\u00f3mez 4838, Caseros, Prov. de Buenos Aires (frente a la estaci\u00f3n). Mar-Dom 11-20 hs. Visitas participativas: S\u00e1b 15.30 y 17 hs. Entrada libre. 28.05.-10.09.<\/li>\n<li>&#8220;Oscar Niemeyer \u2013 Un invento del tiempo&#8221;, una mirada no s\u00f3lo sobre sus principales obras arquitect\u00f3nicas, en el Brasil y en el mundo, sino tambi\u00e9n sobre sus incursiones en la creaci\u00f3n de mobiliario, su trabajo como editor de la revista &#8220;M\u00f3dulo&#8221;, su obra literaria y art\u00edstica. <a href=\"http:\/\/www.brasil.org.ar\/actividades-culturales\/\">Espacio Cultural Embajada del Brasil<\/a>, Arroyo 1142. Lun-Vie 12-19, S\u00e1b 11-16 hs. Entrada libre y gratuita. Desde 26.06.<\/li>\n<li>&#8220;Pasado\/Presente&#8221;, obras de la Colecci\u00f3n Nuevos Medios del Centre Pompidou, Par\u00eds. Selecci\u00f3n: Christine Van Assche. Instalaciones de Nam June Paik, Bruce Nauman, Zineb Sedira, Chris Marker, Mik Aernout, Tony Oursler, Vito Acconci y Thierry Kuntzel. Espacio Fundaci\u00f3n Telef\u00f3nica, Arenales 1540. Lun-S\u00e1b 14-20.30 hs. Entrada libre. 02.07.-15.09.<\/li>\n<li>&#8220;<a href=\"http:\/\/www.ciutatsocasionals.net\/\">Post It City<\/a> \/ Ciudades Ocasionales \/ Buenos Aires&#8221;. Espacio Casa de Cultura, Av. de Mayo 575. 07.07.-26.08.<\/li>\n<li>Jos\u00e9 Luis Anzizar, &#8220;Urban Birdwatching&#8221;, mixed media. \/ Juan Batalla, &#8220;Lo otro&#8221;, esculturas. Espacio Abierto. <a href=\"http:\/\/www.elsidelrio.com.ar\/\">Elsi del Rio Arte Contempor\u00e1neo<\/a>, Humboldt 1510, Palermo Hollywood. Mar-Vie 14-20, S\u00e1b 11-15 hs. 14.07.-03.09.<\/li>\n<li>Rosemarie Allers, pinturas. \/ Artista invitado: Alejandro Haloua, t\u00e9cnicas mixtas. <a href=\"http:\/\/www.vandergrijn.com\/\">Asociaci\u00f3n Amigos Erik Adriaan van der Grijn<\/a>, Humberto Primo 313\/5, P.B. &#8220;B&#8221; y &#8220;C&#8221;. Jue y Vie 12-19, S\u00e1b 12-15 hs. 20.07.-31.08.<\/li>\n<li>&#8220;Inconsciente \u00d3ptico&#8221;, videos de Becca Albee, Gabriela Golder y Paola Sferco. Curadora: Leticia El Halli Obeid. <a href=\"http:\/\/www.arte713.com\/Home.aspx\">713 Arte Contempor\u00e1neo<\/a>, Defensa 713, San Telmo. Lun-Vie 14-20, S\u00e1b 14-18 hs. 29.07.-11.09.<\/li>\n<li>Ver\u00f3nica G\u00f3mez, &#8220;Heladas Blancas y Negras&#8221;, dibujos. Sapo Dibujo Contempor\u00e1neo, Town House Soho, Thames 2151, Palermo Soho. 29.07.-12.09. Visitas: sapogaleria@gmail.com.<\/li>\n<li>Leopoldo Presas (1915-2009), pinturas, &#038; Santiago Cogorno (1915-2001), esculturas, muestra homenaje. \/ Silvia Sergi, &#8220;Im\u00e1genes de la vida y los paisajes del Delta&#8221;. En el marco del <a href=\"http:\/\/www.encuentrosabiertos.com.ar\/sitio\/contenidod.php\">Festival de la Luz<\/a> 2010. <a href=\"http:\/\/www.mat.gov.ar\/\">Museo de Arte Tigre (MAT)<\/a>, Paseo Victorica 972. Mi\u00e9-Vie 9-19, S\u00e1b, Dom y feriados 12-19 hs. Desde 31.07.<\/li>\n<li>&#8220;Diab\u00f3licas empanadas&#8221;, obras de Diego Perrotta y Omar Panosetti. Museo Municipal de Bellas Artes de Tandil (Mumbat), Chacabuco 357, Tandil. Desde 31.07.<\/li>\n<li>Sebasti\u00e1n Pastorino, &#8220;Roscas, monumentos y los otros&#8221;. <a href=\"http:\/\/www.pabellon4.com\/\">Pabell\u00f3n 4 Arte Contempor\u00e1neo<\/a>, Uriarte 1332, Palermo. Lun-S\u00e1b 16-20 hs. 03.08.-28.08.<\/li>\n<li>Liliana Golubinsky, &#8220;Visiones&#8221;, pinturas. <a href=\"http:\/\/www.rubbers.com.ar\/\">Galer\u00eda Rubbers Internacional<\/a>, Av. Alvear 1595. Lun-Vie 11-20, S\u00e1b 11-13.30 hs. 04.08.-28.08.<\/li>\n<li>Mauro Koliva (Misiones), &#8220;No&#8221;, dibujos y esculturas. <a href=\"http:\/\/www.galeriavasari.com.ar\/\">Galer\u00eda Vasari<\/a>, Esmeralda 1357. Lun-Vie 11-20 hs. 04.08.-15.09.<\/li>\n<li><a href=\"http:\/\/www.nubiaozzi.blogspot.com\/\">Nubia Ozzi<\/a>, &#8220;Sueltos y de paso&#8221;, pinturas. ICANA, 3 de Febrero 821, Belgrano. Lun-Vie 10-20 hs. 04.08.-27.08.<\/li>\n<li><a href=\"http:\/\/www.martinbonadeo.com.ar\/\">Mart\u00edn Bonadeo<\/a>, &#8220;El cielo en la tierra&#8221;. Pabell\u00f3n de Bellas Artes de la UCA (Universidad Cat\u00f3lica Argentina), Av. Alicia Moreau de Justo 1300, Planta Baja, Campus de Puerto Madero. Lun-S\u00e1b 11-19 hs. 05.08.-04.09. 04.09., 16.30 hs.: Presentaci\u00f3n del libro &#8220;Alba M\u00e1gica MMX&#8221; que resume los primeros diez a\u00f1os de la carrera del artista, a cargo de Fabiana Barreda, Alejandrina D\u00b4El\u00eda y Oliverio Duhalde.<\/li>\n<li>Josef Koudelka (Rep\u00fablica Checa), &#8220;Invasi\u00f3n 68 Praga&#8221;, fotos. En el marco del <a href=\"http:\/\/www.encuentrosabiertos.com.ar\/sitio\/contenidod.php\">Festival de la Luz<\/a> 2010. Espacio de Arte Fundaci\u00f3n OSDE, Suipacha 658, 1er piso. Lun-S\u00e1b 12-20 hs. Entrada libre y gratuita. 05.08.-02.10.<\/li>\n<li>Daniel B\u00f6hm, &#8220;Racconto (Paisajes Privados)&#8221;, fotos. Curadora: Fabiana Barreda. <a href=\"http:\/\/www.laurahaber.com.ar\/\">Galer\u00eda Laura Haber<\/a>, Juncal 885. Desde 05.08.<\/li>\n<li>Susana Saravia, pinturas. <a href=\"http:\/\/www.vanriel.com.ar\/\">Galer\u00eda van Riel<\/a>, Juncal 790, PB. Lun-Vie 15-20 hs. 05.08.-27.08.<\/li>\n<li>&#8220;Cicatrices&#8221;, fotos de Hugo Aveta, C\u00e9sar Giaginto, Sergio Lamanna, Bel\u00e9n Majdalani, In\u00e9s Miguens, Cristina Monta\u00f1a, Daniel Muchiut, Gerardo Schachner, Sub (Cooperativa de Fot\u00f3grafos). En el marco del <a href=\"http:\/\/www.encuentrosabiertos.com.ar\/sitio\/contenidod.php\">Festival de la Luz<\/a> 2010. Espacio Ita\u00fa Cultural, Cerrito y Viamonte. Lun-Vie 10-19.30 hs. Desde 06.08.<\/li>\n<li>&#8220;Sur Polar II &#8211; Arte en Ant\u00e1rtida&#8221;, intervenciones urbanas. Obras de Lorraine Beaulieu (Canad\u00e1), Erika Blumenfeld (EEUU), Philippe Boissonnet (Canad\u00e1), Werner Dafeldecker (Austria), Lawrence English (Australia), Andrea Juan (Argentina), Mireya Mas\u00f3 (Espa\u00f1a), Ntsikelelo Ntshingila (Sud\u00e1frica), Amanda Rodr\u00edguez Alves (Brasil), Dami\u00e1n Roth (Argentina), Mat\u00edas Roth (Argentina), Philip Samartzis (Australia), Marcela Santant\u00f3n (Argentina), Marty St. James (Gran Breta\u00f1a). Centro Cultural de Espa\u00f1a en Buenos Aires (CCEBA), Sede San Telmo, Humberto Primo y Balcarce. 07.08.-30.10.<\/li>\n<li>&#8220;Crisis: Un Cruce con las Artes&#8221;, los 40 n\u00fameros de la Revista Cultural de los a\u00f1os 70, y las serigraf\u00edas de destacados artistas que se incluyeron en los primeros 20 n\u00fameros. Curador: Alberto Giudici. Centro Cultural de la Cooperaci\u00f3n, Sala Abraham Vigo, Av. Corrientes 1543. Desde 10.08.<\/li>\n<li>Dornith Doherty, &#8220;Altered Terrain&#8221;. En el marco del <a href=\"http:\/\/www.encuentrosabiertos.com.ar\/sitio\/contenidod.php\">Festival de la Luz<\/a> 2010. Arcimboldo Galer\u00eda de Arte, Reconquista 761, PB &#8220;14&#8221;. Lun-Vie 15-19, S\u00e1b 11-13 hs. 10.08.-04.09.<\/li>\n<li>&#8220;Efervescente&#8221;. Lanzamiento de los Premios <a href=\"http:\/\/www.cceba.org.ar\/v3\/index.php?\">CCEBA <\/a>de Arte y Dise\u00f1o Joven Argentino + Lo mejor de los Premios INJUVE Creaci\u00f3n Joven Artes Visuales y Dise\u00f1o (Espa\u00f1a). <a href=\"http:\/\/www.palaisdeglace.gov.ar\/\">Palais de Glace<\/a>, Posadas 1725. Mar-Vie 12-20, S\u00e1b y Dom 10-20 hs. Entrada gratuita. 12.08.-12.09.<\/li>\n<li>&#8220;PentaPack, obras de Mat\u00edas Dinenzon, Lino Divas, Luciana Malfatti, Ramiro Oller y Nicol\u00e1s Ozuna. <a href=\"http:\/\/www.wussmann.com\/index.php\">Galer\u00eda Wussmann<\/a>, Venezuela 570. Desde 18.08.<\/li>\n<li>&#8220;Vacas Pocket y Hombres Afligidos&#8221; de Georgina Nu\u00f1ez y Eliseo Subiela Moglia. En el subsuelo de la Galer\u00eda <a href=\"http:\/\/www.neszona54.com.ar\/\">NES Zona 54<\/a>, Piedras 182. 18.08.-30.09.<\/li>\n<li>Mart\u00edn Riwnyj, &#8220;Naturaleza Urbana&#8221;. De Santi Galer\u00eda de Arte, Esmeralda 982. Lun-Vie 11-19 hs. 19.08.-20.10.<\/li>\n<li>&#8220;Taller en Tr\u00e1nsito&#8221;, espacio de intercambio entre el artista y el espectador. Durante agosto, cuatro artistas\/grupos de artistas trabajan en vivo en la galer\u00eda los d\u00edas domingo, martes y jueves de 14 a 18 horas. 01.08.-05.08.: Diego Cossettini. 08.08.-12.08.: Sof\u00eda Watson. 15.08.-19.08.: Juan Elizalde &#8211; Florencia Basso. 22.08.-28.08.: Luc\u00eda Kuschnir. Decastelli Arte, Chile 354, San Telmo. Dom-Jue 11-18 hs. Inauguraci\u00f3n: 22.08., 14-18 hs.<\/li>\n<li>Mar\u00eda Vera, grabados. Atica Galer\u00eda de Arte, Libertad 1240, PB &#8220;9&#8221;. Lun-Vie 11-13 y 15-19, S\u00e1b 11-13.30 hs. Inauguraci\u00f3n: 24.08., 19 hs. Hasta 25.09.<\/li>\n<li>Lisa Franz (Alemania), fotos. Embajada de Alemania en Buenos Aires, Villanueva 1055. A partir del 25.08.<\/li>\n<li><a href=\"http:\/\/boladenieve.org.ar\/node\/5\">Nicol\u00e1s Guagnini<\/a>. Sala Principal. \/ <a href=\"http:\/\/boladenieve.org.ar\/node\/563\">IUSO<\/a>, &#8220;Pasarla bien es el compromiso que m\u00e1s me oprime&#8221;. Nuevo Espacio. Ruth Benzacar, Florida 1000. Inauguraci\u00f3n: 25.08., 19 hs. Hasta 24.09. 26.08., 18 hs.: Presentaci\u00f3n p\u00fablica de Nicol\u00e1s Guagnini, dentro del Programa de Conferencias del <a href=\"http:\/\/www.ciacentro.org\/docentes_2010\">Centro de Investigaciones Argentinas<\/a>. En la<br \/>\nmuestra. Actividad abierta y gratuita.<\/li>\n<li>Roma+Bater+Tekaz, &#8220;Blast the Room&#8221;, graffiti. \/ Ana Montecucco, &#8220;Auto+Agua=Barco&#8221;, instalaci\u00f3n, dibujos, pinturas. <a href=\"http:\/\/www.masottatorres.com.ar\/esp\/inicio.htm\">MasottaTorres Arte Contempor\u00e1neo<\/a>, M\u00e9xico 459, San Telmo. Lun-Vie 14&#8211;20 hs. Inauguraci\u00f3n: 26.08., 19 hs.<\/li>\n<li>Liliana Gelman, &#8220;\u00c1rboles&#8221;, fotos. Organizado por <a href=\"http:\/\/www.artinlobby.com\/contenidos\/index.php\">Art in Lobby<\/a>. Panamericano Buenos Aires Hotel &#038; Resort, Carlos Pellegrini 551. Inauguraci\u00f3n: 27.08., 19 hs., en el marco de los Gallery Nights. Hasta 22.09.<\/li>\n<li>&#8220;La Fotograf\u00eda en la Historia Argentina&#8221;. 50 fotograf\u00edas entre los a\u00f1os 1845 y 2005. Investigaci\u00f3n y curadur\u00eda: Abel Alexander (Presidente de la Sociedad Iberoamericana de Historia de la Fotograf\u00eda). Coordinaci\u00f3n: Oskar Molek. En el marco del <a href=\"http:\/\/www.encuentrosabiertos.com.ar\/sitio\/contenidod.php\">Festival de la Luz<\/a> 2010. Hall Germania del <a href=\"http:\/\/www.goethe.edu.ar\/\">Colegio Goethe<\/a>, Reclus 2250, Boulogne. 13.08.-07.09. Inauguraci\u00f3n: 27.08., 19.30 hs., con una visita guiada por el Sr. Abel Alexander.<\/li>\n<\/ul>\n","protected":false},"excerpt":{"rendered":"<p>Klicken Sie hier, um die deutsche Version zu lesen. Agenda de Muestras 21\/08\/10-28\/08\/10 Por Susanne Franz El 18 de agosto, en la galer\u00eda Wussmann, se inaugur\u00f3 la muestra &#8220;PentaPack&#8221; de los talentosos artistas Mat\u00edas Dinenzon, Lino Divas (cuya obra ilustra la nota), Luciana Malfatti, Ramiro Oller y Nicol\u00e1s Ozuna. Los cinco artistas de entre 26 [&hellip;]<\/p>\n","protected":false},"author":1,"featured_media":0,"comment_status":"open","ping_status":"open","sticky":false,"template":"","format":"standard","meta":{"footnotes":""},"categories":[3],"tags":[],"class_list":["post-3087","post","type-post","status-publish","format-standard","hentry","category-kalender-agenda"],"_links":{"self":[{"href":"https:\/\/kunstinargentinien.com\/index.php\/wp-json\/wp\/v2\/posts\/3087","targetHints":{"allow":["GET"]}}],"collection":[{"href":"https:\/\/kunstinargentinien.com\/index.php\/wp-json\/wp\/v2\/posts"}],"about":[{"href":"https:\/\/kunstinargentinien.com\/index.php\/wp-json\/wp\/v2\/types\/post"}],"author":[{"embeddable":true,"href":"https:\/\/kunstinargentinien.com\/index.php\/wp-json\/wp\/v2\/users\/1"}],"replies":[{"embeddable":true,"href":"https:\/\/kunstinargentinien.com\/index.php\/wp-json\/wp\/v2\/comments?post=3087"}],"version-history":[{"count":30,"href":"https:\/\/kunstinargentinien.com\/index.php\/wp-json\/wp\/v2\/posts\/3087\/revisions"}],"predecessor-version":[{"id":3119,"href":"https:\/\/kunstinargentinien.com\/index.php\/wp-json\/wp\/v2\/posts\/3087\/revisions\/3119"}],"wp:attachment":[{"href":"https:\/\/kunstinargentinien.com\/index.php\/wp-json\/wp\/v2\/media?parent=3087"}],"wp:term":[{"taxonomy":"category","embeddable":true,"href":"https:\/\/kunstinargentinien.com\/index.php\/wp-json\/wp\/v2\/categories?post=3087"},{"taxonomy":"post_tag","embeddable":true,"href":"https:\/\/kunstinargentinien.com\/index.php\/wp-json\/wp\/v2\/tags?post=3087"}],"curies":[{"name":"wp","href":"https:\/\/api.w.org\/{rel}","templated":true}]}}