{"id":3213,"date":"2010-09-03T19:09:13","date_gmt":"2010-09-03T22:09:13","guid":{"rendered":"http:\/\/kunstinargentinien.com\/?p=3213"},"modified":"2010-11-13T17:25:17","modified_gmt":"2010-11-13T20:25:17","slug":"passwort-vergessen","status":"publish","type":"post","link":"https:\/\/kunstinargentinien.com\/index.php\/2010\/09\/03\/passwort-vergessen\/","title":{"rendered":"&#8220;Passwort vergessen&#8221;"},"content":{"rendered":"<p><a href=\"http:\/\/kunstinargentinien.com\/index.php\/2010\/09\/03\/clave-olvidada\/\">Click aqu\u00ed para leer la versi\u00f3n en castellano.<\/a><\/p>\n<p><strong>Kunstaktion in Kassel<\/strong><\/p>\n<p>Am 4. September 2010 wird um 10 Uhr ein &#8220;Passwort&#8221; per E-Mail oder Fax an \u00fcber 70 K\u00fcnstler und K\u00fcnstlerinnen versendet. Bis 16 Uhr haben sie Gelegenheit, bis zu vier Bilder im DIN-A4-Format rund um das &#8220;Passwort&#8221; zu zeichnen oder zu malen und per E-Mail\/Fax zu senden oder vorbeizubringen. Im kunsTTempel werden die Arbeiten sofort pr\u00e4sentiert und nach Einbruch der Dunkelheit im Au\u00dfenraum projiziert. Dokumentation im Internet unter <a href=\"http:\/\/www.kunsttempel.net\/passwort\/\">Kunsttempel<\/a> bzw. <a href=\"http:\/\/www.passwortvergessen.blogger.de\/\">www.passwortvergessen.blogger.de<\/a>.<\/p>\n<p>\u00dcber 20 der teilnehmenden K\u00fcnstler und K\u00fcnstlerinnen kommen aus Argentinien. Im n\u00e4chsten Jahr ist die gleiche Aktion in Kooperation in Argentinien geplant.<\/p>\n<p>K\u00fcnstlerinnen\/K\u00fcnstler:<!--more--><\/p>\n<p>Ameret<br \/>\nOptische Anstalten<br \/>\nAdriana Barassi<br \/>\nAnna Bardi<br \/>\nJudith Berens<br \/>\nBetsy Tyler Bell<br \/>\nAndy Boot<br \/>\nSandrine Estrade Boulet<br \/>\nJ\u00f6rn Budesheim<br \/>\nCharlotte Busse<br \/>\nJohannes Calden<br \/>\nAmaya Escalera Castells<br \/>\nBeate Daniel<br \/>\nNora von der Decken<br \/>\nCrazy-Elly<br \/>\nAmaya Escalera<br \/>\nKristina Fiand<br \/>\nMax Frielinghaus<br \/>\nKarin Fr\u00f6hlich<br \/>\nInes Christine Geisser<br \/>\nJuan Cesar Giaginto<br \/>\nRuben Grau<br \/>\nJan Greger<br \/>\nMartina Hampe<br \/>\nMarco Antonio Cardenas Jansen<br \/>\nReinhild Kassing<br \/>\nAnja Kasten<br \/>\nGundula Kayser<br \/>\nNikolai Kilian<br \/>\nJens Kloppmann<br \/>\nAndor Komives<br \/>\nCarlos Kravetz<br \/>\nSophie L\u00e9cuyer<br \/>\nKatrin Leitner<br \/>\nWolfgang Loewe<br \/>\nHenning Lutze<br \/>\nBettina Mangold<br \/>\nThomas Marutschke<br \/>\nRana Matloub<br \/>\nG\u00fcnter Mayer<br \/>\nClaudio Tam Muro<br \/>\nLiliana I.G.R. de Neuqu\u00e9n<br \/>\nBarbara Noculak<br \/>\nGerald Noebel<br \/>\nMonika Odenthal<br \/>\nIsabel Oestreich<br \/>\nRainer Ortag<br \/>\n\u00c1ngel P\u00e9rez<br \/>\nKarina Pospiech<br \/>\nRen\u00e9 Rogge<br \/>\nJuan Carlos Romero<br \/>\nL\u00e9onie von Roten<br \/>\nKeisuke Saito<br \/>\nAndreas Sandmann<br \/>\nDustin Schenk<br \/>\nHarry R. Sinske<br \/>\nK\u00e4the Sch\u00f6nle<br \/>\nSally Sch\u00fctz<br \/>\nOrlando Siliotti<br \/>\nBernhard Skopnik<br \/>\nSilvia Stagnaro<br \/>\nMonika Stellmach<br \/>\nAdri\u00e1n Tubio Torrecilla<br \/>\nJos\u00e9 Luis Tu\u00f1\u00f3n<br \/>\nAlicia Norma Valdez<br \/>\nUlrike Vater<br \/>\nHubert Warter<br \/>\nGisela Weimann<br \/>\nDaniela Witzel<br \/>\nBernhard Wollborn<br \/>\nBarbara Wrede<br \/>\nZubin Zainal<\/p>\n","protected":false},"excerpt":{"rendered":"<p>Click aqu\u00ed para leer la versi\u00f3n en castellano. Kunstaktion in Kassel Am 4. September 2010 wird um 10 Uhr ein &#8220;Passwort&#8221; per E-Mail oder Fax an \u00fcber 70 K\u00fcnstler und K\u00fcnstlerinnen versendet. Bis 16 Uhr haben sie Gelegenheit, bis zu vier Bilder im DIN-A4-Format rund um das &#8220;Passwort&#8221; zu zeichnen oder zu malen und per [&hellip;]<\/p>\n","protected":false},"author":1,"featured_media":0,"comment_status":"open","ping_status":"open","sticky":false,"template":"","format":"standard","meta":{"footnotes":""},"categories":[1],"tags":[],"class_list":["post-3213","post","type-post","status-publish","format-standard","hentry","category-allgemein-general"],"_links":{"self":[{"href":"https:\/\/kunstinargentinien.com\/index.php\/wp-json\/wp\/v2\/posts\/3213","targetHints":{"allow":["GET"]}}],"collection":[{"href":"https:\/\/kunstinargentinien.com\/index.php\/wp-json\/wp\/v2\/posts"}],"about":[{"href":"https:\/\/kunstinargentinien.com\/index.php\/wp-json\/wp\/v2\/types\/post"}],"author":[{"embeddable":true,"href":"https:\/\/kunstinargentinien.com\/index.php\/wp-json\/wp\/v2\/users\/1"}],"replies":[{"embeddable":true,"href":"https:\/\/kunstinargentinien.com\/index.php\/wp-json\/wp\/v2\/comments?post=3213"}],"version-history":[{"count":4,"href":"https:\/\/kunstinargentinien.com\/index.php\/wp-json\/wp\/v2\/posts\/3213\/revisions"}],"predecessor-version":[{"id":5058,"href":"https:\/\/kunstinargentinien.com\/index.php\/wp-json\/wp\/v2\/posts\/3213\/revisions\/5058"}],"wp:attachment":[{"href":"https:\/\/kunstinargentinien.com\/index.php\/wp-json\/wp\/v2\/media?parent=3213"}],"wp:term":[{"taxonomy":"category","embeddable":true,"href":"https:\/\/kunstinargentinien.com\/index.php\/wp-json\/wp\/v2\/categories?post=3213"},{"taxonomy":"post_tag","embeddable":true,"href":"https:\/\/kunstinargentinien.com\/index.php\/wp-json\/wp\/v2\/tags?post=3213"}],"curies":[{"name":"wp","href":"https:\/\/api.w.org\/{rel}","templated":true}]}}