{"id":3251,"date":"2010-09-05T14:27:02","date_gmt":"2010-09-05T17:27:02","guid":{"rendered":"http:\/\/kunstinargentinien.com\/?p=3251"},"modified":"2010-09-06T14:56:00","modified_gmt":"2010-09-06T17:56:00","slug":"rosario-revaloriza-a-klemm","status":"publish","type":"post","link":"https:\/\/kunstinargentinien.com\/index.php\/2010\/09\/05\/rosario-revaloriza-a-klemm\/","title":{"rendered":"Rosario revaloriza a Klemm"},"content":{"rendered":"<p><a href=\"http:\/\/kunstinargentinien.com\/index.php\/2010\/09\/05\/rosario-holt-klemm-aus-der-vergessenheit\/\">Klicken Sie hier, um die deutsche Version zu lesen.<\/a><\/p>\n<p><strong>Muestra &#8220;El banquete telem\u00e1tico de la pintura: Federico Klemm&#8221;<\/strong><\/p>\n<p><a href=\"http:\/\/kunstinargentinien.com\/wp-content\/uploads\/2010\/09\/klemm11.jpg\"><img loading=\"lazy\" decoding=\"async\" src=\"http:\/\/kunstinargentinien.com\/wp-content\/uploads\/2010\/09\/klemm11-216x300.jpg\" alt=\"\" title=\"klemm11\" width=\"216\" height=\"300\" class=\"alignleft size-medium wp-image-3304\" srcset=\"https:\/\/kunstinargentinien.com\/wp-content\/uploads\/2010\/09\/klemm11-216x300.jpg 216w, https:\/\/kunstinargentinien.com\/wp-content\/uploads\/2010\/09\/klemm11.jpg 250w\" sizes=\"auto, (max-width: 216px) 100vw, 216px\" \/><\/a>Las dos sedes del Museo Castagnino+macro en Rosario presentan orgullosas la muestra &#8220;El banquete telem\u00e1tico de la pintura&#8221; dedicada al exc\u00e9ntrico Federico Klemm. La exposici\u00f3n, que se inaugur\u00f3 el 2 de septiembre, se enmarca dentro de las propuestas curatoriales del museo que apuntan a reconocer y valorizar las producciones art\u00edsticas que han sido y son actualmente resistidas y evitadas en los discursos habituales del arte.<\/p>\n<p><strong>Con motivo de la exposici\u00f3n, volvemos a publicar en un &#8220;post&#8221; m\u00e1s abajo el art\u00edculo -recientemente traducido al castellano, con la ayuda de la Embajada de Alemania en Buenos Aires- sobre la muerte de Klemm en el a\u00f1o 2002.<\/strong><!--more--><\/p>\n<p>Federico Klemm, mito mass-medi\u00e1tico colocado entre la veneraci\u00f3n y el escarnio. Personaje, s\u00ed. El conocimiento y re-conocimiento de Federico Klemm pasa mayormente por su personaje. El mundo que transita su obra est\u00e1 constituido por una serie de desplazamientos que tienden a hacerla infinita: sus abordajes postulan la otredad en el mismo momento de la irrupci\u00f3n: la pintura desde la fotograf\u00eda, la fotograf\u00eda desde la performance, la realidad desde el simulacro, la verdad desde el mito. Por esto, el proyecto curatorial parti\u00f3 de la relaci\u00f3n Klemm-mito-mitolog\u00eda, ya que toda su producci\u00f3n est\u00e1 atravesada por un movimiento de aproximaci\u00f3n y extra\u00f1eza a un tiempo, a los mitos y -fundamentalmente- la mitolog\u00eda griega y b\u00edblica, pero tambi\u00e9n mitolog\u00edas contempor\u00e1neas: desde Andy Warhol, de quien obtiene algo as\u00ed como el modelo de s\u00ed mismo, hasta Mirtha Legrand y otros mitos -algunos dudosos por cierto, y esto es clave- de la TV argentina.<\/p>\n<p>El macro exhibir\u00e1 m\u00e1s de veinte obras de las series Mitolog\u00edas, La madre, Sans\u00f3n y Dalila y retratos; adem\u00e1s se podr\u00e1n ver varios de los programas producidos para la televisi\u00f3n emitidos entre 1996 y 2000 y apreciar el vestuario usado para los mismos.<\/p>\n<p>Asimismo, en la sala central del Castagnino, se exhibir\u00e1n retratos de Federico Klemm realizados por diversos artistas.<\/p>\n<p>La exposici\u00f3n cuenta con la curadur\u00eda de Roberto Echen y con la colaboraci\u00f3n de Fernando Ezpeleta y Valeria Fiterman -por la Fundaci\u00f3n Klemm- y Carlos Espartaco como curador invitado.<\/p>\n<p>Las visitas pueden realizarse hasta el domingo 31 de octubre en la sede Castagnino y hasta el domingo 7 de noviembre en la sede macro.<\/p>\n<p>M\u00e1s info <a href=\"http:\/\/www.macromuseo.org.ar\/destacados\/klemm.html\"><em>aqu\u00ed<\/em><\/a>.<\/p>\n","protected":false},"excerpt":{"rendered":"<p>Klicken Sie hier, um die deutsche Version zu lesen. Muestra &#8220;El banquete telem\u00e1tico de la pintura: Federico Klemm&#8221; Las dos sedes del Museo Castagnino+macro en Rosario presentan orgullosas la muestra &#8220;El banquete telem\u00e1tico de la pintura&#8221; dedicada al exc\u00e9ntrico Federico Klemm. La exposici\u00f3n, que se inaugur\u00f3 el 2 de septiembre, se enmarca dentro de las [&hellip;]<\/p>\n","protected":false},"author":1,"featured_media":0,"comment_status":"open","ping_status":"open","sticky":false,"template":"","format":"standard","meta":{"footnotes":""},"categories":[2,4],"tags":[],"class_list":["post-3251","post","type-post","status-publish","format-standard","hentry","category-kunstler-artistas","category-tipp-der-woche-recomendacion-de-la-semana"],"_links":{"self":[{"href":"https:\/\/kunstinargentinien.com\/index.php\/wp-json\/wp\/v2\/posts\/3251","targetHints":{"allow":["GET"]}}],"collection":[{"href":"https:\/\/kunstinargentinien.com\/index.php\/wp-json\/wp\/v2\/posts"}],"about":[{"href":"https:\/\/kunstinargentinien.com\/index.php\/wp-json\/wp\/v2\/types\/post"}],"author":[{"embeddable":true,"href":"https:\/\/kunstinargentinien.com\/index.php\/wp-json\/wp\/v2\/users\/1"}],"replies":[{"embeddable":true,"href":"https:\/\/kunstinargentinien.com\/index.php\/wp-json\/wp\/v2\/comments?post=3251"}],"version-history":[{"count":11,"href":"https:\/\/kunstinargentinien.com\/index.php\/wp-json\/wp\/v2\/posts\/3251\/revisions"}],"predecessor-version":[{"id":3282,"href":"https:\/\/kunstinargentinien.com\/index.php\/wp-json\/wp\/v2\/posts\/3251\/revisions\/3282"}],"wp:attachment":[{"href":"https:\/\/kunstinargentinien.com\/index.php\/wp-json\/wp\/v2\/media?parent=3251"}],"wp:term":[{"taxonomy":"category","embeddable":true,"href":"https:\/\/kunstinargentinien.com\/index.php\/wp-json\/wp\/v2\/categories?post=3251"},{"taxonomy":"post_tag","embeddable":true,"href":"https:\/\/kunstinargentinien.com\/index.php\/wp-json\/wp\/v2\/tags?post=3251"}],"curies":[{"name":"wp","href":"https:\/\/api.w.org\/{rel}","templated":true}]}}