{"id":3272,"date":"2010-09-05T15:37:05","date_gmt":"2010-09-05T18:37:05","guid":{"rendered":"http:\/\/kunstinargentinien.com\/?p=3272"},"modified":"2010-09-06T14:58:02","modified_gmt":"2010-09-06T17:58:02","slug":"rosario-holt-klemm-aus-der-vergessenheit","status":"publish","type":"post","link":"https:\/\/kunstinargentinien.com\/index.php\/2010\/09\/05\/rosario-holt-klemm-aus-der-vergessenheit\/","title":{"rendered":"Rosario holt Klemm aus der Vergessenheit"},"content":{"rendered":"<p><a href=\"http:\/\/kunstinargentinien.com\/index.php\/2010\/09\/05\/rosario-revaloriza-a-klemm\/\">Click aqu\u00ed para leer la versi\u00f3n en castellano.<\/a><\/p>\n<p><strong>Ausstellung &#8220;El banquete telem\u00e1tico de la pintura: Federico Klemm&#8221;<\/strong><\/p>\n<p><a href=\"http:\/\/kunstinargentinien.com\/wp-content\/uploads\/2010\/09\/klemm11.jpg\"><img loading=\"lazy\" decoding=\"async\" src=\"http:\/\/kunstinargentinien.com\/wp-content\/uploads\/2010\/09\/klemm11-216x300.jpg\" alt=\"\" title=\"klemm11\" width=\"216\" height=\"300\" class=\"alignleft size-medium wp-image-3304\" srcset=\"https:\/\/kunstinargentinien.com\/wp-content\/uploads\/2010\/09\/klemm11-216x300.jpg 216w, https:\/\/kunstinargentinien.com\/wp-content\/uploads\/2010\/09\/klemm11.jpg 250w\" sizes=\"auto, (max-width: 216px) 100vw, 216px\" \/><\/a>Die beiden Ableger des &#8220;Museo Castagnino+macro&#8221; in Rosario pr\u00e4sentieren voller Stolz die Ausstellung &#8220;El banquete telem\u00e1tico de la pintura&#8221;, die dem exzentrischen Federico Klemm (1942-2002) gewidmet ist. Die Schau, die am 2. September er\u00f6ffnet wurde, wird im Rahmen eines Museumsprojekts gezeigt, das um eine Wiederherstellung der Wertsch\u00e4tzung von K\u00fcnstlern bem\u00fcht ist  die in Vergessenheit geraten sind, weil ihnen in den &#8220;normalen&#8221; Kunst-Zirkeln ausgewichen oder gar Widerstand entgegengebracht wurde und wird.<\/p>\n<p><strong>Anl\u00e4sslich dieser begr\u00fc\u00dfenswerten Aktion ver\u00f6ffentlichen wir in einem Eintrag weiter unten noch einmal den Artikel, der zum Tode von Federico Klemm erschien, und der vor kurzem Dank der Hilfe der Deutschen Botschaft in Buenos Aires auch ins Spanische \u00fcbersetzt werden konnte.<\/strong><!--more--><\/p>\n<p>Federico Klemm war ein Mythos der Massenmedien und eine unverwechselbare Pers\u00f6nlichkeit, die auch f\u00fcr das Verst\u00e4ndnis seiner k\u00fcnstlerischen Produktion eine zentrale Rolle spielt.<\/p>\n<p>Das Ausstellungsprojekt konzentriert sich auf den Ausgangspunkt Klemm-Mythos-Mythologie, denn seine Arbeit drehte sich um eine Ann\u00e4herung an griechische oder biblische Mythen, aber auch an moderne Legenden wie Andy Warhol oder Mirtha Legrand und andere &#8211; durchaus auch dubiose &#8211; argentinische TV-Pers\u00f6nlichkeiten.<\/p>\n<p>Das &#8220;macro&#8221; zeigt \u00fcber 20 Werke der Reihen &#8220;Mitolog\u00edas&#8221;, &#8220;La madre&#8221;, &#8220;Sans\u00f3n y Dalila&#8221; sowie Portr\u00e4ts; au\u00dferdem sind einige von Klemms TV-Sendungen zu sehen, die zwischen 1996 und 2000 ausgestraht wurden, wobei besonderes Augenmerk auf das jeweils von Klemm gew\u00e4hlte Outfit f\u00fcr die Sendung gelegt wird.<\/p>\n<p>Erg\u00e4nzend sind im Hauptsaal des &#8220;Museo Castagnino&#8221; Klemm-Portr\u00e4ts von verschiedenen K\u00fcnstlern zu sehen.<\/p>\n<p>Die Ausstellung wurde von Roberto Echen kuratiert, der auf die Mitarbeit von Fernando Ezpeleta und Valeria Fiterman von der Fundaci\u00f3n Klemm und Carlos Espartaco als Gast-Kurator z\u00e4hlen konnte.<\/p>\n<p>Bis Sonntag, den 31. Oktober, kann man die Schau im &#8220;Museo Castagnino&#8221; besuchen, im &#8220;macro&#8221; sogar bis zum 7. November.<\/p>\n<p>Weitere Infos <a href=\"http:\/\/www.macromuseo.org.ar\/destacados\/klemm.html\"><em>hier<\/em><\/a>.<\/p>\n","protected":false},"excerpt":{"rendered":"<p>Click aqu\u00ed para leer la versi\u00f3n en castellano. Ausstellung &#8220;El banquete telem\u00e1tico de la pintura: Federico Klemm&#8221; Die beiden Ableger des &#8220;Museo Castagnino+macro&#8221; in Rosario pr\u00e4sentieren voller Stolz die Ausstellung &#8220;El banquete telem\u00e1tico de la pintura&#8221;, die dem exzentrischen Federico Klemm (1942-2002) gewidmet ist. Die Schau, die am 2. September er\u00f6ffnet wurde, wird im Rahmen [&hellip;]<\/p>\n","protected":false},"author":1,"featured_media":0,"comment_status":"open","ping_status":"open","sticky":false,"template":"","format":"standard","meta":{"footnotes":""},"categories":[2,4],"tags":[],"class_list":["post-3272","post","type-post","status-publish","format-standard","hentry","category-kunstler-artistas","category-tipp-der-woche-recomendacion-de-la-semana"],"_links":{"self":[{"href":"https:\/\/kunstinargentinien.com\/index.php\/wp-json\/wp\/v2\/posts\/3272","targetHints":{"allow":["GET"]}}],"collection":[{"href":"https:\/\/kunstinargentinien.com\/index.php\/wp-json\/wp\/v2\/posts"}],"about":[{"href":"https:\/\/kunstinargentinien.com\/index.php\/wp-json\/wp\/v2\/types\/post"}],"author":[{"embeddable":true,"href":"https:\/\/kunstinargentinien.com\/index.php\/wp-json\/wp\/v2\/users\/1"}],"replies":[{"embeddable":true,"href":"https:\/\/kunstinargentinien.com\/index.php\/wp-json\/wp\/v2\/comments?post=3272"}],"version-history":[{"count":6,"href":"https:\/\/kunstinargentinien.com\/index.php\/wp-json\/wp\/v2\/posts\/3272\/revisions"}],"predecessor-version":[{"id":3306,"href":"https:\/\/kunstinargentinien.com\/index.php\/wp-json\/wp\/v2\/posts\/3272\/revisions\/3306"}],"wp:attachment":[{"href":"https:\/\/kunstinargentinien.com\/index.php\/wp-json\/wp\/v2\/media?parent=3272"}],"wp:term":[{"taxonomy":"category","embeddable":true,"href":"https:\/\/kunstinargentinien.com\/index.php\/wp-json\/wp\/v2\/categories?post=3272"},{"taxonomy":"post_tag","embeddable":true,"href":"https:\/\/kunstinargentinien.com\/index.php\/wp-json\/wp\/v2\/tags?post=3272"}],"curies":[{"name":"wp","href":"https:\/\/api.w.org\/{rel}","templated":true}]}}