{"id":3333,"date":"2010-09-11T15:00:36","date_gmt":"2010-09-11T18:00:36","guid":{"rendered":"http:\/\/kunstinargentinien.com\/?p=3333"},"modified":"2010-09-16T18:20:20","modified_gmt":"2010-09-16T21:20:20","slug":"agenda-kalender-230","status":"publish","type":"post","link":"https:\/\/kunstinargentinien.com\/index.php\/2010\/09\/11\/agenda-kalender-230\/","title":{"rendered":"Agenda \/ Kalender"},"content":{"rendered":"<p><a href=\"http:\/\/kunstinargentinien.com\/index.php\/2010\/09\/11\/kalender-agenda-236\/\">Klicken Sie hier, um die deutsche Version zu lesen.<\/a><\/p>\n<p><strong>Agenda de Muestras 11\/09\/10-18\/09\/10<\/p>\n<p><em>Por Susanne Franz<\/em><\/strong><\/p>\n<p><a href=\"http:\/\/kunstinargentinien.com\/wp-content\/uploads\/2010\/09\/prior.jpg\"><img loading=\"lazy\" decoding=\"async\" src=\"http:\/\/kunstinargentinien.com\/wp-content\/uploads\/2010\/09\/prior.jpg\" alt=\"\" title=\"prior\" width=\"240\" height=\"240\" class=\"alignleft size-full wp-image-3334\" srcset=\"https:\/\/kunstinargentinien.com\/wp-content\/uploads\/2010\/09\/prior.jpg 240w, https:\/\/kunstinargentinien.com\/wp-content\/uploads\/2010\/09\/prior-150x150.jpg 150w\" sizes=\"auto, (max-width: 240px) 100vw, 240px\" \/><\/a>El jueves se inaugur\u00f3 en el <a href=\"http:\/\/www.malba.org.ar\/web\/\">Malba<\/a> la muestra &#8220;Alfredo Prior. Un verde pensar bajo una sombra verde&#8221;, dedicada a la producci\u00f3n reciente del artista argentino, con una selecci\u00f3n de 21 obras donde se destaca la materialidad de la pintura. Volcado a la abstracci\u00f3n, en esta muestra Prior trabaja sobre el color y sus diferentes formas de disoluci\u00f3n, logrando superficies marmoladas, a veces opacas, a veces brillantes.<\/p>\n<p>El cat\u00e1logo que acompa\u00f1a la exposici\u00f3n es una publicaci\u00f3n biling\u00fce espa\u00f1ol \u2013 ingl\u00e9s de 63 p\u00e1ginas, que incluye un texto cr\u00edtico de Eva Grinstein, una cronolog\u00eda biogr\u00e1fica del artista y la reproducci\u00f3n color de las obras presentes en la muestra.<\/p>\n<p>La agenda de la semana:<!--more--><\/p>\n<p><strong><em>Centros de exposiciones<\/em><\/strong><\/p>\n<ul>\n<li><a href=\"http:\/\/www.malba.org.ar\/web\/\">Malba<\/a> (Museo de Arte Latinoamericano de Buenos Aires), Av. Figueroa Alcorta 3415 (Jue-Lun y feriados 12-20 hs, mi\u00e9rcoles hasta 21 hs, martes cerrado. Entrada 18 pesos, docentes y jubilados 9 pesos, estudiantes 9 pesos, menores de 5 a\u00f1os gratis. Mi\u00e9rcoles: Entrada 6 pesos, docentes y jubilados 3 pesos, estudiantes gratis): &#8220;Geometr\u00eda en el siglo XX en la Daimler Art Collection&#8221;. Organizada por Mercedes-Benz Argentina. Curadora: Renate Wiehager. Sala 5 (2\u00ba piso). 12.08.-25.10. \/ Mart\u00edn Blaszko, &#8220;Proyecciones urban\u00edsticas&#8221;, esculturas. Terraza. 02.07.-20.09. \/ Alfredo Prior, &#8220;Un verde pensar bajo una sombra verde&#8221;. Sala 3 (1\u00ba piso). 09.09.-01.11. \/ Contempor\u00e1neo 26: Silvia Rivas, &#8220;Zumbido&#8221;. Curador invitado: Franklin Espath Pedroso. Sala 1 (PB). 09.09.-22.11.<\/li>\n<li><a href=\"http:\/\/www.mnba.org.ar\/\">Museo Nacional de Bellas Artes<\/a>, Av. del Libertador 1473 (Mar-Vie 12.30-19.30, S\u00e1b, Dom y feriados 9.30-19.30 hs. Entrada libre): &#8220;Berni: Narrativas argentinas&#8221;. 15.07.-12.09. \/ Brassa\u00ef (Gyula Hal\u00e1sz, Hungr\u00eda, 1899-1984), fotos. En el marco del <a href=\"http:\/\/www.encuentrosabiertos.com.ar\/sitio\/contenidod.php\">Festival de la Luz<\/a> 2010. 03.08.-26.09.<\/li>\n<li>Museo Eduardo S\u00edvori, Av. Infanta Isabel 555, frente al puente del Rosedal (Mar-Vie 12-20, S\u00e1b, Dom y feriados 10-20 hs. Entrada $ 1, mi\u00e9rcoles y s\u00e1bados gratis): Pablo Flaiszman, &#8220;Retrato grabado&#8221;, grabados. 28.08.-19.09. \/ Ra\u00fal Russo (1912-1984), &#8220;La lecci\u00f3n del color&#8221;. 04.09.-10.10. \/ Milo Lockett, &#8220;Je\u2019Ta Rova Nde Che Yuy&#8221; (Los rostros de mi tierra). 09.09.-17.10.<\/li>\n<li><a href=\"http:\/\/www.pabellon4.com\/\">Pabell\u00f3n 4<\/a>, Uriarte 1332 (Lun-S\u00e1b 16-20 hs): Pablo Sinai, &#8220;Galopolis&#8221;, t\u00e9cnicas mixtas y objetos. Sala I. 31.08.-02.10. \/ Eduardo Del Burgo, &#8220;Tethered&#8221;, fotos. Sala II. 31.08.-02.10. \/ Manuel Archain, &#8220;Como le iba diciendo&#8221;, fotos. Sala III. 31.08.-02.10.<\/li>\n<li>FotoGaler\u00eda del Teatro San Mart\u00edn, Av. Corrientes 1530 (Lun-Vie desde las 12, S\u00e1b y Dom desde las 14 hs, hasta la finalizaci\u00f3n de las actividades del d\u00eda en el teatro. Entrada libre): &#8220;Sporting Nations: Viviendo el deporte&#8221;, obras de los fot\u00f3grafos argentinos Karina Azaretzky, Dafne Gentinetta, Axel Indik y Alfredo Srur y los brit\u00e1nicos Luke Ball, Thom Bridge, Chris Linaker y Gabriella Sancisi. La exposici\u00f3n es un proyecto realizado por el British Council. 07.09.-03.10. \/ Melina Rodr\u00edguez Giles, &#8220;Mujeres en sus ba\u00f1os&#8221;, ensayo fotogr\u00e1fico. 07.09.-03.10.<\/li>\n<\/ul>\n<p><em><strong>Otras exposiciones<\/strong><\/em><\/p>\n<ul>\n<li>Andrea Juan y Jane Marsching, &#8220;Encuentro Polar&#8221;, fotos, videos. Fase II del Ciclo &#8220;Tributo a la Naturaleza&#8221;. Jard\u00edn Bot\u00e1nico, Av. Santa Fe 3951. Todos los d\u00edas 8-18 hs. 20.04.-20.09.<\/li>\n<li>&#8220;Pasado\/Presente&#8221;, obras de la Colecci\u00f3n Nuevos Medios del Centre Pompidou, Par\u00eds. Selecci\u00f3n: Christine Van Assche. Instalaciones de Nam June Paik, Bruce Nauman, Zineb Sedira, Chris Marker, Mik Aernout, Tony Oursler, Vito Acconci y Thierry Kuntzel. Espacio Fundaci\u00f3n Telef\u00f3nica, Arenales 1540. Lun-S\u00e1b 14-20.30 hs. Entrada libre. 02.07.-25.09.<\/li>\n<li>&#8220;Inconsciente \u00d3ptico&#8221;, videos de Becca Albee, Gabriela Golder y Paola Sferco. Curadora: Leticia El Halli Obeid. <a href=\"http:\/\/www.arte713.com\/Home.aspx\">713 Arte Contempor\u00e1neo<\/a>, Defensa 713, San Telmo. Lun-Vie 14-20, S\u00e1b 14-18 hs. 29.07.-11.09.<\/li>\n<li>Ver\u00f3nica G\u00f3mez, &#8220;Heladas Blancas y Negras&#8221;, dibujos. Sapo Dibujo Contempor\u00e1neo, Town House Soho, Thames 2151, Palermo Soho. 29.07.-12.09. Visitas: sapogaleria@gmail.com.<\/li>\n<li>Mauro Koliva (Misiones), &#8220;No&#8221;, dibujos y esculturas. <a href=\"http:\/\/www.galeriavasari.com.ar\/\">Galer\u00eda Vasari<\/a>, Esmeralda 1357. Lun-Vie 11-20 hs. 04.08.-15.09.<\/li>\n<li>Josef Koudelka (Rep\u00fablica Checa), &#8220;Invasi\u00f3n 68 Praga&#8221;, fotos. En el marco del <a href=\"http:\/\/www.encuentrosabiertos.com.ar\/sitio\/contenidod.php\">Festival de la Luz<\/a> 2010. Espacio de Arte Fundaci\u00f3n OSDE, Suipacha 658, 1er piso. Lun-S\u00e1b 12-20 hs. Entrada libre y gratuita. 05.08.-02.10. 16.09., 18 hs: Visita guiada. Gratis.<\/li>\n<li>&#8220;Cicatrices&#8221;, fotos de Hugo Aveta, C\u00e9sar Giaginto, Sergio Lamanna, Bel\u00e9n Majdalani, In\u00e9s Miguens, Cristina Monta\u00f1a, Daniel Muchiut, Gerardo Schachner, Sub (Cooperativa de Fot\u00f3grafos). En el marco del <a href=\"http:\/\/www.encuentrosabiertos.com.ar\/sitio\/contenidod.php\">Festival de la Luz<\/a> 2010. Espacio Ita\u00fa Cultural, Cerrito y Viamonte. Lun-Vie 10-19.30 hs. 06.08.-07.10.<\/li>\n<li>&#8220;Sur Polar II &#8211; Arte en Ant\u00e1rtida&#8221;, intervenciones urbanas. Obras de Lorraine Beaulieu (Canad\u00e1), Erika Blumenfeld (EEUU), Philippe Boissonnet (Canad\u00e1), Werner Dafeldecker (Austria), Lawrence English (Australia), Andrea Juan (Argentina), Mireya Mas\u00f3 (Espa\u00f1a), Ntsikelelo Ntshingila (Sud\u00e1frica), Amanda Rodr\u00edguez Alves (Brasil), Dami\u00e1n Roth (Argentina), Mat\u00edas Roth (Argentina), Philip Samartzis (Australia), Marcela Santant\u00f3n (Argentina), Marty St. James (Gran Breta\u00f1a). Centro Cultural de Espa\u00f1a en Buenos Aires (CCEBA), Sede San Telmo, Humberto Primo y Balcarce. 07.08.-30.10.<\/li>\n<li>&#8220;Crisis: Un Cruce con las Artes&#8221;, los 40 n\u00fameros de la Revista Cultural de los a\u00f1os 70, y las serigraf\u00edas de destacados artistas que se incluyeron en los primeros 20 n\u00fameros. Curador: Alberto Giudici. Centro Cultural de la Cooperaci\u00f3n, Sala Abraham Vigo, Av. Corrientes 1543. Desde 10.08.<\/li>\n<li>&#8220;Efervescente&#8221;. Lanzamiento de los Premios <a href=\"http:\/\/www.cceba.org.ar\/v3\/index.php?\">CCEBA <\/a>de Arte y Dise\u00f1o Joven Argentino + Lo mejor de los Premios INJUVE Creaci\u00f3n Joven Artes Visuales y Dise\u00f1o (Espa\u00f1a). <a href=\"http:\/\/www.palaisdeglace.gov.ar\/\">Palais de Glace<\/a>, Posadas 1725. Mar-Vie 12-20, S\u00e1b y Dom 10-20 hs. Entrada gratuita. 12.08.-12.09.<\/li>\n<li>Estanislao Florido, &#8220;Todos los cuadros del mundo&#8221;. Curadora: Ver\u00f3nica Verlichak. <a href=\"http:\/\/www.fundacionfjklemm.org\/\">Fundaci\u00f3n Federico Jorge Klemm<\/a>, Marcelo T. de Alvear 626. Lun-Vie 11-20 hs. 12.08.-01.10.<\/li>\n<li>&#8220;PentaPack, obras de Mat\u00edas Dinenzon, Lino Divas, Luciana Malfatti, Ramiro Oller y Nicol\u00e1s Ozuna. <a href=\"http:\/\/www.wussmann.com\/index.php\">Galer\u00eda Wussmann<\/a>, Venezuela 570. Desde 18.08.<\/li>\n<li>&#8220;Vacas Pocket y Hombres Afligidos&#8221; de Georgina Nu\u00f1ez y Eliseo Subiela Moglia. En el subsuelo de la Galer\u00eda <a href=\"http:\/\/www.neszona54.com.ar\/\">NES Zona 54<\/a>, Piedras 182. 18.08.-30.09.<\/li>\n<li>Mart\u00edn Riwnyj, &#8220;Naturaleza Urbana&#8221;. De Santi Galer\u00eda de Arte, Esmeralda 982. Lun-Vie 11-19 hs. 19.08.-20.10.<\/li>\n<li>&#8220;Emilio Patarca, maestro orfebre&#8221;. <a href=\"http:\/\/www.mnad.org\/\">Museo Nacional de Arte Decorativo<\/a>, Av. del Libertador 1902. 24.08.-17.10.<\/li>\n<li>Mar\u00eda Vera, grabados. Atica Galer\u00eda de Arte, Libertad 1240, PB &#8220;9&#8221;. Lun-Vie 11-13 y 15-19, S\u00e1b 11-13.30 hs. 24.08.-25.09.<\/li>\n<li>Lisa Franz (Alemania), fotos. Embajada de Alemania en Buenos Aires, Consulado, Villanueva 1055. 25.08.-24.09.<\/li>\n<li><a href=\"http:\/\/boladenieve.org.ar\/node\/5\">Nicol\u00e1s Guagnini<\/a>. Sala Principal. \/ <a href=\"http:\/\/boladenieve.org.ar\/node\/563\">IUSO<\/a>, &#8220;Pasarla bien es el compromiso que m\u00e1s me oprime&#8221;. Nuevo Espacio. Ruth Benzacar, Florida 1000. 25.08.-24.09.<\/li>\n<li>Roma+Bater+Tekaz, &#8220;Blast the Room&#8221;, graffiti. \/ Ana Montecucco, &#8220;Auto+Agua=Barco&#8221;, instalaci\u00f3n, dibujos, pinturas. <a href=\"http:\/\/www.masottatorres.com.ar\/esp\/inicio.htm\">MasottaTorres Arte Contempor\u00e1neo<\/a>, M\u00e9xico 459, San Telmo. Lun-Vie 14&#8211;20 hs. Desde 26.08.<\/li>\n<li>Liliana Gelman, &#8220;\u00c1rboles&#8221;, fotos. Organizado por <a href=\"http:\/\/www.artinlobby.com\/contenidos\/index.php\">Art in Lobby<\/a>. Panamericano Buenos Aires Hotel &#038; Resort, Carlos Pellegrini 551. 27.08.-22.09.<\/li>\n<li>Patricia Linenberg, &#8220;Piel social&#8221;. Curadora: Andrea Saltzman. <a href=\"http:\/\/www.roart.com.ar\/\">RO Galer\u00eda de Arte<\/a>, Paran\u00e1 1158. Lun-Vie 14-20 hs. Desde 27.08.<\/li>\n<li>Alejandra Fella, &#8220;Mani\u00e1tica&#8221;. Decastelli Arte, Chile 354, San Telmo. Dom-Vie 11-18 hs. 31.08.-26.09.<\/li>\n<li>Miguel \u00c1ngel Vidal (1928-2009), muestra antol\u00f3gica. Curadora: Mar\u00eda Silvia Corcuera. <a href=\"http:\/\/www.angelguidoartproject.com\/_v2\/home.php\">\u00c1ngel Guido Art Project<\/a>, Suipacha 1217. Lun-Vie 12-20 hs. 01.09.-22.10.<\/li>\n<li>&#8220;Primavera&#8221;, obras de Carla Benedetti, Santiago Iturralde, Marianela Leguizam\u00f3n. Curador: Sebasti\u00e1n Freire. Casa Brandon, Luis Mar\u00eda Drago 236. Mi\u00e9-Dom 20-24 hs. 01.09.-03.10.<\/li>\n<li><a href=\"http:\/\/www.macromuseo.org.ar\/destacados\/klemm.html\">&#8220;El banquete telem\u00e1tico de la pintura: Federico Klemm&#8221;<\/a>. Curador: Roberto Echen. Museo macro, Bv. Oro\u00f1o y el r\u00edo Paran\u00e1, Rosario. 02.09.-07.11. + Museo Castagnino, Rosario. 02.09.-31.10.<\/li>\n<li>Silvina Trigos, obras textiles. Vicente L\u00f3pez 2220, Recoleta. Lun-Vie 14-18, S\u00e1b y Dom 15-19 hs. 02.09.-15.09.<\/li>\n<li>Stella Benvenuto, &#8220;Para\u00edso&#8221;. <a href=\"http:\/\/www.vanriel.com.ar\/\">Galer\u00eda van Riel<\/a>, Juncal 790, P.B. 02.09.-30.09.<\/li>\n<li>&#8220;Obsolescencia&#8221;, obras de Alberto Goldenstein, Gustavo Di Mario, Jorge Mi\u00f1o, Mart\u00edn Bonadeo, Toba Toba, Gustavo Silveti, James Richardson, Nicol\u00e1s Martella, Alejo Petrucci \/ Johanna Wilhelm, Aim\u00e9 Pastorino, Le\u00f3n Gonzalez Barreiro, Pablo Lehmann y Ana L\u00eda Werthein. Espacio Qualia, Cabrebra 5556, Palermo. 15-19 hs. 03.09.-19.09.<\/li>\n<li>Gaby Messina, &#8220;Lima, Kil\u00f3metro 100&#8221;, fotos. <a href=\"http:\/\/www.elsidelrio.com.ar\/\">Elsi del R\u00edo Arte Contempor\u00e1neo<\/a>, Humboldt 1510, Palermo Hollywood. Mar-Vie 14-20, S\u00e1b 11-15 hs. 06.09.-15.10.<\/li>\n<li>&#8220;Identidades en Tr\u00e1nsito&#8221;, fotos. Curadores: Tony Valdez y Silvia Mangialardi. En el marco del <a href=\"http:\/\/www.encuentrosabiertos.com.ar\/sitio\/contenidod.php\">Festival de la Luz<\/a> 2010. Casa de la Cultura, Av. de Mayo 575, 1er y 2do subsuelo. Desde 07.09.<\/li>\n<li>Jorge Rivara. &#8220;60 a\u00f1os de pintura&#8221;. Pabell\u00f3n de las Bellas Artes de la UCA, Alicia M. de Justo 1300, PB. Lun-S\u00e1b 11-19 hs. 07.09.-03.10.<\/li>\n<li>&#8220;Fotograf\u00eda en la Argentina 1840-2010&#8221;. Curadora: Valeria Gonz\u00e1lez. Arte x Arte, Lavalleja 1062. Lun-Vie 13-20 hs. Entrada libre y gratuita. 09.09.-26.11.<\/li>\n<li>Silvia Gurfein, &#8220;El libro de las excepciones&#8221;. Sala 1. \/ Rosana Schoijett, &#8220;Impresi\u00f3n&#8221;. Sala 2. \/ Dueto Trulala-la (del R\u00edo\/Herrera), &#8220;Lililibud&#8221;. Espacio Trastienda. Zavaleta Lab Arte Contempor\u00e1neo, Venezuela 571. Lun-Vie 11-20, S\u00e1b 11-14 hs. 09.09.-16.10.<\/li>\n<li>Pablo Gim\u00e9nez Zapiola, &#8220;Meaning in Motion&#8221;, fotos y videos. <a href=\"http:\/\/www.fundacionhampatu.org\/?utm_source=emBlue_Hampatu_Newsseptiembre&#038;utm_medium=1251427\">Galer\u00eda Luz de la Fundaci\u00f3n Hampatu<\/a>, Florida 835, 3\u00ba piso. Lun-Vie 10-20 hs. 09.09.-30.11.<\/li>\n<li><a href=\"http:\/\/www.nubiaozzi.blogspot.com\/\">Nubia Ozzi<\/a>, &#8220;Sueltos y de paso&#8221;, pinturas. Galer\u00eda Espacio 10, Guatemala 4757. Lun-Vie 15-20 hs. 13.09.-27.09.<\/li>\n<li>Etienne Gontard, &#8220;Patagonia fant\u00e1stica&#8221;, pinturas. <a href=\"http:\/\/www.holzgaleriadearte.com.ar\/\">Holz Galer\u00eda de Arte<\/a>, Arroyo 862. Inauguraci\u00f3n: 13.09., 19 hs. Hasta 23.09.<\/li>\n<li>Mart\u00edn Bonadeo, &#8220;Ficus Benjam\u00edna&#8221;, instalaci\u00f3n. <a href=\"http:\/\/www.dacilart.com\/\">Dacil<\/a>, Pasaje Soria 5125, Palermo. Mar-Vie 12-20, S\u00e1b 15-20 hs. Inauguraci\u00f3n: 15.09., 19 hs. Hasta 16.10.<\/li>\n<li>Emmanuel Santos, &#8220;Observances&#8221;, selecci\u00f3n de fotos sobre la di\u00e1spora jud\u00eda, tomadas alrededor del mundo durante los \u00faltimos 15 a\u00f1os. Espacio de Arte AMIA, Pasteur 633. Lun-Jue 10-19, Vie 10-16 hs. Inauguraci\u00f3n: 15.09., 19 hs. Hasta 14.10.<\/li>\n<\/ul>\n","protected":false},"excerpt":{"rendered":"<p>Klicken Sie hier, um die deutsche Version zu lesen. Agenda de Muestras 11\/09\/10-18\/09\/10 Por Susanne Franz El jueves se inaugur\u00f3 en el Malba la muestra &#8220;Alfredo Prior. Un verde pensar bajo una sombra verde&#8221;, dedicada a la producci\u00f3n reciente del artista argentino, con una selecci\u00f3n de 21 obras donde se destaca la materialidad de la [&hellip;]<\/p>\n","protected":false},"author":1,"featured_media":0,"comment_status":"open","ping_status":"open","sticky":false,"template":"","format":"standard","meta":{"footnotes":""},"categories":[3],"tags":[],"class_list":["post-3333","post","type-post","status-publish","format-standard","hentry","category-kalender-agenda"],"_links":{"self":[{"href":"https:\/\/kunstinargentinien.com\/index.php\/wp-json\/wp\/v2\/posts\/3333","targetHints":{"allow":["GET"]}}],"collection":[{"href":"https:\/\/kunstinargentinien.com\/index.php\/wp-json\/wp\/v2\/posts"}],"about":[{"href":"https:\/\/kunstinargentinien.com\/index.php\/wp-json\/wp\/v2\/types\/post"}],"author":[{"embeddable":true,"href":"https:\/\/kunstinargentinien.com\/index.php\/wp-json\/wp\/v2\/users\/1"}],"replies":[{"embeddable":true,"href":"https:\/\/kunstinargentinien.com\/index.php\/wp-json\/wp\/v2\/comments?post=3333"}],"version-history":[{"count":21,"href":"https:\/\/kunstinargentinien.com\/index.php\/wp-json\/wp\/v2\/posts\/3333\/revisions"}],"predecessor-version":[{"id":3419,"href":"https:\/\/kunstinargentinien.com\/index.php\/wp-json\/wp\/v2\/posts\/3333\/revisions\/3419"}],"wp:attachment":[{"href":"https:\/\/kunstinargentinien.com\/index.php\/wp-json\/wp\/v2\/media?parent=3333"}],"wp:term":[{"taxonomy":"category","embeddable":true,"href":"https:\/\/kunstinargentinien.com\/index.php\/wp-json\/wp\/v2\/categories?post=3333"},{"taxonomy":"post_tag","embeddable":true,"href":"https:\/\/kunstinargentinien.com\/index.php\/wp-json\/wp\/v2\/tags?post=3333"}],"curies":[{"name":"wp","href":"https:\/\/api.w.org\/{rel}","templated":true}]}}