{"id":3421,"date":"2010-09-17T16:57:33","date_gmt":"2010-09-17T19:57:33","guid":{"rendered":"http:\/\/kunstinargentinien.com\/?p=3421"},"modified":"2011-08-16T23:40:28","modified_gmt":"2011-08-17T02:40:28","slug":"lucia-alfonso-bei-kunst-in-argentinien","status":"publish","type":"post","link":"https:\/\/kunstinargentinien.com\/index.php\/2010\/09\/17\/lucia-alfonso-bei-kunst-in-argentinien\/","title":{"rendered":"Luc\u00eda Alfonso bei &#8220;Kunst in Argentinien&#8221;"},"content":{"rendered":"<p><strong>Pasi\u00f3n por la cultura<\/strong><\/p>\n<p><a href=\"http:\/\/kunstinargentinien.com\/wp-content\/uploads\/2010\/09\/lu.jpg\"><img loading=\"lazy\" decoding=\"async\" src=\"http:\/\/kunstinargentinien.com\/wp-content\/uploads\/2010\/09\/lu.jpg\" alt=\"\" title=\"lu\" width=\"250\" height=\"188\" class=\"alignleft size-full wp-image-3422\" \/><\/a>Mi nombre es Luc\u00eda Alfonso y estudi\u00e9 comunicaci\u00f3n social en la UBA. Di mis primeros pasos como periodista en el <a href=\"http:\/\/www.tageblatt.com.ar\/\">Argentinisches Tageblatt<\/a>. Fui colaboradora de Elle, Pro-Vocaci\u00f3n y tuve mi propia secci\u00f3n en <a href=\"http:\/\/www.educared.org.ar\/comunidades\/tamtam\/\">TamTam<\/a> (de Educared). Trabaj\u00e9 un poquito en televisi\u00f3n.<\/p>\n<p>Desde 2005 me desempe\u00f1o tambi\u00e9n en el \u00e1mbito de la educaci\u00f3n. Soy curiosa, quiero aprender siempre cosas nuevas y me gusta mucho reirme. Cuando era chica estudi\u00e9 teatro durante muchos a\u00f1os y es una pasi\u00f3n que jam\u00e1s me abandon\u00f3. Tambi\u00e9n me encantan el cine, la danza y los medios de comunicaci\u00f3n.<\/p>\n<p>Acerca de las obras, los artistas y el proceso creativo, escribir\u00e9 en este atractivo portal. Los invito a intercambiar experiencias, informaci\u00f3n y reflexiones sobre el mundo del arte, del cual siempre podemos aprender y al cual siempre podemos aportar.<\/p>\n","protected":false},"excerpt":{"rendered":"<p>Pasi\u00f3n por la cultura Mi nombre es Luc\u00eda Alfonso y estudi\u00e9 comunicaci\u00f3n social en la UBA. Di mis primeros pasos como periodista en el Argentinisches Tageblatt. Fui colaboradora de Elle, Pro-Vocaci\u00f3n y tuve mi propia secci\u00f3n en TamTam (de Educared). Trabaj\u00e9 un poquito en televisi\u00f3n. Desde 2005 me desempe\u00f1o tambi\u00e9n en el \u00e1mbito de la [&hellip;]<\/p>\n","protected":false},"author":1,"featured_media":0,"comment_status":"open","ping_status":"open","sticky":false,"template":"","format":"standard","meta":{"footnotes":""},"categories":[12],"tags":[],"class_list":["post-3421","post","type-post","status-publish","format-standard","hentry","category-mitarbeiter-colaboradores"],"_links":{"self":[{"href":"https:\/\/kunstinargentinien.com\/index.php\/wp-json\/wp\/v2\/posts\/3421","targetHints":{"allow":["GET"]}}],"collection":[{"href":"https:\/\/kunstinargentinien.com\/index.php\/wp-json\/wp\/v2\/posts"}],"about":[{"href":"https:\/\/kunstinargentinien.com\/index.php\/wp-json\/wp\/v2\/types\/post"}],"author":[{"embeddable":true,"href":"https:\/\/kunstinargentinien.com\/index.php\/wp-json\/wp\/v2\/users\/1"}],"replies":[{"embeddable":true,"href":"https:\/\/kunstinargentinien.com\/index.php\/wp-json\/wp\/v2\/comments?post=3421"}],"version-history":[{"count":7,"href":"https:\/\/kunstinargentinien.com\/index.php\/wp-json\/wp\/v2\/posts\/3421\/revisions"}],"predecessor-version":[{"id":8488,"href":"https:\/\/kunstinargentinien.com\/index.php\/wp-json\/wp\/v2\/posts\/3421\/revisions\/8488"}],"wp:attachment":[{"href":"https:\/\/kunstinargentinien.com\/index.php\/wp-json\/wp\/v2\/media?parent=3421"}],"wp:term":[{"taxonomy":"category","embeddable":true,"href":"https:\/\/kunstinargentinien.com\/index.php\/wp-json\/wp\/v2\/categories?post=3421"},{"taxonomy":"post_tag","embeddable":true,"href":"https:\/\/kunstinargentinien.com\/index.php\/wp-json\/wp\/v2\/tags?post=3421"}],"curies":[{"name":"wp","href":"https:\/\/api.w.org\/{rel}","templated":true}]}}