{"id":3689,"date":"2010-10-09T14:20:07","date_gmt":"2010-10-09T17:20:07","guid":{"rendered":"http:\/\/kunstinargentinien.com\/?p=3689"},"modified":"2010-10-22T14:58:41","modified_gmt":"2010-10-22T17:58:41","slug":"bunt-schrill-sympathisch","status":"publish","type":"post","link":"https:\/\/kunstinargentinien.com\/index.php\/2010\/10\/09\/bunt-schrill-sympathisch\/","title":{"rendered":"Bunt, schrill, sympathisch"},"content":{"rendered":"<p><a href=\"http:\/\/kunstinargentinien.com\/index.php\/2010\/10\/09\/colorida-estridente-simpatica\/\">Click aqu\u00ed para leer la versi\u00f3n en castellano.<\/a><\/p>\n<p><strong>Argentinien pr\u00e4sentiert sich auf der Frankfurter Buchmesse chaotisch wie ein Wochentag in Buenos Aires<\/p>\n<p><em>Von J\u00fcrgen Ramspeck<\/em><\/strong><\/p>\n<p><a href=\"http:\/\/kunstinargentinien.com\/wp-content\/uploads\/2010\/10\/buchmesse11.jpg\"><img loading=\"lazy\" decoding=\"async\" src=\"http:\/\/kunstinargentinien.com\/wp-content\/uploads\/2010\/10\/buchmesse11.jpg\" alt=\"\" title=\"buchmesse11\" width=\"250\" height=\"204\" class=\"alignleft size-full wp-image-3690\" \/><\/a>In der Dunkelheit fallen von links und rechts riesige wei\u00dfe glatte Vorh\u00e4nge wie Kinoleinw\u00e4nde von der Decke. Darauf: Zeichnungen der bedeutendsten Schriftsteller Argentiniens. S\u00e1bato, Borges, C\u00f3rtazar, aber auch Bartolom\u00e9 Mitre oder Haroldo Conti. Sie werden sanft umrankt von Zitaten ihres Schaffens. Am Ende des kalt und schwach erleuchteten Ganges zwischen den Vorh\u00e4ngen klagen mehrere W\u00e4nde mit Passfotos die Verschwundenen der Milit\u00e4rdiktatur an, w\u00e4hrend gleich links davon eine von innen mit R\u00f6hren beleuchtete Plastik die Natursch\u00f6nheiten Argentiniens anpreist.<\/p>\n<p>Argentinien ist Ehrengast der Buchmesse 2010 in Frankfurt aus Anlass des Bicentenarios. Der Auftritt im eigens f\u00fcr das Gastland reservierten Pavillons wirkt h\u00f6chst professionell und modern. Zugleich zeigt es aber auch die Ohnmacht, Kultur, Geschichte und vor allem die Literatur aus 200 Jahren auf 2000 Quadratmetern zusammenstellen zu wollen. Da wirkt der ponygro\u00dfe Dinosauriersch\u00e4del zwischen den Vorh\u00e4ngen und den B\u00fccherregalen wie der verzweifelte Versuch, eine fossile Br\u00fccke zwischen Vergangenheit und Gegenwart zu schlagen.<!--more--><\/p>\n<p>Neben einem dunkelbraunen Kost\u00fcm Evitas fordert Diego mit Tr\u00e4nen in den Augen, man m\u00f6ge den Fu\u00dfball nicht beflecken. Direkt daneben k\u00f6nnen Mates aus quietsch-orangenem Gummi bestaunt werden. \u00c4hnlich wie die Dekoration des Pavillons hat das Comit\u00e9 Organizador para la Feria del Libro de Francfort (COFRA) auch das Programm zusammengestellt. \u00dcber 200 B\u00fccher von \u00fcber 70 Autoren lie\u00df das COFRA f\u00fcr die Buchmesse ins Deutsche \u00fcbersetzen &#8211; so viel wie kein Gastland zuvor.<\/p>\n<p>Auf der Aktionsb\u00fchne zwischen Dinosauriersch\u00e4del und einem mit Flachbildschirmen und Projektionen erleuchteten Argentinien-Fanshop diskutieren Schriftsteller und Verleger mit dem Publikum. So folgen auf Hommagen an S\u00e1bato und Lesungen von Borges-Witwe Mar\u00eda Kodama Diskussionen \u00fcber den literarischen Anspruch von Fu\u00dfball-Literatur (unter anderem mit Eduardo Sacheri und Sergio Olguin) und die Herausforderungen der Literatur 2.0 f\u00fcr junge Autoren.<\/p>\n<p>So verweilen die Schwerpunkte in einem notwendigen Umfang auf den &#8220;Klassikern&#8221; der argentinischen Literatur, auch wenn Borges &#8220;aber auch wirklich in jeder einzelnen Diskussion angesprochen wird&#8221;, wie der Zeichner Miguel Rep anmerkt, der Karikaturen der K\u00fcnstler an die wei\u00dfe Wand hinter der Aktionsb\u00fchne zeichnet.<\/p>\n<p>Argentinien pr\u00e4sentiert sich auf der Buchmesse so divers und widerspr\u00fcchlich wie ein ganz normaler Wochentag in Buenos Aires. Bunt, laut, schrill, ein bisschen kalt, ironisch und doch auf seine ganz eigene Weise sympathisch. Die Besucher der Buchmesse k\u00f6nnen im Verlauf der f\u00fcnf Tage Argentinien mit dem Antlitz jugendlicher, nachdenklicher, aber auch in die Zukunft gerichteter Schriftsteller kennenlernen &#8211; wie zum Beispiel Claudia Pi\u00f1eiro oder Pablo de Santis. Deren Gesichter werden dann vielleicht eines Tages die Vorh\u00e4nge einer Buchmesse zieren, bei der sich Argentinien wieder als Ehrengast vorstellen darf.<\/p>\n<p><strong>Foto oben:<\/strong><\/p>\n<p>In Frankfurt wurde auch ein neues Buch \u00fcber das <a href=\"http:\/\/www.tageblatt.com.ar\/\">Argentinische Tageblatt<\/a> vorgestellt.<\/p>\n","protected":false},"excerpt":{"rendered":"<p>Click aqu\u00ed para leer la versi\u00f3n en castellano. Argentinien pr\u00e4sentiert sich auf der Frankfurter Buchmesse chaotisch wie ein Wochentag in Buenos Aires Von J\u00fcrgen Ramspeck In der Dunkelheit fallen von links und rechts riesige wei\u00dfe glatte Vorh\u00e4nge wie Kinoleinw\u00e4nde von der Decke. Darauf: Zeichnungen der bedeutendsten Schriftsteller Argentiniens. S\u00e1bato, Borges, C\u00f3rtazar, aber auch Bartolom\u00e9 Mitre [&hellip;]<\/p>\n","protected":false},"author":1,"featured_media":0,"comment_status":"open","ping_status":"open","sticky":false,"template":"","format":"standard","meta":{"footnotes":""},"categories":[1],"tags":[],"class_list":["post-3689","post","type-post","status-publish","format-standard","hentry","category-allgemein-general"],"_links":{"self":[{"href":"https:\/\/kunstinargentinien.com\/index.php\/wp-json\/wp\/v2\/posts\/3689","targetHints":{"allow":["GET"]}}],"collection":[{"href":"https:\/\/kunstinargentinien.com\/index.php\/wp-json\/wp\/v2\/posts"}],"about":[{"href":"https:\/\/kunstinargentinien.com\/index.php\/wp-json\/wp\/v2\/types\/post"}],"author":[{"embeddable":true,"href":"https:\/\/kunstinargentinien.com\/index.php\/wp-json\/wp\/v2\/users\/1"}],"replies":[{"embeddable":true,"href":"https:\/\/kunstinargentinien.com\/index.php\/wp-json\/wp\/v2\/comments?post=3689"}],"version-history":[{"count":7,"href":"https:\/\/kunstinargentinien.com\/index.php\/wp-json\/wp\/v2\/posts\/3689\/revisions"}],"predecessor-version":[{"id":3783,"href":"https:\/\/kunstinargentinien.com\/index.php\/wp-json\/wp\/v2\/posts\/3689\/revisions\/3783"}],"wp:attachment":[{"href":"https:\/\/kunstinargentinien.com\/index.php\/wp-json\/wp\/v2\/media?parent=3689"}],"wp:term":[{"taxonomy":"category","embeddable":true,"href":"https:\/\/kunstinargentinien.com\/index.php\/wp-json\/wp\/v2\/categories?post=3689"},{"taxonomy":"post_tag","embeddable":true,"href":"https:\/\/kunstinargentinien.com\/index.php\/wp-json\/wp\/v2\/tags?post=3689"}],"curies":[{"name":"wp","href":"https:\/\/api.w.org\/{rel}","templated":true}]}}