{"id":3752,"date":"2010-10-16T19:34:20","date_gmt":"2010-10-16T22:34:20","guid":{"rendered":"http:\/\/kunstinargentinien.com\/?p=3752"},"modified":"2010-10-17T17:01:12","modified_gmt":"2010-10-17T20:01:12","slug":"kalender-agenda-241","status":"publish","type":"post","link":"https:\/\/kunstinargentinien.com\/index.php\/2010\/10\/16\/kalender-agenda-241\/","title":{"rendered":"Kalender \/ Agenda"},"content":{"rendered":"<p><a href=\"http:\/\/kunstinargentinien.com\/index.php\/2010\/10\/16\/agenda-kalender-235\/\">Click aqu\u00ed\u00ad para leer la versi\u00f3n en castellano.<\/a><\/p>\n<p><strong>Ausstellungskalender 16\/10\/10-23\/10\/10<\/p>\n<p><em>Von Susanne Franz<\/em><\/strong><\/p>\n<p><a href=\"http:\/\/kunstinargentinien.com\/wp-content\/uploads\/2010\/10\/ana11.jpg\"><img loading=\"lazy\" decoding=\"async\" src=\"http:\/\/kunstinargentinien.com\/wp-content\/uploads\/2010\/10\/ana11.jpg\" alt=\"\" title=\"ana11\" width=\"250\" height=\"278\" class=\"alignleft size-full wp-image-3748\" \/><\/a>Am heutigen Samstagmittag wurde im Museo S\u00edvori die Ausstellung &#8220;La \u00faltima curva&#8221; mit rund 40 Gem\u00e4lden der argentinischen K\u00fcnstlerin Ana Eckell er\u00f6ffnet. Geschaffen in einem Zeitraum zwischen 1982 und 2010, war bislang fast keines der hier gezeigten Werke in Argentinien ausgestellt.<\/p>\n<p>Der sch\u00f6ne Fr\u00fchlingstag hatte viele Menschen in die Palermo-Parks gelockt, und es waren eine Menge Jogger, Radfahrer und Skater unterwegs. Im Museum hatte sich eine stattliche Anzahl an Kunstliebhabern, K\u00fcnstlerkollegen, Sch\u00fclern und Freunden Anas versammelt, um ihr zu ihrer beeindruckenden Ausstellung zu gratulieren.<\/p>\n<p>Einen Vorgeschmack auf die Schau erh\u00e4lt man in der Eingangshalle des Museums, die weitaus gr\u00f6\u00dfte Zahl an Werken befindet sich im gro\u00dfen Ausstellungssaal gleich neben der Museumskasse.<\/p>\n<p>Hervorzuheben ist, dass die Werke aus so verschiedenen Schaffensphasen der K\u00fcnstlerin nicht in chronologischer Reihenfolge angeordnet sind, was den Rundgang durch den dezent beleuchteten Saal zu einer wahren \u00dcberraschungstour macht. Denn w\u00e4hrend einige Werke Anas eine meditative Wirkung besitzen, sind andere voller wilder Emotionen. Auch Wechsel in der Bildsprache sind teilweise krass, wenn zum Beispiel barocke F\u00fclle asketischer Leere Platz macht.<\/p>\n<p>Anas unverwechselbarer Stil ist jedoch allen Werken eigen, ihr Mut, ihre Kreativit\u00e4t, ihr Humor, ihr sensibler Blick und ihre gro\u00dfe Menschlichkeit.<\/p>\n<p>Ein Besuch ist sehr zu empfehlen!<\/p>\n<p>Die Ausstellungen dieser Woche:<!--more--><\/p>\n<p><strong><em>Ausstellungszentren<\/em><\/strong><\/p>\n<ul>\n<li><a href=\"http:\/\/www.malba.org.ar\/web\/\">Malba<\/a> (Museo de Arte Latinoamericano de Buenos Aires), Av. Figueroa Alcorta 3415 (Do-Mo und feiertags 12-20 Uhr, mittwochs bis 21 Uhr, dienstags geschlossen. Eintritt 20 Pesos, Lehrer und Rentner 10 Pesos, Studenten 10 Pesos, unter 5-J\u00e4hrige gratis. Mittwochs: Eintritt 8 Pesos, Lehrer und Rentner 4 Pesos, Studenten gratis): &#8220;Geometr\u00eda en el siglo XX en la Daimler Art Collection&#8221; (Geometrische Kunst im 20. Jh. in der Daimler Art Collection). Organisiert von Mercedes-Benz Argentina. Kuratorin: Renate Wiehager. Saal 5 (2. Stock). 12.8.-25.10. \/ Alfredo Prior, &#8220;Un verde pensar bajo una sombra verde&#8221;. Saal 3 (1. Stock). 9.9.-1.11. \/ Contempor\u00e1neo 26: Silvia Rivas, &#8220;Zumbido&#8221;. Gastkurator: Franklin Espath Pedroso. Saal 1 (Erdgeschoss). 9.9.-22.11.<\/li>\n<li><a href=\"http:\/\/www.ccborges.org.ar\/index2.htm\">Centro Cultural Borges<\/a>, Viamonte Ecke San Mart\u00edn (Mo-Sa 10-21, So 12-21 Uhr. Erwachsene: 15 Pesos, Rentner und Studenten 10 Pesos, unter 12-J\u00e4hrige gratis. Seit 4.10. &#8220;Plan Primavera&#8221;: Montags gratis): &#8220;Los muralistas en Galer\u00edas Pac\u00edfico&#8221;, Ausstellung \u00fcber die Kuppel-Malereien in den Galer\u00edas Pac\u00edfico, die vor mehr als 60 Jahren von Antonio Berni, Lino Enea Spilimbergo, Juan Carlos Castagnino, Demetrio Urruch\u00faa und Manuel Colmeiro angefertigt wurden. Seit 30.9. \/ &#8220;Julio Le Parc &#8211; otra mirada&#8221;, Intervention\/Projektion des ber\u00fchmten, in Frankreich lebenden K\u00fcnstlers zu Ehren dieser Meister. Er\u00f6ffnung: 20.10., 19 Uhr. \/ Steve McCurry (USA), &#8220;Culturas&#8221;, Fotos. Bis 17.10.<\/li>\n<li><a href=\"http:\/\/centroculturalrecoleta.org\/ccr-sp\/\">Centro Cultural Recoleta<\/a>, Jun\u00edn 1930 (Mo-Fr 14-21, Sa, So und feiertags 10-21 Uhr. Eintritt frei): XI. Ausgabe des Foto-Wettbewerbs &#8220;Gente de mi ciudad&#8221; (Leute meiner Stadt). Organisiert von Banco Ciudad. Jury: Carlos Furman, Marcelo Grosman, Marcela Heiss, Silvia Mangialardi und Gabriel Valansi. Saal 12. 1.10.-31.10.<\/li>\n<li>Museo Eduardo S\u00edvori, Av. Infanta Isabel 555, gegen\u00fcber der Br\u00fccke zum Rosengarten des Palermo-Parks (Di-Fr 12-20, Sa, So und feiertags 10-20 Uhr. Eintritt 1 Peso, Mi und Sa gratis): Ra\u00fal Russo (1912-1984), Milo Lockett, &#8220;Je\u2019Ta Rova Nde Che Yuy&#8221; (Los rostros de mi tierra). 9.9.-17.10. \/ &#8220;IV. Premio Nacional de Pintura Banco Central&#8221; 2010. Seit 13.10. \/ Ana Eckell, &#8220;La \u00faltima curva&#8221;, Werke 1982-2010. 16.10.-21.11.<\/li>\n<li><a href=\"http:\/\/www.pabellon4.com\/\">Pabell\u00f3n 4<\/a>, Uriarte 1332 (Mo-Sa 16-20 Uhr): Paula Pellejero, &#8220;Planchada&#8221;, Gem\u00e4lde. Saal I. 5.10.-30.10. \/ Fernando Laub, &#8220;F\u00e1brica de neuronas&#8221;, visuelle und Klang-Installation. Saal II. 5.10.-30.10. \/ Fabiana Barreda, &#8220;Satori jard\u00edn de sakuras&#8221;, Fotos und Videoinstallation. Saal III. 5.10.-30.10.<\/li>\n<li>FotoGaler\u00eda des San Mart\u00ed\u00adn-Theaters, Av. Corrientes 1530 (Mo-Fr ab 12, Sa und So ab 14 Uhr, bis zum Ende der Aktivit\u00e4ten des Tages im Theater. Eintritt frei): Larry Fink (USA), &#8220;Fotograf\u00edas&#8221;. Unter der Schirmherrschaft der US-Botschaft. &#8220;FotoGaler\u00eda&#8221;. 5.10.-31.10. \/ Julie Weisz, &#8220;Teatro porte\u00f1o en los \u201980&#8221;. Im 1. Stock der Eingangshalle &#8220;Carlos Morel&#8221;. 5.10.-31.10.<\/li>\n<\/ul>\n<p><em><strong>Sonstige Ausstellungen<\/strong><\/em><\/p>\n<ul>\n<li>&#8220;Sur Polar II &#8211; Arte en Ant\u00e1rtida&#8221; (Sur Polar II &#8211; Kunst in der Antarktis), urbane Interventionen. Werke von Lorraine Beaulieu (Kanada), Erika Blumenfeld (USA), Philippe Boissonnet (Kanada), Werner Dafeldecker (\u00d6sterreich), Lawrence English (Australien), Andrea Juan (Argentinien), Mireya Mas\u00f3 (Spanien), Ntsikelelo Ntshingila (S\u00fcdafrika), Amanda Rodr\u00edguez Alves (Brasilien), Dami\u00e1n Roth (Argentinien), Mat\u00edas Roth (Argentinien), Philip Samartzis (Australien), Marcela Santant\u00f3n (Argentinien), Marty St. James (Gro\u00dfbritannien). Centro Cultural de Espa\u00f1a en Buenos Aires (CCEBA), Filiale San Telmo, Humberto Primo Ecke Balcarce. 7.8.-30.10.<\/li>\n<li>Mart\u00edn Riwnyj, &#8220;Naturaleza Urbana&#8221;. De Santi Galer\u00eda de Arte, Esmeralda 982. Mo-Fr 11-19 Uhr. 19.8.-20.10.<\/li>\n<li>&#8220;Emilio Patarca, maestro orfebre&#8221;. <a href=\"http:\/\/www.mnad.org\/\">Museo Nacional de Arte Decorativo<\/a>, Av. del Libertador 1902. 24.8.-17.10.<\/li>\n<li>Miguel \u00c1ngel Vidal (1928-2009), Retrospektive. Kuratorin: Mar\u00eda Silvia Corcuera. <a href=\"http:\/\/www.angelguidoartproject.com\/_v2\/home.php\">\u00c1ngel Guido Art Project<\/a>, Suipacha 1217. Mo-Fr 12-20 Uhr. 1.9.-22.10.<\/li>\n<li><a href=\"http:\/\/www.macromuseo.org.ar\/destacados\/klemm.html\">&#8220;El banquete telem\u00e1tico de la pintura: Federico Klemm&#8221;<\/a>. Kurator: Roberto Echen. Museo macro, Bv. Oro\u00f1o und R\u00edo Paran\u00e1, Rosario. 2.9.-7.11. + Museo Castagnino, Rosario. 2.9.-31.10.<\/li>\n<li>Eduardo Iglesias Brickles, &#8220;Adi\u00f3s desde el and\u00e9n&#8221;, gro\u00dfformatige Werke. Halle des &#8220;Edificio Jos\u00e9 Hern\u00e1ndez&#8221;, <a href=\"http:\/\/www.unla.edu.ar\/\">Universidad Nacional de Lan\u00fas<\/a>, Remedios de Escalada, Lan\u00fas, Provinz Buenos Aires. Mo-Fr 8-22, Sa 8-19 Uhr. 8.9.-10.11.<\/li>\n<li>&#8220;Fotograf\u00eda en la Argentina 1840-2010&#8221;. Kuratorin: Valeria Gonz\u00e1lez. Arte x Arte, Lavalleja 1062. Mo-Fr 13-20 Uhr. Eintritt frei. 9.9.-26.11.<\/li>\n<li>Pablo Gim\u00e9nez Zapiola, &#8220;Meaning in Motion&#8221;, Fotos und Videos. <a href=\"http:\/\/www.fundacionhampatu.org\/?utm_source=emBlue_Hampatu_Newsseptiembre&#038;utm_medium=1251427\">&#8220;Galer\u00eda Luz&#8221; der Stiftung Hampatu<\/a>, Florida 835, 3. Stock. Mo-Fr 10-20 Uhr. 9.9.-30.11.<\/li>\n<li>&#8220;99. Sal\u00f3n Nacional de las Artes&#8221;, die preisgekr\u00f6nten Werke in den acht Disziplinen (Malerei, Zeichnung, Bildhauerei, Textilkunst, Keramik, Graphik, Fotografie, Neue Techniken und Installationen), und die ausgew\u00e4hlten Werke in der Disziplin Malerei. <a href=\"http:\/\/www.palaisdeglace.gob.ar\/\">Palais de Glace<\/a>, Posadas 1725. Di-Fr 12-20, Sa und So 10-20 Uhr. Eintritt frei. 23.9.-17.10.<\/li>\n<li><a href=\"http:\/\/www.rodolfozagert.com\/\">Rodolfo Zagert<\/a>, &#8220;Marilyns&#8221;. &#8220;Living de Arte&#8221;, Per\u00fa 677, San Telmo. 23.9.-31.12.<\/li>\n<li>Jorge Diciervo, &#8220;Las formas liberadas&#8221;, Gem\u00e4lde und Skulpturen. Galer\u00eda Van Eyck, Av. Santa Fe 834. Mo-Fr 11-20, Sa 11-13 Uhr. 23.9.-23.10.<\/li>\n<li>Alberto Mar\u00eda Williams, Zeichnungen. Galer\u00ed\u00ada Atica, Libertad 1240, PB (Erdgeschoss) &#8220;9&#8221;. Mo-Fr 11-13 und 15-20, Sa 11-13.30 Uhr. 28.9.-23.10.<\/li>\n<li>&#8220;Elixir&#8221;. <a href=\"http:\/\/www.wussmann.com\/index.php\">Galer\u00eda Wussmann<\/a>, Venezuela 570, San Telmo. Seit 30.9.<\/li>\n<li>&#8220;Un libro en veinte manos&#8221; (Ein Buch in zwanzig H\u00e4nden). Von 20 K\u00fcnstlern gestaltete Einb\u00e4nde des Buches &#8220;La mampara&#8221; (1946) der chilenischen Autorin Marta Brunet. Librer\u00eda Libros del Pasaje, Thames 1762. T\u00e4glich 14-22 Uhr. 1.10.-31.10.<\/li>\n<li>&#8220;Esculturas en el Jard\u00edn&#8221;,  XIX. und letzte Ausgabe. Kuratorin: Nelly Perazzo. Werke von Natalia Abot Glenz, Claudia Aranovich, Alberto Bast\u00f3n D\u00edaz, M\u00f3nica Canzio, Mar\u00eda Silvia Corcuera, Salvador Costanzo, Hern\u00e1n Domp\u00e9, Pablo Domp\u00e9, Magda Frank, Lidia Galego, Jorge Gamarra, Eulalia Gentile Munich, P\u00e1jaro G\u00f3mez, Mary Guallar, Gabriela Heras, Dora Isdatne, Mar\u00eda Esther Joao, Pablo Larreta, Susana Lescano, Ana Lizaso, Edgardo Madanes, Fabio Miniotti, Luc\u00eda Pacenza, Marina Papadopoulos, Jos\u00e9 Piuma, Norma Siguelboim, Cristina Tomsig, Teresa Tronconi, Paulina Webb, Alfredo Williams, Gerardo Wolgemuth, Carola Zech. Museo de Arte Espa\u00f1ol Enrique Larreta, Juramento 2291. Mo-Fr 13-19, Sa, So und feiertags 10-20 Uhr. Eintritt $ 1, Do gratis. 2.10.-7.11.<\/li>\n<li>&#8220;Del piso al techo: Una antolog\u00eda del dibujo contempor\u00e1neo&#8221; (Vom Boden bis zur Decke: Eine Anthologie der zeitgen\u00f6ssischen Zeichnung). Kuratoren: Eduardo Stup\u00eda, Alejandro Vautier. Werke von Adriana Ablin, Manuel Ameztoy, Mariano Dal Verme, Diana Dreyfus, Simone Erwerle, Pablo Guiot, Cynthia Kampelmacher, Fabi\u00e1n Marcaccio, M\u00f3nica Mill\u00e1n, Agustina N\u00fa\u00f1ez, Alberto Passolini, Ana Periss\u00e9, Paula Senderowicz, Juli\u00e1n Ter\u00e1n, Rom\u00e1n Vitali, Florencia Walfisch und vielen anderen. Chez Vautier, Uspallata 2181, 1. Stock &#8220;A&#8221;, Parque Patricios. Terminvereinbarungen: 15-6769-6581. Seit 2.10. Schlussveranstaltung: 23.10., 17-21 Uhr.<\/li>\n<li>Mar\u00eda Jos\u00e9 P\u00e9rez, &#8220;Pinturas&#8221;. Decastelli Arte, Chile 354, San Telmo. So-Fr 11-18 Uhr. 3.10.-31.10.<\/li>\n<li>Martha Zuik, &#8220;V\u00ednculos&#8221;, Gem\u00e4lde und Skulpturen. <a href=\"http:\/\/www.artezamora.com.ar\/\">Zamora Arte<\/a>, Guido 1831. Mo-Fr 10-13 und 15-20, Sa 10.30-14 Uhr. 5.10.-30.10.<\/li>\n<li>Marcos L\u00f3pez, &#8220;Exceso&#8221;, Fotos. Ruth Benzacar, Florida 1000. Mo-Fr 11.30-20 Uhr. 6.10.-12.11.<\/li>\n<li>Alejandro Andriuolo, Hommage-Ausstellung. Galer\u00eda Rubbers Internacional, Av. Alvear 1595. Mo-Fr 11-20, Sa 11-13.30 Uhr. 6.10.-30.10.<\/li>\n<li>Adriana Zaefferer, Gem\u00e4lde. Galer\u00eda El Socorro, Suipacha 1331. Mo-Fr 11-13 und 16-21 Uhr. 6.10.-18.10.<\/li>\n<li>Martha Posner (USA), &#8220;Piel desconocida &#8211; El esp\u00edritu y la carne&#8221; (Unfamiliar skin &#8211; The spirit and the flesh). Kurator: Alberto Giudici. Centro Cultural de la Cooperaci\u00f3n, Av. Corrientes 1543, Abraham Vigo-Saal. Mo-Sa 10-22, So 17-20.30 Uhr. Seit 7.10.<\/li>\n<li>&#8220;Bizarra&#8221;, Gem\u00e4lde von Marcelo Bordese, Carlos Masoch und Miguel Ronsino. MasottaTorres, M\u00e9xico 459, San Telmo. Mo-Fr 14-20 Uhr. Seit 7.10.<\/li>\n<li>Marina Curci, &#8220;En el Bosque&#8221;, Gem\u00e4lde. RO Galer\u00eda de Arte, Paran\u00e1 1158. Mo-Fr 14-20 Uhr. Seit 7.10.<\/li>\n<li>Mirta Narosky, &#8220;Peque\u00f1os V\u00f3rtices&#8221;, Gem\u00e4lde. Galer\u00eda de la Imprenta, Tucum\u00e1n 1586. Seit 7.10.-3.11.<\/li>\n<li><a href=\"http:\/\/www.rodolfozagert.com\/\">Rodolfo Zagert<\/a>, &#8220;Pinturas recientes&#8221;. MACLA (Museo de Arte Contempor\u00e1neo Latinoamericano), Calle 50 entre 6 y 7, La Plata, Prov. Buenos Aires. 8.10.-31.10.<\/li>\n<li>&#8220;ExpoGrabado 2010&#8221;. <a href=\"http:\/\/www.fund-romuloraggio.org.ar\/\">Fundaci\u00f3n R\u00f3mulo Raggio<\/a>, Gaspar Campos 861, Vicente L\u00f3pez. Seit 8.10.<\/li>\n<li>Melina Berkenwald, &#8220;Irreversibilidad&#8221;. <a href=\"http:\/\/www.galeriavasari.com.ar\/\">Galer\u00eda Vasari<\/a>, Esmeralda 1357. Seit 13.10.<\/li>\n<li>&#8220;La Acci\u00f3n y su Registro&#8221; (Die Aktion und ihre Aufzeichnung). Kuratorin: Adriana Lauria. Werke von Dalila Puzzovio, Charlie Squirru, David Lamelas, Gast\u00f3n P\u00e9rsico, Marta Minuj\u00edn, Nushi Muntaabski, Res, Carlos Trilnick, Eugenia Calvo, Anank\u00e9 Asseff, Rosana Simonassi, Flavia Da Rin, Sebasti\u00e1n Pinciroli. Fundaci\u00f3n Federico Jorge Klemm, Marcelo T. de Alvear 626. Seit 14.10.<\/li>\n<li>&#8220;Rutas de M\u00e9xico&#8221;, Fotos. Museo de Arte Hispanoamericano &#8220;Isaac Fern\u00e1ndez Blanco&#8221;, Suipacha 1422. Di-Fr 14-19, Sa, So und feiertags 11-19 Uhr. Eintritt 1 Peso, Do gratis. Er\u00f6ffnung: 18.10., 19 Uhr. Bis 7.11.<\/li>\n<\/ul>\n","protected":false},"excerpt":{"rendered":"<p>Click aqu\u00ed\u00ad para leer la versi\u00f3n en castellano. Ausstellungskalender 16\/10\/10-23\/10\/10 Von Susanne Franz Am heutigen Samstagmittag wurde im Museo S\u00edvori die Ausstellung &#8220;La \u00faltima curva&#8221; mit rund 40 Gem\u00e4lden der argentinischen K\u00fcnstlerin Ana Eckell er\u00f6ffnet. Geschaffen in einem Zeitraum zwischen 1982 und 2010, war bislang fast keines der hier gezeigten Werke in Argentinien ausgestellt. Der [&hellip;]<\/p>\n","protected":false},"author":1,"featured_media":0,"comment_status":"open","ping_status":"open","sticky":false,"template":"","format":"standard","meta":{"footnotes":""},"categories":[3],"tags":[],"class_list":["post-3752","post","type-post","status-publish","format-standard","hentry","category-kalender-agenda"],"_links":{"self":[{"href":"https:\/\/kunstinargentinien.com\/index.php\/wp-json\/wp\/v2\/posts\/3752","targetHints":{"allow":["GET"]}}],"collection":[{"href":"https:\/\/kunstinargentinien.com\/index.php\/wp-json\/wp\/v2\/posts"}],"about":[{"href":"https:\/\/kunstinargentinien.com\/index.php\/wp-json\/wp\/v2\/types\/post"}],"author":[{"embeddable":true,"href":"https:\/\/kunstinargentinien.com\/index.php\/wp-json\/wp\/v2\/users\/1"}],"replies":[{"embeddable":true,"href":"https:\/\/kunstinargentinien.com\/index.php\/wp-json\/wp\/v2\/comments?post=3752"}],"version-history":[{"count":6,"href":"https:\/\/kunstinargentinien.com\/index.php\/wp-json\/wp\/v2\/posts\/3752\/revisions"}],"predecessor-version":[{"id":3769,"href":"https:\/\/kunstinargentinien.com\/index.php\/wp-json\/wp\/v2\/posts\/3752\/revisions\/3769"}],"wp:attachment":[{"href":"https:\/\/kunstinargentinien.com\/index.php\/wp-json\/wp\/v2\/media?parent=3752"}],"wp:term":[{"taxonomy":"category","embeddable":true,"href":"https:\/\/kunstinargentinien.com\/index.php\/wp-json\/wp\/v2\/categories?post=3752"},{"taxonomy":"post_tag","embeddable":true,"href":"https:\/\/kunstinargentinien.com\/index.php\/wp-json\/wp\/v2\/tags?post=3752"}],"curies":[{"name":"wp","href":"https:\/\/api.w.org\/{rel}","templated":true}]}}