{"id":3825,"date":"2010-10-06T13:05:14","date_gmt":"2010-10-06T16:05:14","guid":{"rendered":"http:\/\/kunstinargentinien.com\/?p=3825"},"modified":"2010-11-20T21:29:13","modified_gmt":"2010-11-21T00:29:13","slug":"carancho-en-carrera-hacia-el-oscar","status":"publish","type":"post","link":"https:\/\/kunstinargentinien.com\/index.php\/2010\/10\/06\/carancho-en-carrera-hacia-el-oscar\/","title":{"rendered":"&#8220;Carancho&#8221; en carrera hacia el Oscar"},"content":{"rendered":"<p><a href=\"http:\/\/kunstinargentinien.com\/index.php\/2010\/10\/06\/carancho-im-oscarrennen\/\">Klicken Sie hier, um die deutsche Version zu lesen.<\/a><\/p>\n<p><strong>La candidata argentina a la mejor pel\u00edcula extranjera<\/p>\n<p><em>Por Dilay T\u00fcrk<\/em><\/strong><\/p>\n<p><a href=\"http:\/\/kunstinargentinien.com\/wp-content\/uploads\/2010\/10\/carancho11.jpg\"><img loading=\"lazy\" decoding=\"async\" src=\"http:\/\/kunstinargentinien.com\/wp-content\/uploads\/2010\/10\/carancho11.jpg\" alt=\"\" title=\"carancho11\" width=\"250\" height=\"184\" class=\"alignleft size-full wp-image-3668\" \/><\/a>&#8220;Carancho&#8221;, la pel\u00edcula de Pablo Trapero, con Ricardo Dar\u00edn y Martina Gusm\u00e1n, ser\u00e1 la candidata argentina al ansiado Oscar para la mejor pel\u00edcula extranjera. El jurado de la &#8220;Academia de las Artes y Ciencias Cinematogr\u00e1ficas&#8221; declar\u00f3 el viernes que esta pel\u00edcula es la que tiene &#8220;el mayor potencial para competir con otras pel\u00edculas internacionales por el Academy Award&#8221;.<\/p>\n<p>&#8220;Carancho&#8221; se impuso con 20 votos a &#8220;El hombre de al lado&#8221; con 13 y &#8220;Dos hermanos&#8221; con 10. La pel\u00edcula se trata de un abogado especializado en accidentes de tr\u00e1nsito, que se beneficia econ\u00f3micamente de las tragedias cotidianas, y una joven m\u00e9dica idealista, que quiere salvar vidas humanas. Cuando se enamoran, la historia toma su rumbo.<\/p>\n<p>De los env\u00edos de aproximadamente 60 pa\u00edses, el 25 de enero del 2011 se seleccionar\u00e1 una lista de cinco candidatas, de las cuales se elegir\u00e1 la ganadora. La gala de los Oscar tendr\u00e1 lugar el 27 de febrero. El a\u00f1o pasado, Argentina se llev\u00f3 la estatuilla con <a href=\"http:\/\/kunstinargentinien.com\/index.php\/2009\/11\/01\/una-pelicula-para-reir-y-nunca-olvidar\/\">&#8220;El secreto de sus ojos&#8221;<\/a>, de Juan Jos\u00e9 Campanella.<\/p>\n","protected":false},"excerpt":{"rendered":"<p>Klicken Sie hier, um die deutsche Version zu lesen. La candidata argentina a la mejor pel\u00edcula extranjera Por Dilay T\u00fcrk &#8220;Carancho&#8221;, la pel\u00edcula de Pablo Trapero, con Ricardo Dar\u00edn y Martina Gusm\u00e1n, ser\u00e1 la candidata argentina al ansiado Oscar para la mejor pel\u00edcula extranjera. El jurado de la &#8220;Academia de las Artes y Ciencias Cinematogr\u00e1ficas&#8221; [&hellip;]<\/p>\n","protected":false},"author":1,"featured_media":0,"comment_status":"open","ping_status":"open","sticky":false,"template":"","format":"standard","meta":{"footnotes":""},"categories":[1,16],"tags":[],"class_list":["post-3825","post","type-post","status-publish","format-standard","hentry","category-allgemein-general","category-film-cine"],"_links":{"self":[{"href":"https:\/\/kunstinargentinien.com\/index.php\/wp-json\/wp\/v2\/posts\/3825","targetHints":{"allow":["GET"]}}],"collection":[{"href":"https:\/\/kunstinargentinien.com\/index.php\/wp-json\/wp\/v2\/posts"}],"about":[{"href":"https:\/\/kunstinargentinien.com\/index.php\/wp-json\/wp\/v2\/types\/post"}],"author":[{"embeddable":true,"href":"https:\/\/kunstinargentinien.com\/index.php\/wp-json\/wp\/v2\/users\/1"}],"replies":[{"embeddable":true,"href":"https:\/\/kunstinargentinien.com\/index.php\/wp-json\/wp\/v2\/comments?post=3825"}],"version-history":[{"count":6,"href":"https:\/\/kunstinargentinien.com\/index.php\/wp-json\/wp\/v2\/posts\/3825\/revisions"}],"predecessor-version":[{"id":5460,"href":"https:\/\/kunstinargentinien.com\/index.php\/wp-json\/wp\/v2\/posts\/3825\/revisions\/5460"}],"wp:attachment":[{"href":"https:\/\/kunstinargentinien.com\/index.php\/wp-json\/wp\/v2\/media?parent=3825"}],"wp:term":[{"taxonomy":"category","embeddable":true,"href":"https:\/\/kunstinargentinien.com\/index.php\/wp-json\/wp\/v2\/categories?post=3825"},{"taxonomy":"post_tag","embeddable":true,"href":"https:\/\/kunstinargentinien.com\/index.php\/wp-json\/wp\/v2\/tags?post=3825"}],"curies":[{"name":"wp","href":"https:\/\/api.w.org\/{rel}","templated":true}]}}