{"id":40,"date":"2010-10-19T18:43:03","date_gmt":"2010-10-19T21:43:03","guid":{"rendered":"http:\/\/kunstinargentinien.com\/index.php\/2005\/03\/25\/ein-tag-wie-der-andere\/"},"modified":"2010-11-21T18:51:14","modified_gmt":"2010-11-21T21:51:14","slug":"ein-tag-wie-der-andere","status":"publish","type":"post","link":"https:\/\/kunstinargentinien.com\/index.php\/2010\/10\/19\/ein-tag-wie-der-andere\/","title":{"rendered":"Ein Tag wie der andere (2003)"},"content":{"rendered":"<p><a href=\"http:\/\/kunstinargentinien.com\/index.php\/2010\/10\/19\/el-dia-multiplicado\/\">Click aqu\u00ed para leer la versi\u00f3n en castellano.<\/a><\/p>\n<p><strong>Patricia Hakims &#8220;El d\u00eda multiplicado&#8221;<\/strong><\/p>\n<p><em><strong>Von Susanne Franz<\/strong><\/em><\/p>\n<p><img decoding=\"async\" src=\"http:\/\/kunstinargentinien.com\/wp-content\/uploads\/dormi.jpg\" alt=\"\" hspace=5 \/><img decoding=\"async\" src=\"http:\/\/kunstinargentinien.com\/wp-content\/uploads\/mesa.jpg\" alt=\"\" \/><\/p>\n<p>In hartem Schwarz und kaltem Wei\u00df sowie fragiler Transparenz wird der unendlich und willk\u00fcrlich wiederholbare Tagesablauf eines Paares anhand von Objekten seiner t\u00e4glichen Routine dargestellt. Morgens aufstehen, Pantoffeln abstreifen, H\u00fcllen fallen lassen. Hygiene. Nahrungsaufnahme. Arbeit. Schlaf. Wieder aufstehen.<\/p>\n<p><img decoding=\"async\" src=\"http:\/\/kunstinargentinien.com\/wp-content\/uploads\/bacha2.jpg\" alt=\"\" hspace=5 \/><img decoding=\"async\" src=\"http:\/\/kunstinargentinien.com\/wp-content\/uploads\/bacha.jpg\" alt=\"\" \/><\/p>\n<p>Die kleinste Zelle des menschlichen Zusammenlebens. Eines Nebeneinanderherlebens? Der Mensch ist \u00fcberhaupt nicht pr\u00e4sent. Als stumme Zeugen seiner Anwesenheit dienen Produkte des Konsums, der ihm eine vorgespiegelte Identit\u00e4t verleiht. Der die Angst verdr\u00e4ngt, vor Einsamkeit, vor dem Tod. Der Gef\u00fchle und Tr\u00e4ume ersetzt, aber nicht erf\u00fcllt.<!--more--><\/p>\n<p>Schwarz, wei\u00df, leer &#8211; keine Farben. Kein Trost.<\/p>\n<p><img decoding=\"async\" src=\"http:\/\/kunstinargentinien.com\/wp-content\/uploads\/mujer.jpg\" alt=\"\" hspace=5 \/><img decoding=\"async\" src=\"http:\/\/kunstinargentinien.com\/wp-content\/uploads\/hombre.jpg\" alt=\"\" \/><\/p>\n<p>Die Ausstellung der Bildhauerin Patricia Hakim, die sie im Centro Cultural Recoleta zeigt, macht es dem Betrachter nicht leicht. Sie konfrontiert mit existenziellen Zweifeln und stellt das beruhigend Allt\u00e4gliche in Frage. Die dabei gew\u00e4hrte Distanz kann erschrecken oder als respektvoll-beobachtend verstanden werden.<\/p>\n<p>Hakims &#8220;El d\u00eda multiplicado&#8221; ist eine konsequente Weiterf\u00fchrung ihrer beachtenswerten k\u00fcnstlerischen Laufbahn, eine konzeptuelle Arbeit, die sowohl in \u00e4sthetischer wie auch intellektueller Hinsicht h\u00f6chste Anspr\u00fcche erf\u00fcllt.<\/p>\n<p><em>Erschienen im &#8220;Argentinischen Tageblatt&#8221; am 28.6.2003.<\/em><\/p>\n","protected":false},"excerpt":{"rendered":"<p>Click aqu\u00ed para leer la versi\u00f3n en castellano. Patricia Hakims &#8220;El d\u00eda multiplicado&#8221; Von Susanne Franz In hartem Schwarz und kaltem Wei\u00df sowie fragiler Transparenz wird der unendlich und willk\u00fcrlich wiederholbare Tagesablauf eines Paares anhand von Objekten seiner t\u00e4glichen Routine dargestellt. Morgens aufstehen, Pantoffeln abstreifen, H\u00fcllen fallen lassen. Hygiene. Nahrungsaufnahme. Arbeit. Schlaf. Wieder aufstehen. Die [&hellip;]<\/p>\n","protected":false},"author":1,"featured_media":0,"comment_status":"open","ping_status":"open","sticky":false,"template":"","format":"standard","meta":{"footnotes":""},"categories":[5,2],"tags":[],"class_list":["post-40","post","type-post","status-publish","format-standard","hentry","category-die-zeitmaschine-la-maquina-del-tiempo","category-kunstler-artistas"],"_links":{"self":[{"href":"https:\/\/kunstinargentinien.com\/index.php\/wp-json\/wp\/v2\/posts\/40","targetHints":{"allow":["GET"]}}],"collection":[{"href":"https:\/\/kunstinargentinien.com\/index.php\/wp-json\/wp\/v2\/posts"}],"about":[{"href":"https:\/\/kunstinargentinien.com\/index.php\/wp-json\/wp\/v2\/types\/post"}],"author":[{"embeddable":true,"href":"https:\/\/kunstinargentinien.com\/index.php\/wp-json\/wp\/v2\/users\/1"}],"replies":[{"embeddable":true,"href":"https:\/\/kunstinargentinien.com\/index.php\/wp-json\/wp\/v2\/comments?post=40"}],"version-history":[{"count":3,"href":"https:\/\/kunstinargentinien.com\/index.php\/wp-json\/wp\/v2\/posts\/40\/revisions"}],"predecessor-version":[{"id":5528,"href":"https:\/\/kunstinargentinien.com\/index.php\/wp-json\/wp\/v2\/posts\/40\/revisions\/5528"}],"wp:attachment":[{"href":"https:\/\/kunstinargentinien.com\/index.php\/wp-json\/wp\/v2\/media?parent=40"}],"wp:term":[{"taxonomy":"category","embeddable":true,"href":"https:\/\/kunstinargentinien.com\/index.php\/wp-json\/wp\/v2\/categories?post=40"},{"taxonomy":"post_tag","embeddable":true,"href":"https:\/\/kunstinargentinien.com\/index.php\/wp-json\/wp\/v2\/tags?post=40"}],"curies":[{"name":"wp","href":"https:\/\/api.w.org\/{rel}","templated":true}]}}