{"id":4034,"date":"2010-06-08T12:59:03","date_gmt":"2010-06-08T15:59:03","guid":{"rendered":"http:\/\/kunstinargentinien.com\/?p=4034"},"modified":"2010-11-20T14:39:36","modified_gmt":"2010-11-20T17:39:36","slug":"amerikanische-ikonen-2000","status":"publish","type":"post","link":"https:\/\/kunstinargentinien.com\/index.php\/2010\/06\/08\/amerikanische-ikonen-2000\/","title":{"rendered":"Amerikanische Ikonen (2000)"},"content":{"rendered":"<p><a href=\"http:\/\/kunstinargentinien.com\/index.php\/2010\/06\/08\/iconos-latinoamericanos-2000\/\">Click aqu\u00ed para leer la versi\u00f3n en castellano.<\/a><\/p>\n<p><strong>Nicol\u00e1s Rubi\u00f3s herzerfrischende Ausstellung bei van Riel<\/p>\n<p><em>Von Susanne Franz<\/em><\/strong><\/p>\n<p><a href=\"http:\/\/kunstinargentinien.com\/wp-content\/uploads\/2010\/10\/Nico2.jpg\"><img loading=\"lazy\" decoding=\"async\" src=\"http:\/\/kunstinargentinien.com\/wp-content\/uploads\/2010\/10\/Nico2.jpg\" alt=\"\" title=\"Nico2\" width=\"250\" height=\"190\" class=\"alignleft size-full wp-image-4037\" \/><\/a>Nicol\u00e1s Rubi\u00f3, bet\u00f6rt von der Kunst der &#8220;Fileteros&#8221;, die fr\u00fcher &#8220;Colectivos&#8221; und Lastwagen schm\u00fcckte, die man aber jetzt immer seltener in den Stra\u00dfen von Buenos Aires sieht, hat nicht nur ein Buch \u00fcber diese volkst\u00fcmliche Art des Schildermalens verfasst (erschienen im Verlag des Fondo Nacional de las Artes), nein, der immer neugierige und begeisterungsf\u00e4hige K\u00fcnstler ging bei den alten Meistern &#8220;in die Lehre&#8221; und bannt seitdem die farbenfrohsten, kreativsten und originellsten Szenarien mit Emailfarben auf Holz. Wobei das Holz eine ganz wichtige Rolle spielt, aber nicht jedes Holz, Gott beh\u00fcte, &#8220;nur gefundenes Holz verwende ich&#8221;, sagt Rubi\u00f3 verschmitzt-verschw\u00f6rerisch, &#8220;das hat eine Geschichte, ein eigenes Leben&#8221;.<!--more--><\/p>\n<p>Mythen und Legenden aus ganz Lateinamerika sind Themen der meisten der wunderbar beschwingten Werke, die Rubi\u00f3 momentan in einer exzellent rnontierten Ausstellung in der Galerie van Riel zeigt. Er zeichnet dabei Amerika \tals das urspr\u00fcngliche Paradies &#8211; oft unterstreicht er die Symbolik anhand der Figuren Adam und Eva, die links und rechts so manche der &#8220;amerikanischen Ikonen&#8221; des Meisters schm\u00fccken. \u00dcberhaupt, diese wilde Perspektive &#8211; oder gerade das Fehlen derselben! Alles ist nebeneinander angeordnet, &#8220;denn alles ist gleich bedeutend!&#8221;, betont Rubi\u00f3. Natur und Kreat\u00fcrlichkeit, Mystik und Folklore verbinden sich zu einem Reigen der Lebensfreude. &#8220;Danke, dass du uns diese Freude schenkst&#8221;, sagt eine Besucherin beim Abschied zu dem Meister mit dem wei\u00dfen Haarschopf. Der will genau das, schreibt er doch im Katalog zur Ausstellung: &#8220;Wenn das L\u00e4cheln erstirbt, stirbt auch die Kultur,&#8221;<\/p>\n<p>Die Ausstellung ist noch bis zum 9. September bei van Riel, Talcahuano 1257, P.B., zu sehen.<\/p>\n<p><em>Erschienen im Argentinischen Tageblatt vom 02.09.2000.<br \/>\n<\/em><\/p>\n","protected":false},"excerpt":{"rendered":"<p>Click aqu\u00ed para leer la versi\u00f3n en castellano. Nicol\u00e1s Rubi\u00f3s herzerfrischende Ausstellung bei van Riel Von Susanne Franz Nicol\u00e1s Rubi\u00f3, bet\u00f6rt von der Kunst der &#8220;Fileteros&#8221;, die fr\u00fcher &#8220;Colectivos&#8221; und Lastwagen schm\u00fcckte, die man aber jetzt immer seltener in den Stra\u00dfen von Buenos Aires sieht, hat nicht nur ein Buch \u00fcber diese volkst\u00fcmliche Art des [&hellip;]<\/p>\n","protected":false},"author":1,"featured_media":0,"comment_status":"open","ping_status":"open","sticky":false,"template":"","format":"standard","meta":{"footnotes":""},"categories":[5,2],"tags":[],"class_list":["post-4034","post","type-post","status-publish","format-standard","hentry","category-die-zeitmaschine-la-maquina-del-tiempo","category-kunstler-artistas"],"_links":{"self":[{"href":"https:\/\/kunstinargentinien.com\/index.php\/wp-json\/wp\/v2\/posts\/4034","targetHints":{"allow":["GET"]}}],"collection":[{"href":"https:\/\/kunstinargentinien.com\/index.php\/wp-json\/wp\/v2\/posts"}],"about":[{"href":"https:\/\/kunstinargentinien.com\/index.php\/wp-json\/wp\/v2\/types\/post"}],"author":[{"embeddable":true,"href":"https:\/\/kunstinargentinien.com\/index.php\/wp-json\/wp\/v2\/users\/1"}],"replies":[{"embeddable":true,"href":"https:\/\/kunstinargentinien.com\/index.php\/wp-json\/wp\/v2\/comments?post=4034"}],"version-history":[{"count":10,"href":"https:\/\/kunstinargentinien.com\/index.php\/wp-json\/wp\/v2\/posts\/4034\/revisions"}],"predecessor-version":[{"id":5360,"href":"https:\/\/kunstinargentinien.com\/index.php\/wp-json\/wp\/v2\/posts\/4034\/revisions\/5360"}],"wp:attachment":[{"href":"https:\/\/kunstinargentinien.com\/index.php\/wp-json\/wp\/v2\/media?parent=4034"}],"wp:term":[{"taxonomy":"category","embeddable":true,"href":"https:\/\/kunstinargentinien.com\/index.php\/wp-json\/wp\/v2\/categories?post=4034"},{"taxonomy":"post_tag","embeddable":true,"href":"https:\/\/kunstinargentinien.com\/index.php\/wp-json\/wp\/v2\/tags?post=4034"}],"curies":[{"name":"wp","href":"https:\/\/api.w.org\/{rel}","templated":true}]}}