{"id":4282,"date":"2010-06-08T12:28:23","date_gmt":"2010-06-08T15:28:23","guid":{"rendered":"http:\/\/kunstinargentinien.com\/?p=4282"},"modified":"2010-11-20T14:37:43","modified_gmt":"2010-11-20T17:37:43","slug":"ocho-mujeres-ocho-preguntas-2003","status":"publish","type":"post","link":"https:\/\/kunstinargentinien.com\/index.php\/2010\/06\/08\/ocho-mujeres-ocho-preguntas-2003\/","title":{"rendered":"Ocho mujeres, ocho preguntas (2003)"},"content":{"rendered":"<p><a href=\"http:\/\/kunstinargentinien.com\/index.php\/2010\/06\/08\/acht-frauen-acht-fragen-2003\/\">Click aqu\u00ed para leer la versi\u00f3n en castellano.<\/a><\/p>\n<p><strong>La temporada 2003 de la &#8220;Casona de los Olivera&#8221; empez\u00f3 con una muestra de mujeres<\/p>\n<p><em>Por Susanne Franz<\/em><\/strong><\/p>\n<p><a href=\"http:\/\/kunstinargentinien.com\/wp-content\/uploads\/2010\/10\/hakim.jpg\"><img loading=\"lazy\" decoding=\"async\" src=\"http:\/\/kunstinargentinien.com\/wp-content\/uploads\/2010\/10\/hakim.jpg\" alt=\"\" title=\"hakim\" width=\"250\" height=\"140\" class=\"alignleft size-full wp-image-4029\" \/><\/a>El 8 de marzo, D\u00eda Internacional de la Mujer, se inaugur\u00f3 en el Centro de Artes y Cultura &#8220;Casona de los Olivera&#8221; una exposici\u00f3n colectiva de ocho artistas mujeres. A primera vista no se detecta un hilo conductor: las artistas provienen de diferentes generaciones y sus modos de expresarse van de la escultura y la instalaci\u00f3n pasando por objetos, fotograf\u00eda y dibujos hasta la pintura.<\/p>\n<p>Los aportes m\u00e1s interesantes son de Patricia Hakim (esculturas y objetos), Elsa Soibelman (pinturas) y Flavia Da Rin (fotos). En los trabajos de las tres se trata del cuerpo, la identificaci\u00f3n y la identidad. Cada una propone objetivos perturbadores, muy personales, y los expresa de una manera est\u00e9tica y profesional.<!--more--><\/p>\n<p>Las fotos de Flavia Da Rin (nacida en 1978) juegan con la multiplicidad del ser y proponen cuestiones filos\u00f3ficas y \u00e9ticas. La fot\u00f3grafa misma es modelo de las constelaciones en tr\u00edadas que posan en varios escenarios diferentes. Da Rin, junto a sus clones, mira televisi\u00f3n, est\u00e1 acostada en la cama o sentada en el piso del ba\u00f1o. Llama la atenci\u00f3n un esplendor celestial, un toque de kitsch, un silencio que se escucha y hace que estas fotograf\u00edas transmitan una atm\u00f3sfera dens\u00edsima.<\/p>\n<p>Las pinturas de Elsa Soibelman son verdaderamente escandalosas. Soibelman pinta  cuerpos, en blanco y negro y gran formato, compuestos por ejemplode la cabeza de una mujer, el torso de un hombre, y hasta los brazos de otro cuerpo; es imposible determinar el g\u00e9nero del resultado de semejante <em>collage<\/em>. Estas im\u00e1genes distorsionadas hablan de la presi\u00f3n de tener en claro la propia identificaci\u00f3n en un mundo donde no todos cabemos en el esquema predeterminado y donde a veces se desdibujan los l\u00edmites entre lo femenino y lo masculino.<\/p>\n<p>Patricia Hakim trabaja con blisters, crea &#8220;envolturas&#8221; para partes del cuerpo como senos, narices, bocas y peras. Las multiplica a discreci\u00f3n para exponerlas en sus varias realizaciones, siempre sin contenido alguno. Las impresiones tomadas de modelos vivos adquieren vida propia; ya no importa que alguna vez hayan sido seres vivos los que inspiraron estas obras. Est\u00e1 impuesta la ley del mercado, de oferta y demanda. Quien no est\u00e9 contenta con su cuerpo, que se haga implantar siliconas o se opere la nariz o la pera. El individualismo es lo que menos cuenta en el &#8220;mundo feliz&#8221; del pl\u00e1stico y el consumo.<\/p>\n<p>La bella &#8220;Casona de los Olivera&#8221; dedica a casi cada una de las ocho artistas una sala propia para exponer sus obras, excepto a Laura Goicochea que muestra algunas pinturas peque\u00f1as en una pared. \u00bfQu\u00e9 son c\u00f3digos de barra de la identidad? Tambi\u00e9n los dibujos de Laura Davis y los retratos de Ver\u00f3nica Sanes dejan perplejos al espectador, mientras las pinturas de Jimena Fuertes despliegan un contenido sexual entre lo obvio y lo na\u00eff.<\/p>\n<p>Hay una obra muy original de Luj\u00e1n Fun\u00e9s, una obra de fuerte contenido cr\u00edtico social: En la instalaci\u00f3n &#8220;Los Caminantes&#8221; el piso de la sala est\u00e1 cubierto de suelas viej\u00edsimas. El visitante tiene que caminar por encima de ellas para llegar a una pared donde puede contemplar fotograf\u00edas de personas sin rostro, haciendo colas interminables. Los que hemos sobrevivido el \u00faltimo a\u00f1o en la Argentina sabemos de inmediato lo que significan estas im\u00e1genes.<\/p>\n<p>La muestra se puede visitar hasta el 13 de abril; vale la pena por la calidad de la exposici\u00f3n y tambi\u00e9n por el muy lindo entorno.<\/p>\n<p><strong>Foto:<\/strong><\/p>\n<p>Una obra de Patricia Hakim.<\/p>\n<p><em>Publicado en &#8220;Argentinisches Tageblatt&#8221; el 5 de abril de 2003.<\/em><\/p>\n","protected":false},"excerpt":{"rendered":"<p>Click aqu\u00ed para leer la versi\u00f3n en castellano. La temporada 2003 de la &#8220;Casona de los Olivera&#8221; empez\u00f3 con una muestra de mujeres Por Susanne Franz El 8 de marzo, D\u00eda Internacional de la Mujer, se inaugur\u00f3 en el Centro de Artes y Cultura &#8220;Casona de los Olivera&#8221; una exposici\u00f3n colectiva de ocho artistas mujeres. [&hellip;]<\/p>\n","protected":false},"author":1,"featured_media":0,"comment_status":"open","ping_status":"open","sticky":false,"template":"","format":"standard","meta":{"footnotes":""},"categories":[1,5],"tags":[],"class_list":["post-4282","post","type-post","status-publish","format-standard","hentry","category-allgemein-general","category-die-zeitmaschine-la-maquina-del-tiempo"],"_links":{"self":[{"href":"https:\/\/kunstinargentinien.com\/index.php\/wp-json\/wp\/v2\/posts\/4282","targetHints":{"allow":["GET"]}}],"collection":[{"href":"https:\/\/kunstinargentinien.com\/index.php\/wp-json\/wp\/v2\/posts"}],"about":[{"href":"https:\/\/kunstinargentinien.com\/index.php\/wp-json\/wp\/v2\/types\/post"}],"author":[{"embeddable":true,"href":"https:\/\/kunstinargentinien.com\/index.php\/wp-json\/wp\/v2\/users\/1"}],"replies":[{"embeddable":true,"href":"https:\/\/kunstinargentinien.com\/index.php\/wp-json\/wp\/v2\/comments?post=4282"}],"version-history":[{"count":11,"href":"https:\/\/kunstinargentinien.com\/index.php\/wp-json\/wp\/v2\/posts\/4282\/revisions"}],"predecessor-version":[{"id":5357,"href":"https:\/\/kunstinargentinien.com\/index.php\/wp-json\/wp\/v2\/posts\/4282\/revisions\/5357"}],"wp:attachment":[{"href":"https:\/\/kunstinargentinien.com\/index.php\/wp-json\/wp\/v2\/media?parent=4282"}],"wp:term":[{"taxonomy":"category","embeddable":true,"href":"https:\/\/kunstinargentinien.com\/index.php\/wp-json\/wp\/v2\/categories?post=4282"},{"taxonomy":"post_tag","embeddable":true,"href":"https:\/\/kunstinargentinien.com\/index.php\/wp-json\/wp\/v2\/tags?post=4282"}],"curies":[{"name":"wp","href":"https:\/\/api.w.org\/{rel}","templated":true}]}}