{"id":440,"date":"2006-06-10T00:34:50","date_gmt":"2006-06-10T03:34:50","guid":{"rendered":"http:\/\/kunstinargentinien.com\/index.php\/2006\/06\/10\/picasso-ausstellung-im-borges\/"},"modified":"2006-07-29T14:21:44","modified_gmt":"2006-07-29T17:21:44","slug":"picasso-ausstellung-im-borges","status":"publish","type":"post","link":"https:\/\/kunstinargentinien.com\/index.php\/2006\/06\/10\/picasso-ausstellung-im-borges\/","title":{"rendered":"Picasso-Ausstellung im Borges"},"content":{"rendered":"<p><a href=\"http:\/\/kunstinargentinien.com\/index.php\/2006\/06\/10\/picasso-en-el-borges\/\">Click aqu\u00ed para leer la versi\u00f3n en castellano.<\/a><\/p>\n<p><strong>Wenig bekannte Werke von Pablo Picasso<\/strong><\/p>\n<p><em><strong>Von Susanne Franz<\/strong><\/em><\/p>\n<p><img decoding=\"async\" id=\"image442\" alt=Pica2.jpg src=\"http:\/\/kunstinargentinien.com\/wp-content\/uploads\/2006\/06\/Pica2.jpg\" align=left hspace=5 \/>Falsche Bescheidenheit war ihm fremd: \u201cAls ich ein Kind war, sagte meine Mutter zu mir: \u2018Wenn du Soldat wirst, wirst du ein General. Wenn du M\u00f6nch wirst, wirst du Papst\u2019. Ich bin Maler &#8211; und ich bin Picasso geworden.\u201d Am Mittwoch er\u00f6ffnete im Centro Cultural Borges eine Ausstellung mit 48 Werken des genialen K\u00fcnstlers, die in Argentinien bislang noch nie zu sehen gewesen sind. Aus verschiedenen Schaffensphasen Picassos (von 1900 bis 1963), stammen die \u00d6lgem\u00e4lde, Bleistift- und Tuschzeichnungen, Keramiken und Graphiken aus Privatsammlungen, Museen und Privateinrichtungen in Spanien, darunter das \u201cMuseo de la Cer\u00e1mica\u201d, die \u201cCaja de Castilla la Mancha\u201d, die Galerie Caja Negra, das \u201dMuseo del Grabado\u201d und die \u201cFundaci\u00f3n Abell\u00f3\u201d. Die Ausstellung wurde von der spanischen Kunstexpertin Marisa Oropesa kuratiert.<\/p>\n<p>Die Exposition findet im Rahmen der Feierlichkeiten zu Pablo Picassos 125. Geburtstag statt, der sich am 25. Oktober 2006 j\u00e4hrt, und anl\u00e4sslich des 25. Jubil\u00e4ums der R\u00fcckkehr der \u201cGuernica\u201d nach Spanien, nach ihrem langen \u201cExil\u201d in den Vereinigten Staaten.<\/p>\n<p>Zwei Fotografie-Serien vervollst\u00e4ndigen die Ausstellung. Bei der einen handelt es sich um Bilder von Lucien Clergue, der Picasso bei den Stierk\u00e4mpfen kennenlernte und ihn in seinen Jugendjahren portr\u00e4tierte; die andere zeigt Bilder von Cores Ur\u00eda, der den Maestro in seiner Keramikwerkstatt fotografierte.<\/p>\n<p><em>(Centro Cultural Borges, Viamonte\/San Mart\u00edn. Mo-Sa 10-21, So 12-21 Uhr. Infos: 5555-5359. Eintritt: $ 10, Studenten und Rentner: $ 7, Kinder unter 12 Jahren $ 5. Mittwochs Eintritt frei. 7. Juni bis 26. Juli.)<\/p>\n<p>Der Artikel erschien am 10.06.06 im &#8220;Argentinischen Tageblatt&#8221;.<\/em><\/p>\n","protected":false},"excerpt":{"rendered":"<p>Click aqu\u00ed para leer la versi\u00f3n en castellano. Wenig bekannte Werke von Pablo Picasso Von Susanne Franz Falsche Bescheidenheit war ihm fremd: \u201cAls ich ein Kind war, sagte meine Mutter zu mir: \u2018Wenn du Soldat wirst, wirst du ein General. Wenn du M\u00f6nch wirst, wirst du Papst\u2019. Ich bin Maler &#8211; und ich bin Picasso [&hellip;]<\/p>\n","protected":false},"author":1,"featured_media":0,"comment_status":"open","ping_status":"open","sticky":false,"template":"","format":"standard","meta":{"footnotes":""},"categories":[4],"tags":[],"class_list":["post-440","post","type-post","status-publish","format-standard","hentry","category-tipp-der-woche-recomendacion-de-la-semana"],"_links":{"self":[{"href":"https:\/\/kunstinargentinien.com\/index.php\/wp-json\/wp\/v2\/posts\/440","targetHints":{"allow":["GET"]}}],"collection":[{"href":"https:\/\/kunstinargentinien.com\/index.php\/wp-json\/wp\/v2\/posts"}],"about":[{"href":"https:\/\/kunstinargentinien.com\/index.php\/wp-json\/wp\/v2\/types\/post"}],"author":[{"embeddable":true,"href":"https:\/\/kunstinargentinien.com\/index.php\/wp-json\/wp\/v2\/users\/1"}],"replies":[{"embeddable":true,"href":"https:\/\/kunstinargentinien.com\/index.php\/wp-json\/wp\/v2\/comments?post=440"}],"version-history":[{"count":0,"href":"https:\/\/kunstinargentinien.com\/index.php\/wp-json\/wp\/v2\/posts\/440\/revisions"}],"wp:attachment":[{"href":"https:\/\/kunstinargentinien.com\/index.php\/wp-json\/wp\/v2\/media?parent=440"}],"wp:term":[{"taxonomy":"category","embeddable":true,"href":"https:\/\/kunstinargentinien.com\/index.php\/wp-json\/wp\/v2\/categories?post=440"},{"taxonomy":"post_tag","embeddable":true,"href":"https:\/\/kunstinargentinien.com\/index.php\/wp-json\/wp\/v2\/tags?post=440"}],"curies":[{"name":"wp","href":"https:\/\/api.w.org\/{rel}","templated":true}]}}