{"id":4409,"date":"2010-06-15T15:48:24","date_gmt":"2010-06-15T18:48:24","guid":{"rendered":"http:\/\/kunstinargentinien.com\/?p=4409"},"modified":"2010-11-20T14:51:41","modified_gmt":"2010-11-20T17:51:41","slug":"lichtstrahl-aus-rosario-2003","status":"publish","type":"post","link":"https:\/\/kunstinargentinien.com\/index.php\/2010\/06\/15\/lichtstrahl-aus-rosario-2003\/","title":{"rendered":"Lichtstrahl aus Rosario (2003)"},"content":{"rendered":"<p><a href=\"http:\/\/kunstinargentinien.com\/index.php\/2010\/06\/15\/rayo-de-sol-desde-rosario-2003\/\">Click aqu\u00ed para leer la versi\u00f3n en castellano.<\/a><\/p>\n<p><strong>Mar\u00eda Suardi bei Atica <\/p>\n<p><em>Von Susanne Franz<\/em><\/strong><\/p>\n<p><a href=\"http:\/\/kunstinargentinien.com\/wp-content\/uploads\/2010\/11\/suardi.jpg\"><img loading=\"lazy\" decoding=\"async\" src=\"http:\/\/kunstinargentinien.com\/wp-content\/uploads\/2010\/11\/suardi-196x300.jpg\" alt=\"\" title=\"suardi\" width=\"196\" height=\"300\" class=\"alignleft size-medium wp-image-4417\" srcset=\"https:\/\/kunstinargentinien.com\/wp-content\/uploads\/2010\/11\/suardi-196x300.jpg 196w, https:\/\/kunstinargentinien.com\/wp-content\/uploads\/2010\/11\/suardi.jpg 250w\" sizes=\"auto, (max-width: 196px) 100vw, 196px\" \/><\/a>Die besonders als hervorragende abstrakte Graphikerin bekannte Rosariner K\u00fcnstlerin Mar\u00eda Suardi hatte das Publikum bereits im Juni diesen Jahres auf der Kunstmesse arteBA am Stand der Galerie Atica mit einer Serie von relativ kleinformatigen Gem\u00e4lden \u00fcberrascht, in denen sie auf reizvolle Art und Weise ihre geometrische Linie mit Motiven pr\u00e4kolumbianischer Keramikkunst mischte. Ausgehend von dieser farblich dezenten, eleganten Produktion hat sie nun wiederum einen gro\u00dfen Schritt der Weiterentwicklung getan: In ihrer Ausstellung, die momentan zum Jahresabschluss in der Galerie Atica (Libertad 1240, PB &#8220;9&#8221;) zu sehen ist (bis zum kornmenden Samstag, 27.12., einschlie\u00dflich), sind die Formate gr\u00f6\u00dfer, die Farben intensiver, die Kombinationen von Fl\u00e4chen und Farben in einem sehr positiven Sinne gewagt. Als Texturen eingearbeitete Naturelemente wie Sand oder glitzernde Steine geben den abstrakten Werken eine merkw\u00fcrdige, angenehm kontrastierende Sinnlichkeit.<!--more--><\/p>\n<p>Mar\u00eda Suardi zeigt neben den Gem\u00e4lden bzw. Mischtechniken au\u00dferdem geschmackvolle Designs f\u00fcr Tapeten mit schwebenden Mustem, die aus der Tier- und Pflanzenwelt \u00fcbernommen wurden. Die Tapetenbahnen stehen als komplette Rolle oder als Meterware zum Verkauf (um z.B. nur einen Teil eines Raumes damit zu schm\u00fccken).<\/p>\n<p>Die empfehlenswerte Ausstellung beweist &#8211; neben ihrer technischen Meisterschaft &#8211; einmal mehr den Mut, die Gro\u00dfz\u00fcgigkeit und neugefundene Selbstsicherheit dieser interessanten K\u00fcnstlerin.<\/p>\n<p><em>Erschienen im &#8220;Argentinischen Tageblatt&#8221; vom 20.12.2003.<\/em><\/p>\n","protected":false},"excerpt":{"rendered":"<p>Click aqu\u00ed para leer la versi\u00f3n en castellano. Mar\u00eda Suardi bei Atica Von Susanne Franz Die besonders als hervorragende abstrakte Graphikerin bekannte Rosariner K\u00fcnstlerin Mar\u00eda Suardi hatte das Publikum bereits im Juni diesen Jahres auf der Kunstmesse arteBA am Stand der Galerie Atica mit einer Serie von relativ kleinformatigen Gem\u00e4lden \u00fcberrascht, in denen sie auf [&hellip;]<\/p>\n","protected":false},"author":1,"featured_media":0,"comment_status":"open","ping_status":"open","sticky":false,"template":"","format":"standard","meta":{"footnotes":""},"categories":[5,2],"tags":[],"class_list":["post-4409","post","type-post","status-publish","format-standard","hentry","category-die-zeitmaschine-la-maquina-del-tiempo","category-kunstler-artistas"],"_links":{"self":[{"href":"https:\/\/kunstinargentinien.com\/index.php\/wp-json\/wp\/v2\/posts\/4409","targetHints":{"allow":["GET"]}}],"collection":[{"href":"https:\/\/kunstinargentinien.com\/index.php\/wp-json\/wp\/v2\/posts"}],"about":[{"href":"https:\/\/kunstinargentinien.com\/index.php\/wp-json\/wp\/v2\/types\/post"}],"author":[{"embeddable":true,"href":"https:\/\/kunstinargentinien.com\/index.php\/wp-json\/wp\/v2\/users\/1"}],"replies":[{"embeddable":true,"href":"https:\/\/kunstinargentinien.com\/index.php\/wp-json\/wp\/v2\/comments?post=4409"}],"version-history":[{"count":7,"href":"https:\/\/kunstinargentinien.com\/index.php\/wp-json\/wp\/v2\/posts\/4409\/revisions"}],"predecessor-version":[{"id":5374,"href":"https:\/\/kunstinargentinien.com\/index.php\/wp-json\/wp\/v2\/posts\/4409\/revisions\/5374"}],"wp:attachment":[{"href":"https:\/\/kunstinargentinien.com\/index.php\/wp-json\/wp\/v2\/media?parent=4409"}],"wp:term":[{"taxonomy":"category","embeddable":true,"href":"https:\/\/kunstinargentinien.com\/index.php\/wp-json\/wp\/v2\/categories?post=4409"},{"taxonomy":"post_tag","embeddable":true,"href":"https:\/\/kunstinargentinien.com\/index.php\/wp-json\/wp\/v2\/tags?post=4409"}],"curies":[{"name":"wp","href":"https:\/\/api.w.org\/{rel}","templated":true}]}}