{"id":4456,"date":"2010-10-30T17:12:25","date_gmt":"2010-10-30T20:12:25","guid":{"rendered":"http:\/\/kunstinargentinien.com\/?p=4456"},"modified":"2010-11-05T15:24:43","modified_gmt":"2010-11-05T18:24:43","slug":"sonidos-emocionantes","status":"publish","type":"post","link":"https:\/\/kunstinargentinien.com\/index.php\/2010\/10\/30\/sonidos-emocionantes\/","title":{"rendered":"Sonidos emocionantes"},"content":{"rendered":"<p><a href=\"http:\/\/kunstinargentinien.com\/index.php\/2010\/10\/30\/atemberaubende-klange\/\">Klicken Sie hier, um die deutsche Vesion zu lesen.<\/a><\/p>\n<p><strong>Cecilia Gauna presenta su nuevo \u00c1lbum &#8220;Aliento&#8221; por primera vez en un escenario \/ Segunda presentaci\u00f3n ma\u00f1ana en &#8220;No Avestruz&#8221;<\/p>\n<p><em>Por Flora Roenneberg<\/em><\/strong><\/p>\n<p><a href=\"http:\/\/kunstinargentinien.com\/wp-content\/uploads\/2010\/10\/cg.jpg\"><img loading=\"lazy\" decoding=\"async\" src=\"http:\/\/kunstinargentinien.com\/wp-content\/uploads\/2010\/10\/cg.jpg\" alt=\"\" title=\"cg\" width=\"250\" height=\"187\" class=\"alignleft size-full wp-image-4059\" \/><\/a>El brillo de las velas, la luz suave, las peque\u00f1as mesas con vasos de vino y grandes almohadones coloridos crean un ambiente acogedor en esta sala de conciertos, que le permite al p\u00fablico respirar hondo y reclinarse. A Cecilia Gauna la acompa\u00f1a aqu\u00ed su nuevo \u00c1lbum &#8220;Aliento&#8221;, con una brisa fresca de ritmos latinoamericanos, influencias folkl\u00f3ricas contempor\u00e1neas y un toque de m\u00fasica cl\u00e1sica, jazz y rock. &#8220;Mi \u00c1lbum se llama Aliento, ya que para m\u00ed en la m\u00fasica y en el canto se trata simplemente de respirar, inspirar y de fuerza de vida&#8221;. As\u00ed, Cecilia adorna sus piezas musicales con pensamientos filos\u00f3ficos creativos.<\/p>\n<p>Al observar su rubia cabellera rizada sobre el escenario, se siente c\u00f3mo abraza al p\u00fablico con una calurosa profundidad y poes\u00eda, regal\u00e1ndole con una energ\u00eda incontenible temas sobre sue\u00f1os, amor y verdades. Su canci\u00f3n preferida de su nuevo \u00c1lbum es &#8220;El secreto&#8221;, un tema sobre voces olvidadas y almas escondidas, que juntas murmuran, cantan y bailan entre la verdad y el silencio. En el p\u00fablico, el ambiente tambi\u00e9n parece oscilar entre la meditaci\u00f3n y la emoci\u00f3n. Cecilia est\u00e1 entusiasmada: &#8220;\u00a1Es un concierto especial y un p\u00fablico especial!&#8221;<!--more--><\/p>\n<p>El amor por la m\u00fasica ya desde siempre signific\u00f3 todo para Cecilia. As\u00ed fue como la cantante estudi\u00f3 primero piano, se recibi\u00f3 luego de profesora de canto en el Conservatorio y, finalmente, se present\u00f3 en muchos escenarios, por ejemplo en el Col\u00f3n, Konex y Avenida. Luego estudi\u00f3 teatro y expresi\u00f3n corporal (Feldenkrais) y trabaj\u00f3 como profesora de canto. Asimismo, hizo giras con Jos\u00e9 Carreras, Ariel Ram\u00edrez y Zamba Qu\u00edp\u00edldor. Tambi\u00e9n apareci\u00f3 junto a artistas como Mercedes Sosa, Jairo, Valeria Lynch, Mar\u00eda Marta Serra Lima y Luis Aguil\u00e9. Con su m\u00fasica, la cantante oscila entre los m\u00e1s diversos g\u00e9neros: rock, jazz, blues, bossa nova y teatro musical. Uno de sus muchos \u00eddolos es la cantante canadiense Joni Mitchell.<\/p>\n<p>En el a\u00f1o 2006 Gauna public\u00f3 por primera vez como compositora y autora su \u00c1lbum &#8220;Non Stop&#8221;, en el que musicaliz\u00f3 poes\u00edas de poetisas latinoamericanas. Ahora, finalmente, Cecilia ha publicado su \u00c1lbum actual &#8220;Aliento&#8221; (2010), que presenta en conciertos el 24 y 31 de octubre. Por lo tanto, el domingo 31 de octubre a\u00fan se podr\u00e1 escuchar a Cecilia Gauna a las 21 horas con los sonidos emocionantes de su nuevo \u00c1lbum en &#8220;No Avestruz&#8221; en la Av. Humboldt 1857. M\u00e1s informaci\u00f3n sobre el concierto en la <a href=\"http:\/\/www.ceciliagauna.com\/aliento\/\">p\u00e1gina web de Cecilia<\/a>. Reservas: (011)-4777-6956. Entrada: 30 Pesos, Venta anticipada: 25 Pesos.<\/p>\n<p><strong>Foto:<\/strong><\/p>\n<p>Cecilia Gauna con su banda durante el concierto del \u00faltimo domingo.<br \/>\n(Foto: Flora Roenneberg)<\/p>\n","protected":false},"excerpt":{"rendered":"<p>Klicken Sie hier, um die deutsche Vesion zu lesen. Cecilia Gauna presenta su nuevo \u00c1lbum &#8220;Aliento&#8221; por primera vez en un escenario \/ Segunda presentaci\u00f3n ma\u00f1ana en &#8220;No Avestruz&#8221; Por Flora Roenneberg El brillo de las velas, la luz suave, las peque\u00f1as mesas con vasos de vino y grandes almohadones coloridos crean un ambiente acogedor [&hellip;]<\/p>\n","protected":false},"author":1,"featured_media":0,"comment_status":"open","ping_status":"open","sticky":false,"template":"","format":"standard","meta":{"footnotes":""},"categories":[2,10],"tags":[],"class_list":["post-4456","post","type-post","status-publish","format-standard","hentry","category-kunstler-artistas","category-off-topic"],"_links":{"self":[{"href":"https:\/\/kunstinargentinien.com\/index.php\/wp-json\/wp\/v2\/posts\/4456","targetHints":{"allow":["GET"]}}],"collection":[{"href":"https:\/\/kunstinargentinien.com\/index.php\/wp-json\/wp\/v2\/posts"}],"about":[{"href":"https:\/\/kunstinargentinien.com\/index.php\/wp-json\/wp\/v2\/types\/post"}],"author":[{"embeddable":true,"href":"https:\/\/kunstinargentinien.com\/index.php\/wp-json\/wp\/v2\/users\/1"}],"replies":[{"embeddable":true,"href":"https:\/\/kunstinargentinien.com\/index.php\/wp-json\/wp\/v2\/comments?post=4456"}],"version-history":[{"count":5,"href":"https:\/\/kunstinargentinien.com\/index.php\/wp-json\/wp\/v2\/posts\/4456\/revisions"}],"predecessor-version":[{"id":4462,"href":"https:\/\/kunstinargentinien.com\/index.php\/wp-json\/wp\/v2\/posts\/4456\/revisions\/4462"}],"wp:attachment":[{"href":"https:\/\/kunstinargentinien.com\/index.php\/wp-json\/wp\/v2\/media?parent=4456"}],"wp:term":[{"taxonomy":"category","embeddable":true,"href":"https:\/\/kunstinargentinien.com\/index.php\/wp-json\/wp\/v2\/categories?post=4456"},{"taxonomy":"post_tag","embeddable":true,"href":"https:\/\/kunstinargentinien.com\/index.php\/wp-json\/wp\/v2\/tags?post=4456"}],"curies":[{"name":"wp","href":"https:\/\/api.w.org\/{rel}","templated":true}]}}