{"id":447,"date":"2006-06-10T10:07:08","date_gmt":"2006-06-10T13:07:08","guid":{"rendered":"http:\/\/kunstinargentinien.com\/index.php\/2006\/06\/10\/proyecto-bola-de-nieve\/"},"modified":"2006-06-10T19:14:44","modified_gmt":"2006-06-10T22:14:44","slug":"proyecto-bola-de-nieve","status":"publish","type":"post","link":"https:\/\/kunstinargentinien.com\/index.php\/2006\/06\/10\/proyecto-bola-de-nieve\/","title":{"rendered":"Proyecto &#8220;Bola de Nieve&#8221;"},"content":{"rendered":"<p><strong>Obra, biograf\u00eda y pensamiento de 118 artistas elegidos por artistas<\/strong><\/p>\n<p><img decoding=\"async\" id=\"image448\" alt=bola.jpg src=\"http:\/\/kunstinargentinien.com\/wp-content\/uploads\/2006\/06\/bola.jpg\" \/><\/p>\n<p>El proyecto <a href=\"http:\/\/www.espacioft.org.ar\/boladenieve\/\">&#8220;Bola de Nieve&#8221;<\/a> de la Revista Ramona, realizado con el aporte del &#8220;Espacio Fundaci\u00f3n Telef\u00f3nica&#8221;, donde se present\u00f3 el 1\u00ba de junio, es una base de datos online y una exposici\u00f3n virtual permanente que documenta la situaci\u00f3n actual del \u00e1mbito art\u00edstico argentino y se funda en las elecciones de los propios artistas.<\/p>\n<p>Se propone como una fuente de consulta y referencia libremente disponible para investigadores locales y extranjeros, aficionados y curiosos.<\/p>\n<p>El proyecto se centra en artistas argentinos o quienes hacen arte en la Argentina actual.<\/p>\n<p>&#8220;Bola de Nieve&#8221; opera a trav\u00e9s de un sistema de curadur\u00eda autogestivo: los mismos artistas eligen a sus pares. Cada persona mencionada es invitada a participar en el proyecto y podr\u00e1 a su vez mencionar a sus preferidos. El proceso se repite, incorporando nombres nuevos y creciendo en cada vuelta del proceso, seg\u00fan la t\u00e9cnica sociol\u00f3gica conocida como \u201cbola de nieve\u201d.<\/p>\n<p>Los artistas que se incorporan disponen de un espacio para mostrar una selecci\u00f3n de su obra y exponer su pensamiento acerca de la situaci\u00f3n actual del arte y su propio trabajo. Esta reflexi\u00f3n se organiza en torno a preguntas preestablecidas que se formulan a todos por igual.<\/p>\n<p>En breve, el sitio &#8220;Bola de Nieve&#8221; tendr\u00e1 tambi\u00e9n una versi\u00f3n en ingl\u00e9s.<\/p>\n<p>Por ahora, hay 118 artistas:<!--more--><\/p>\n<p>Aisenberg Diana<br \/>\n\u00c1lvarez Eduardo<br \/>\nBaggio Gabriel<br \/>\nBainella Marco<br \/>\nBallesteros Ernesto<br \/>\nBaracca C\u00e9sar<br \/>\nBattistelli Leo<br \/>\nBenedetti Carla<br \/>\nBerkenwald Melina<br \/>\nBianchi Diego<br \/>\nBonadeo Mart\u00edn<br \/>\nBuffone Xil<br \/>\nCachimba Max<br \/>\nCali Marta<br \/>\nCardona Lorena<br \/>\nCarosella Alejandro<br \/>\nCastellani Luj\u00e1n<br \/>\nCava Hugo<br \/>\nChiachio Leo<br \/>\nD\u2019Amelio Ra\u00fal<br \/>\nD\u2019Angiolillo Juli\u00e1n<br \/>\nda Rin Flavia<br \/>\nde Aduriz Diego<br \/>\nde Caro Marina<br \/>\nde la Fuente Marcelo<br \/>\nde Sagastizabal Tulio<br \/>\ndel R\u00edo Claudia<br \/>\nDomini Clara<br \/>\nDuville Mat\u00edas<br \/>\nEstol Leopoldo<br \/>\nFacchin Mara<br \/>\nFeldstein Gerardo<br \/>\nFenochio Alejandra<br \/>\nFlorido Estanislao<br \/>\nFontes Claudia<br \/>\nForcadell Gabriela<br \/>\nFrancone Gabriela<br \/>\nGalindo Marcelo<br \/>\nGarc\u00eda Aurelio<br \/>\nGarc\u00eda Daniel<br \/>\n Glusman Laura<br \/>\nG\u00f3mez Ver\u00f3nica<br \/>\nG\u00f3mez Canle Max<br \/>\nGord\u00edn Sebasti\u00e1n<br \/>\nGrassi Mariano<br \/>\nGryciuk Marina<br \/>\nGuagnini Nicol\u00e1s<br \/>\nHasper Graciela<br \/>\nHenry Jos\u00e9<br \/>\nHeredia Eliana<br \/>\nHerrera Carlos<br \/>\nHerrero Alicia<br \/>\nHoms Dar\u00edo<br \/>\nHuffmann Carlos<br \/>\nIba\u00f1ez Lago Mar\u00eda<br \/>\nIriart Juliana<br \/>\nIturralde Santiago<br \/>\nJacoby Roberto<br \/>\nJitrik Magdalena<br \/>\nJoglar Daniel<br \/>\nKosice Gyula<br \/>\nLacarra Silvana<br \/>\nLaguna Fernanda<br \/>\nLamothe Luciana<br \/>\nLancellotti Fernando<br \/>\nLapadula Pablo<br \/>\nLascano Jimena<br \/>\nLeguizam\u00f3n Marianela<br \/>\nLenard\u00f3n Silvia<br \/>\nLightowler Mar\u00eda<br \/>\nLindner Luis<br \/>\nL\u00f3pez Emiliano<br \/>\nL\u00f3pez Marcos<br \/>\nLucero Mar\u00eda Elena<br \/>\nMacchi Jorge<br \/>\nMacul\u00e1n Valeria<br \/>\nMari Paz<br \/>\nMarina Hern\u00e1n<br \/>\nMelero Diego<br \/>\nMercado Leo<br \/>\n Minoliti Adriana<br \/>\nMontiel Alejandra<br \/>\nMuntaabski Nushi<br \/>\nNah\u00f3n David<br \/>\nNo\u00e9 Luis Felipe<br \/>\nOstera Andrea<br \/>\nPe\u00f1a Isabel<br \/>\nPereira Sandro<br \/>\nP\u00e9rsico Gast\u00f3n<br \/>\nPierri Duilio<br \/>\nPinciroli Sebasti\u00e1n<br \/>\nPujana Mercedes<br \/>\nRadano Nicol\u00e1s<br \/>\nReboratti Juli\u00e1n<br \/>\nRizzone Mat\u00edas<br \/>\nRomano Ver\u00f3nica<br \/>\nRos Alejandro<br \/>\nSchiavi Cristina<br \/>\nSenderowicz Paula<br \/>\nSiquier Pablo<br \/>\nSiquot  Michele<br \/>\nSobrino Andr\u00e9s<br \/>\nSolaas Leonardo<br \/>\nSoria Pablo<br \/>\nSpinelli Virginia<br \/>\nStraschnoy Axel<br \/>\nSu\u00e1rez Pablo<br \/>\nSuscripci\u00f3n<br \/>\nSzalkowicz Yanina<br \/>\nt. Julio<br \/>\nTer\u00e1n Luis<br \/>\nTorti Emilio<br \/>\nUeno Guillermo<br \/>\nV\u00e1zquez Rodrigo<br \/>\nVecino Nahuel<br \/>\nVillar Rojas Adri\u00e1n<br \/>\nVillegas Marcelo<br \/>\nVitali Rom\u00e1n<\/p>\n","protected":false},"excerpt":{"rendered":"<p>Obra, biograf\u00eda y pensamiento de 118 artistas elegidos por artistas El proyecto &#8220;Bola de Nieve&#8221; de la Revista Ramona, realizado con el aporte del &#8220;Espacio Fundaci\u00f3n Telef\u00f3nica&#8221;, donde se present\u00f3 el 1\u00ba de junio, es una base de datos online y una exposici\u00f3n virtual permanente que documenta la situaci\u00f3n actual del \u00e1mbito art\u00edstico argentino y [&hellip;]<\/p>\n","protected":false},"author":1,"featured_media":0,"comment_status":"open","ping_status":"open","sticky":false,"template":"","format":"standard","meta":{"footnotes":""},"categories":[1],"tags":[],"class_list":["post-447","post","type-post","status-publish","format-standard","hentry","category-allgemein-general"],"_links":{"self":[{"href":"https:\/\/kunstinargentinien.com\/index.php\/wp-json\/wp\/v2\/posts\/447","targetHints":{"allow":["GET"]}}],"collection":[{"href":"https:\/\/kunstinargentinien.com\/index.php\/wp-json\/wp\/v2\/posts"}],"about":[{"href":"https:\/\/kunstinargentinien.com\/index.php\/wp-json\/wp\/v2\/types\/post"}],"author":[{"embeddable":true,"href":"https:\/\/kunstinargentinien.com\/index.php\/wp-json\/wp\/v2\/users\/1"}],"replies":[{"embeddable":true,"href":"https:\/\/kunstinargentinien.com\/index.php\/wp-json\/wp\/v2\/comments?post=447"}],"version-history":[{"count":0,"href":"https:\/\/kunstinargentinien.com\/index.php\/wp-json\/wp\/v2\/posts\/447\/revisions"}],"wp:attachment":[{"href":"https:\/\/kunstinargentinien.com\/index.php\/wp-json\/wp\/v2\/media?parent=447"}],"wp:term":[{"taxonomy":"category","embeddable":true,"href":"https:\/\/kunstinargentinien.com\/index.php\/wp-json\/wp\/v2\/categories?post=447"},{"taxonomy":"post_tag","embeddable":true,"href":"https:\/\/kunstinargentinien.com\/index.php\/wp-json\/wp\/v2\/tags?post=447"}],"curies":[{"name":"wp","href":"https:\/\/api.w.org\/{rel}","templated":true}]}}