{"id":4593,"date":"2010-08-17T14:39:59","date_gmt":"2010-08-17T17:39:59","guid":{"rendered":"http:\/\/kunstinargentinien.com\/?p=4593"},"modified":"2016-10-15T17:18:42","modified_gmt":"2016-10-15T20:18:42","slug":"un-genio-resistiendo-a-la-globalizacion-2001","status":"publish","type":"post","link":"https:\/\/kunstinargentinien.com\/index.php\/2010\/08\/17\/un-genio-resistiendo-a-la-globalizacion-2001\/","title":{"rendered":"Un genio resistiendo a la globalizaci\u00f3n (2001)"},"content":{"rendered":"<p><a href=\"http:\/\/kunstinargentinien.com\/index.php\/2010\/08\/17\/genie-und-globalisierungsgegner\/\">Klicken Sie hier, um die deutsche Version zu lesen.<\/a><\/p>\n<p><strong>Antonio Segu\u00ed \u2013 una historia exitosa<\/p>\n<p><em>Por Susanne Franz<\/em><\/strong><\/p>\n<div align=center><img decoding=\"async\" src=\"http:\/\/kunstinargentinien.com\/wp-content\/uploads\/segui1.jpg\" alt=\"\" \/><br \/>\n<em>&#8220;La corbata&#8221;, 1992.<\/em><\/div>\n<p>Su vida suena tan interesante como una historia del \u00e9xito en el globalizado siglo XXI. Es argentino, vive hace 38 a\u00f1os en Par\u00eds y no solo ac\u00e1 y all\u00e1 es reconocido, sino que es valorado en el mundo entero, ya que siempre anda de viaje por el globo terr\u00e1queo. Detr\u00e1s de esta descripci\u00f3n superficial, aparece el verdadero Antonio Segu\u00ed. Un poco pasado de moda, lo m\u00e1s avanzado que usa en tecnolog\u00eda es el fax. Pero a\u00f1ade que su propio tel\u00e9fono-fax provoca risa en sus amigos, porque lo ven como una reliquia. Pero tampoco se le cruza por la mente luchar contra Internet.<\/p>\n<p>Es bastante rom\u00e1ntico. No le gusta Par\u00eds cuando sale el sol, prefiere los d\u00edas grises y lluviosos en los que la ciudad reluce su belleza. Al mismo tiempo, admite que no disfruta tanto Par\u00eds. Cuando no viaja, pasa mucho tiempo encerrado en su atelier. \u00bfSi trabaja mucho? No le gusta mucho la palabra &#8220;trabajo&#8221;. \u00c9l &#8220;hace cosas&#8221;, dice con humildad. Tambi\u00e9n est\u00e1 la pregunta por su secreto. C\u00f3mo es capaz, despu\u00e9s de a\u00f1os de ausencia, de seguir capturando el alma argentina, y solo como \u00e9l puede. A lo que responde con la evasiva: &#8220;Me sale&#8221;. \u00bfC\u00f3mo maneja el \u00e9xito? &#8220;Nunca busqu\u00e9 el \u00e9xito&#8221;, es la respuesta concisa.<\/p>\n<p>Y as\u00ed su entrevista con el Argentinisches Tageblatt motivada por las dos exposiciones que tienen lugar en Buenos Aires \u2013la entrega de 330 grabados al Museo de Arte Moderno de Buenos Aires (MAMBA) y otra muestra tambi\u00e9n de grabados y peque\u00f1os objetos en la nueva Rubbers Art Gallery en el Ateneo Grand Splendid\u2013 vira hacia c\u00f3mo percibe la Argentina cuando viaja por estas tierras.<\/p>\n<p>Por supuesto, pasa por C\u00f3rdoba, su lugar de origen, para &#8220;reposar&#8221;, como \u00e9l dice, para ver a la familia y a los amigos. &#8220;En C\u00f3rdoba la gente todav\u00eda puede re\u00edrse&#8221;, afirma, aunque seguramente a ellos no les va mejor que a los porte\u00f1os. Dice que los porte\u00f1os se quejan mucho. Observa con iron\u00eda los temas de la prensa chimentera y reconoce en las historias de Rodrigo o la hija de Andrea del Boca fascinantes aberraciones de la cultura trash.<\/p>\n<p>Su estad\u00eda en Buenos Aires esta vez fue exigente, dos vernissage en dos d\u00edas, cientos de personas que lo quer\u00edan felicitar y saludar, el paseo por la Casa Rosada, donde lo recibi\u00f3 el Presidente. Y Segu\u00ed hizo caso a los amigos y no trajo reloj a la Argentina. Quiz\u00e1s, por eso, se muestra tranquilo, se sienta en un caf\u00e9 a leer el diario con un vaso de agua y los cigarrillos que no piensa abandonar, como en los viejos buenos tiempos, cuando los hombres ten\u00edan tiempo.<\/p>\n<p><em>Publicado en &#8220;Argentinisches Tageblatt&#8221; el 24 de marzo de 2001.<\/em><\/p>\n","protected":false},"excerpt":{"rendered":"<p>Klicken Sie hier, um die deutsche Version zu lesen. Antonio Segu\u00ed \u2013 una historia exitosa Por Susanne Franz &#8220;La corbata&#8221;, 1992. Su vida suena tan interesante como una historia del \u00e9xito en el globalizado siglo XXI. Es argentino, vive hace 38 a\u00f1os en Par\u00eds y no solo ac\u00e1 y all\u00e1 es reconocido, sino que es [&hellip;]<\/p>\n","protected":false},"author":1,"featured_media":0,"comment_status":"open","ping_status":"open","sticky":false,"template":"","format":"standard","meta":{"footnotes":""},"categories":[5,2,25],"tags":[],"class_list":["post-4593","post","type-post","status-publish","format-standard","hentry","category-die-zeitmaschine-la-maquina-del-tiempo","category-kunstler-artistas","category-top-20"],"_links":{"self":[{"href":"https:\/\/kunstinargentinien.com\/index.php\/wp-json\/wp\/v2\/posts\/4593","targetHints":{"allow":["GET"]}}],"collection":[{"href":"https:\/\/kunstinargentinien.com\/index.php\/wp-json\/wp\/v2\/posts"}],"about":[{"href":"https:\/\/kunstinargentinien.com\/index.php\/wp-json\/wp\/v2\/types\/post"}],"author":[{"embeddable":true,"href":"https:\/\/kunstinargentinien.com\/index.php\/wp-json\/wp\/v2\/users\/1"}],"replies":[{"embeddable":true,"href":"https:\/\/kunstinargentinien.com\/index.php\/wp-json\/wp\/v2\/comments?post=4593"}],"version-history":[{"count":11,"href":"https:\/\/kunstinargentinien.com\/index.php\/wp-json\/wp\/v2\/posts\/4593\/revisions"}],"predecessor-version":[{"id":24192,"href":"https:\/\/kunstinargentinien.com\/index.php\/wp-json\/wp\/v2\/posts\/4593\/revisions\/24192"}],"wp:attachment":[{"href":"https:\/\/kunstinargentinien.com\/index.php\/wp-json\/wp\/v2\/media?parent=4593"}],"wp:term":[{"taxonomy":"category","embeddable":true,"href":"https:\/\/kunstinargentinien.com\/index.php\/wp-json\/wp\/v2\/categories?post=4593"},{"taxonomy":"post_tag","embeddable":true,"href":"https:\/\/kunstinargentinien.com\/index.php\/wp-json\/wp\/v2\/tags?post=4593"}],"curies":[{"name":"wp","href":"https:\/\/api.w.org\/{rel}","templated":true}]}}