{"id":4750,"date":"2010-08-17T08:16:44","date_gmt":"2010-08-17T11:16:44","guid":{"rendered":"http:\/\/kunstinargentinien.com\/?p=4750"},"modified":"2010-11-20T15:17:55","modified_gmt":"2010-11-20T18:17:55","slug":"luz-garantizada-2000","status":"publish","type":"post","link":"https:\/\/kunstinargentinien.com\/index.php\/2010\/08\/17\/luz-garantizada-2000\/","title":{"rendered":"Luz garantizada (2000)"},"content":{"rendered":"<p><a href=\"http:\/\/kunstinargentinien.com\/index.php\/2010\/08\/17\/erleuchtung-garantiert\/\">Klicken Sie hier, um die deutsche Version zu lesen.<\/a><\/p>\n<p><strong>MAS MAS LUZ \u2013 la exposici\u00f3n fotogr\u00e1fica de Ernesto Levy en Filo<\/p>\n<p><em>Por Susanne Franz<\/em><\/strong><\/p>\n<p><img decoding=\"async\" id=\"image594\" alt=levy2.jpg src=\"http:\/\/kunstinargentinien.com\/wp-content\/uploads\/2006\/07\/levy2.jpg\" \/><\/p>\n<p>El artista visual Ernesto Levy, radicado en Tel Aviv, vuelve a exponer en Buenos Aires, su lugar de nacimiento, y esta vez en la galer\u00eda de arte del Caf\u00e9 Filo. Ah\u00ed corre aire fresco y reina un ambiente creativo, los gestores rastrean las nuevas ideas y conceptos. Con las fotograf\u00edas de Ernesto Levy, tuvieron una idea feliz. Es dif\u00edcil encontrar exposiciones de semejante calidad en Buenos Aires.<\/p>\n<p>Luz-iluminaci\u00f3n es el tema que re\u00fane las obras de distintos per\u00edodos de producci\u00f3n art\u00edstica. Las im\u00e1genes siguen un orden esencial, no cronol\u00f3gico. En cada obra, el artista se encuentra con el observador en una relaci\u00f3n de comunicaci\u00f3n. Esto excede &#8220;la historia&#8221; que cuenta una imagen o la interpretaci\u00f3n que el receptor asocia. Esta comunicaci\u00f3n es, m\u00e1s bien, un proceso directo y f\u00edsico sin ninguna estaci\u00f3n en lo racional. No hay vueltas para llegar a las &#8220;almas&#8221;.<!--more--><\/p>\n<p>Normalmente, una imagen se dirige a trav\u00e9s de la retina y del nervio \u00f3ptico a una especie de controlador, all\u00ed la clasifica y la ordena, por lo general, por medio del reconocimiento. Una imagen completamente nueva, en verdad, no puede ingresar a nuestro mundo sensorial sin llamar la atenci\u00f3n. Por medio de su t\u00e9cnica, que Levy fue desarrollando con experimentos durante a\u00f1os \u2013tambi\u00e9n aprendi\u00f3 fotograf\u00eda en la Escuela de Artes de Tel Aviv\u2013, el artista logr\u00f3 eliminar el camino que va al raciocinio.<\/p>\n<p>La luz en sus im\u00e1genes le permite al observador identificar la esencia de la luz-iluminaci\u00f3n. La luz se transfiere directamente a su propio interior y puede ser comprendida como sentimiento o tono.<br \/>\nAs\u00ed de dif\u00edcil es encontrar palabras racionales para un proceso tan \u00edntimo; m\u00e1s a\u00fan, intentar describir los materiales y texturas que &#8220;habitan&#8221; en las obras de Levy. Capas como de gel o de nubes en un espacio que las dimensiones &#8220;normales&#8221; no pueden describir parecen crear atm\u00f3sferas de otro universo.<\/p>\n<p>El cuerpo humano como punto intermedio de numerosas obras genera la sensaci\u00f3n de estar en paisajes internos y, de hecho, renueva el re-conocimiento de lo familiar en el nivel sensible.<\/p>\n<p><em>Publicado en &#8220;Argentinisches Tageblatt&#8221; el 22 de abril de 2000.<\/em><\/p>\n","protected":false},"excerpt":{"rendered":"<p>Klicken Sie hier, um die deutsche Version zu lesen. MAS MAS LUZ \u2013 la exposici\u00f3n fotogr\u00e1fica de Ernesto Levy en Filo Por Susanne Franz El artista visual Ernesto Levy, radicado en Tel Aviv, vuelve a exponer en Buenos Aires, su lugar de nacimiento, y esta vez en la galer\u00eda de arte del Caf\u00e9 Filo. Ah\u00ed [&hellip;]<\/p>\n","protected":false},"author":1,"featured_media":0,"comment_status":"open","ping_status":"open","sticky":false,"template":"","format":"standard","meta":{"footnotes":""},"categories":[5,2],"tags":[],"class_list":["post-4750","post","type-post","status-publish","format-standard","hentry","category-die-zeitmaschine-la-maquina-del-tiempo","category-kunstler-artistas"],"_links":{"self":[{"href":"https:\/\/kunstinargentinien.com\/index.php\/wp-json\/wp\/v2\/posts\/4750","targetHints":{"allow":["GET"]}}],"collection":[{"href":"https:\/\/kunstinargentinien.com\/index.php\/wp-json\/wp\/v2\/posts"}],"about":[{"href":"https:\/\/kunstinargentinien.com\/index.php\/wp-json\/wp\/v2\/types\/post"}],"author":[{"embeddable":true,"href":"https:\/\/kunstinargentinien.com\/index.php\/wp-json\/wp\/v2\/users\/1"}],"replies":[{"embeddable":true,"href":"https:\/\/kunstinargentinien.com\/index.php\/wp-json\/wp\/v2\/comments?post=4750"}],"version-history":[{"count":4,"href":"https:\/\/kunstinargentinien.com\/index.php\/wp-json\/wp\/v2\/posts\/4750\/revisions"}],"predecessor-version":[{"id":5409,"href":"https:\/\/kunstinargentinien.com\/index.php\/wp-json\/wp\/v2\/posts\/4750\/revisions\/5409"}],"wp:attachment":[{"href":"https:\/\/kunstinargentinien.com\/index.php\/wp-json\/wp\/v2\/media?parent=4750"}],"wp:term":[{"taxonomy":"category","embeddable":true,"href":"https:\/\/kunstinargentinien.com\/index.php\/wp-json\/wp\/v2\/categories?post=4750"},{"taxonomy":"post_tag","embeddable":true,"href":"https:\/\/kunstinargentinien.com\/index.php\/wp-json\/wp\/v2\/tags?post=4750"}],"curies":[{"name":"wp","href":"https:\/\/api.w.org\/{rel}","templated":true}]}}