{"id":4855,"date":"2010-08-26T13:22:08","date_gmt":"2010-08-26T16:22:08","guid":{"rendered":"http:\/\/kunstinargentinien.com\/?p=4855"},"modified":"2010-11-11T14:09:50","modified_gmt":"2010-11-11T17:09:50","slug":"llamado-a-la-proteccion-del-medio-ambiente-y-la-sustentabilidad","status":"publish","type":"post","link":"https:\/\/kunstinargentinien.com\/index.php\/2010\/08\/26\/llamado-a-la-proteccion-del-medio-ambiente-y-la-sustentabilidad\/","title":{"rendered":"Llamado a la protecci\u00f3n del medio ambiente y la sustentabilidad"},"content":{"rendered":"<p><a href=\"http:\/\/kunstinargentinien.com\/index.php\/2010\/08\/26\/aufruf-zu-umweltschutz-und-nachhaltigkeit\/\">Klicken Sie hier, um die deutsche Version zu lesen.<\/a><\/p>\n<p><strong>Exposici\u00f3n de la fot\u00f3grafa Lisa Franz en el consulado de la Embajada de Alemania<\/p>\n<p><em>Por Susanne Franz<\/em><\/strong><\/p>\n<p><a href=\"http:\/\/kunstinargentinien.com\/wp-content\/uploads\/2010\/08\/lisakniess11.jpg\"><img loading=\"lazy\" decoding=\"async\" src=\"http:\/\/kunstinargentinien.com\/wp-content\/uploads\/2010\/08\/lisakniess11.jpg\" alt=\"\" title=\"lisakniess11\" width=\"250\" height=\"167\" class=\"alignleft size-full wp-image-3168\" \/><\/a>Hace diez a\u00f1os que la joven fot\u00f3grafa alemana Lisa Franz comenz\u00f3 a viajar a Buenos Aires con regularidad; hace un a\u00f1o y medio que vive aqu\u00ed. La siguen fascinando la multiplicidad cultural y las posibilidades de esta palpitante metr\u00f3polis que alguna vez la cautivaran. A comienzos de este a\u00f1o emprendi\u00f3 su primer viaje al sur de Argentina. A su regreso, la obra de Lisa Franz reflejaba una nueva mirada. Hasta entonces, su trabajo art\u00edstico estaba centrado en el retrato; ahora el protagonista era el paisaje. &#8220;Me subyug\u00f3 la belleza monumental de la naturaleza de esta tierra&#8221;, dijo Lisa Franz el martes a la noche, en la inauguraci\u00f3n de la exposici\u00f3n en el consulado de la Embajada de Alemania en Buenos Aires. &#8220;Pero cuando regres\u00e9 a Buenos Aires, comprob\u00e9 que aqu\u00ed en la ciudad no se ven rastros de esta naturaleza, que en la capital el resto del pa\u00eds se desdibuja en un segundo plano&#8221;. Decidi\u00f3 que la exposici\u00f3n de fotos organizada por la Embajada con motivo del Bicentenario era una buena oportunidad para establecer un v\u00ednculo entre estos dos mundos.<!--more--><\/p>\n<p>Lisa Franz recorri\u00f3 las calles de Buenos Aires c\u00e1mara en mano y fotografi\u00f3 los graffiti en los que percib\u00eda una relaci\u00f3n, incluso un contraste, con el tema de la protecci\u00f3n de la naturaleza y la sustentabilidad. Usando un procedimiento de montaje proyect\u00f3 parte de estos graffiti en sectores de los paisajes, de modo tal que el observador debe detener su mirada para descubrirlos.<\/p>\n<p>&#8220;Es m\u00e1s un llamado silencioso que una cr\u00edtica a viva voz&#8221;: as\u00ed explica Lisa su reclamo ecopol\u00edtico. Pens\u00f3 la exposici\u00f3n \u2013agrega\u2013 como una manera de crear conciencia, en el a\u00f1o del Bicentenario, sobre la necesidad de proteger estas bellezas naturales en los pr\u00f3ximos 200 a\u00f1os y de se\u00f1alar las amenazas incipientes.<\/p>\n<p>La muestra \u2013auspiciada por la Secretar\u00eda de Cultura de la Embajada de Alemania e  inaugurada oficialmente con unas palabras de Isolde Aust de Quintela y de la artista\u2013 permanecer\u00e1 durante un mes en exposici\u00f3n en el consulado (Villanueva 1055, Belgrano). Un lugar ideal, que se presta para demorarse un rato y dejar que las po\u00e9ticas obras de Liza Franz act\u00faen sobre nuestro esp\u00edritu.<\/p>\n<p>En noviembre y con el renovado apoyo de la Embajada, la artista presentar\u00e1 en el Centro Cultural Recoleta una nueva exposici\u00f3n, &#8220;Facetas de la Mujer&#8221;, sobre las exigencias que se plantean a la mujer del siglo XXI. En estos d\u00edas integra una muestra colectiva de fot\u00f3grafos internacionales en el marco del &#8220;Festival de la Luz&#8221; en la galer\u00eda &#8220;Laguanacazul&#8221; de San Telmo.<\/p>\n<p>Informaci\u00f3n en la p\u00e1gina web <a href=\"http:\/\/www.buenos-aires.diplo.de\/Vertretung\/buenosaires\/es\/Startseite.html\">de la Embajada<\/a> o <a href=\"http:\/\/www.identity-photo.com\/\">de la artista<\/a>.<\/p>\n<p><strong>Foto:<\/strong><\/p>\n<p>Lisa Franz y el embajador G\u00fcnter Kniess, en la exposici\u00f3n.<br \/>\n(Foto: Manfred Engler)<\/p>\n","protected":false},"excerpt":{"rendered":"<p>Klicken Sie hier, um die deutsche Version zu lesen. Exposici\u00f3n de la fot\u00f3grafa Lisa Franz en el consulado de la Embajada de Alemania Por Susanne Franz Hace diez a\u00f1os que la joven fot\u00f3grafa alemana Lisa Franz comenz\u00f3 a viajar a Buenos Aires con regularidad; hace un a\u00f1o y medio que vive aqu\u00ed. La siguen fascinando [&hellip;]<\/p>\n","protected":false},"author":1,"featured_media":0,"comment_status":"open","ping_status":"open","sticky":false,"template":"","format":"standard","meta":{"footnotes":""},"categories":[2,4],"tags":[],"class_list":["post-4855","post","type-post","status-publish","format-standard","hentry","category-kunstler-artistas","category-tipp-der-woche-recomendacion-de-la-semana"],"_links":{"self":[{"href":"https:\/\/kunstinargentinien.com\/index.php\/wp-json\/wp\/v2\/posts\/4855","targetHints":{"allow":["GET"]}}],"collection":[{"href":"https:\/\/kunstinargentinien.com\/index.php\/wp-json\/wp\/v2\/posts"}],"about":[{"href":"https:\/\/kunstinargentinien.com\/index.php\/wp-json\/wp\/v2\/types\/post"}],"author":[{"embeddable":true,"href":"https:\/\/kunstinargentinien.com\/index.php\/wp-json\/wp\/v2\/users\/1"}],"replies":[{"embeddable":true,"href":"https:\/\/kunstinargentinien.com\/index.php\/wp-json\/wp\/v2\/comments?post=4855"}],"version-history":[{"count":5,"href":"https:\/\/kunstinargentinien.com\/index.php\/wp-json\/wp\/v2\/posts\/4855\/revisions"}],"predecessor-version":[{"id":4862,"href":"https:\/\/kunstinargentinien.com\/index.php\/wp-json\/wp\/v2\/posts\/4855\/revisions\/4862"}],"wp:attachment":[{"href":"https:\/\/kunstinargentinien.com\/index.php\/wp-json\/wp\/v2\/media?parent=4855"}],"wp:term":[{"taxonomy":"category","embeddable":true,"href":"https:\/\/kunstinargentinien.com\/index.php\/wp-json\/wp\/v2\/categories?post=4855"},{"taxonomy":"post_tag","embeddable":true,"href":"https:\/\/kunstinargentinien.com\/index.php\/wp-json\/wp\/v2\/tags?post=4855"}],"curies":[{"name":"wp","href":"https:\/\/api.w.org\/{rel}","templated":true}]}}