{"id":5094,"date":"2010-09-18T11:14:55","date_gmt":"2010-09-18T14:14:55","guid":{"rendered":"http:\/\/kunstinargentinien.com\/?p=5094"},"modified":"2010-11-13T20:23:56","modified_gmt":"2010-11-13T23:23:56","slug":"arte-para-todos","status":"publish","type":"post","link":"https:\/\/kunstinargentinien.com\/index.php\/2010\/09\/18\/arte-para-todos\/","title":{"rendered":"Arte para todos"},"content":{"rendered":"<p><a href=\"http:\/\/kunstinargentinien.com\/index.php\/2010\/09\/18\/kunst-fur-alle-2\/\">Klicken Sie hier, um die deutsche Version zu lesen.<\/a><\/p>\n<p><strong>La &#8220;Semana del Arte&#8221; comienza el domingo<\/p>\n<p><em>Por Dilay T\u00fcrk<\/em><\/strong><\/p>\n<p>Del 19 al 25 de septiembre, m\u00e1s de 100 galer\u00edas, museos y centros culturales abrir\u00e1n por 7\u00aa vez sus puertas a los interesados por el arte de cualquier edad. Este mega-circuito art\u00edstico, organizado por el Ministerio de Cultura de la Ciudad y la Editorial Arte al D\u00eda, en el que todas las actividades son gratuitas, ser\u00e1 inaugurado el 19\/09 a las 16 horas en el anfiteatro del Parque Centenario con un concierto de la Orquesta Sinf\u00f3nica de Salta. El 20\/09 comienzan las visitas guiadas y los recorridos, que tienen lugar todas las tardes. Por la noche, en el Centro Cultural Recoleta se inaugurar\u00e1 una exposici\u00f3n del artista Eduardo Pla.<\/p>\n<p>Se realizar\u00e1n tres Gallery Night: el mi\u00e9rcoles en Palermo Viejo, el jueves en San Telmo y Puerto Madero, y el viernes en el centro (Retiro), que culminar\u00e1n con el Festival de dibujo BIC KIDS. Para ello, la extens\u00edsima Avenida de Mayo se transformar\u00e1 en un lugar de entretenimiento para los ni\u00f1os, con numerosos concursos, cert\u00e1menes y shows. Informaci\u00f3n <a href=\"http:\/\/www.lasemanadelarte.com.ar\/\"><em>aqu\u00ed<\/em><\/a>.<\/p>\n","protected":false},"excerpt":{"rendered":"<p>Klicken Sie hier, um die deutsche Version zu lesen. La &#8220;Semana del Arte&#8221; comienza el domingo Por Dilay T\u00fcrk Del 19 al 25 de septiembre, m\u00e1s de 100 galer\u00edas, museos y centros culturales abrir\u00e1n por 7\u00aa vez sus puertas a los interesados por el arte de cualquier edad. Este mega-circuito art\u00edstico, organizado por el Ministerio [&hellip;]<\/p>\n","protected":false},"author":1,"featured_media":0,"comment_status":"open","ping_status":"open","sticky":false,"template":"","format":"standard","meta":{"footnotes":""},"categories":[1,4],"tags":[],"class_list":["post-5094","post","type-post","status-publish","format-standard","hentry","category-allgemein-general","category-tipp-der-woche-recomendacion-de-la-semana"],"_links":{"self":[{"href":"https:\/\/kunstinargentinien.com\/index.php\/wp-json\/wp\/v2\/posts\/5094","targetHints":{"allow":["GET"]}}],"collection":[{"href":"https:\/\/kunstinargentinien.com\/index.php\/wp-json\/wp\/v2\/posts"}],"about":[{"href":"https:\/\/kunstinargentinien.com\/index.php\/wp-json\/wp\/v2\/types\/post"}],"author":[{"embeddable":true,"href":"https:\/\/kunstinargentinien.com\/index.php\/wp-json\/wp\/v2\/users\/1"}],"replies":[{"embeddable":true,"href":"https:\/\/kunstinargentinien.com\/index.php\/wp-json\/wp\/v2\/comments?post=5094"}],"version-history":[{"count":5,"href":"https:\/\/kunstinargentinien.com\/index.php\/wp-json\/wp\/v2\/posts\/5094\/revisions"}],"predecessor-version":[{"id":5100,"href":"https:\/\/kunstinargentinien.com\/index.php\/wp-json\/wp\/v2\/posts\/5094\/revisions\/5100"}],"wp:attachment":[{"href":"https:\/\/kunstinargentinien.com\/index.php\/wp-json\/wp\/v2\/media?parent=5094"}],"wp:term":[{"taxonomy":"category","embeddable":true,"href":"https:\/\/kunstinargentinien.com\/index.php\/wp-json\/wp\/v2\/categories?post=5094"},{"taxonomy":"post_tag","embeddable":true,"href":"https:\/\/kunstinargentinien.com\/index.php\/wp-json\/wp\/v2\/tags?post=5094"}],"curies":[{"name":"wp","href":"https:\/\/api.w.org\/{rel}","templated":true}]}}