{"id":51,"date":"2005-02-26T12:43:24","date_gmt":"2005-02-26T15:43:24","guid":{"rendered":"http:\/\/kunstinargentinien.com\/index.php\/2005\/02\/26\/proyecto-antartida\/"},"modified":"2010-11-02T15:32:02","modified_gmt":"2010-11-02T18:32:02","slug":"proyecto-antartida","status":"publish","type":"post","link":"https:\/\/kunstinargentinien.com\/index.php\/2005\/02\/26\/proyecto-antartida\/","title":{"rendered":"Proyecto Ant\u00e1rtida"},"content":{"rendered":"<p><a href=\"http:\/\/kunstinargentinien.com\/index.php\/2005\/02\/26\/projekt-antarktis\/\">Klicken Sie hier, um die deutsche Version zu lesen.<\/a><\/p>\n<p><strong>Proyecciones de videos y performance de Andrea Juan en la Ant\u00e1rtida<\/strong><\/p>\n<p><em><strong>Por Susanne Franz<\/strong><\/em><\/p>\n<p><img decoding=\"async\" src=\"http:\/\/kunstinargentinien.com\/wp-content\/uploads\/flower2.jpg\" alt=\"\" \/><\/p>\n<p>La instalaci\u00f3n &#8220;Atl\u00e1ntida se derrite&#8221; de la artista Andrea Juan est\u00e1 constituida por proyecciones de los videos &#8220;Girasoles&#8221;, &#8220;Encapsulados&#8221; y &#8220;El \u00faltimo fuego&#8221;, y  la performance &#8220;Rojo&#8221;. Hasta el 3 de marzo Juan presenta su &#8220;Proyecto Ant\u00e1rtida&#8221;&#8230; all\u00e1 mismo.<!--more--><\/p>\n<p>Con ese proyecto, realizado con una beca del Fondo Nacional de las Artes, Juan quiere llamar a la conciencia los dram\u00e1ticos resultados que puede tener el cambio del clima para el mundo. Los videos se proyectan directamente sobre las superficies blancas de los glaciares, alrededor de las bases Marambio, Esperanza y Jubany en la Ant\u00e1rtida.<\/p>\n<p>El video &#8220;Girasoles&#8221;, de 10 minutos de duraci\u00f3n, muestra un campo donde los girasoles se mecen apaciblemente en el viento. Hasta que comienzan a quemarse uno por uno, y todo se destruye en un mar de llamas. Despu\u00e9s de que el fuego se ha apagado no queda nada.<\/p>\n<p>&#8220;Encapsulados&#8221; (4 minutos) muestra un grupo de personas encerradas en una c\u00e1psula transparente que se eleva. Cuando desaparece de la pantalla, sube otra c\u00e1psula con otras personas, que se eleva y desaparece.<\/p>\n<p>&#8220;El \u00faltimo fuego&#8221; (2:30 minutos), una visi\u00f3n apocal\u00edptica de la guerra, muestra una explosi\u00f3n, aparentemente la final, un s\u00edmbolo de la destrucci\u00f3n hecho por el ser humano.<\/p>\n<p>En el transcurso de la performance &#8220;Rojo&#8221;, los glaciares se cubren con telas rojas. De lejos, parecen heridas sangrientas.<\/p>\n<p>Escribe Andrea Juan: &#8220;La Ant\u00e1rtida se derrite, debajo de sus capas acuosas comienza a emanar gas metano, que fortalece el efecto invernadero. Los cambios clim\u00e1ticos se acent\u00faan, generando cat\u00e1strofes inimaginables. Masas de hielo se convierten en agua que se suma a los mares elevando sus niveles. Inundaciones y sequ\u00edas. Hambre y violencia.&#8221;<\/p>\n<p>Con su proyecto, Juan quiere tratar de &#8220;indagar en la conciencia del hombre&#8221; y generar interrogantes: &#8220;\u00bfSomos responsables de semejantes hechos?&#8221; &#8220;\u00bfPodremos cambiar el curso de esta historia?&#8221;<\/p>\n","protected":false},"excerpt":{"rendered":"<p>Klicken Sie hier, um die deutsche Version zu lesen. Proyecciones de videos y performance de Andrea Juan en la Ant\u00e1rtida Por Susanne Franz La instalaci\u00f3n &#8220;Atl\u00e1ntida se derrite&#8221; de la artista Andrea Juan est\u00e1 constituida por proyecciones de los videos &#8220;Girasoles&#8221;, &#8220;Encapsulados&#8221; y &#8220;El \u00faltimo fuego&#8221;, y la performance &#8220;Rojo&#8221;. Hasta el 3 de marzo [&hellip;]<\/p>\n","protected":false},"author":1,"featured_media":0,"comment_status":"open","ping_status":"open","sticky":false,"template":"","format":"standard","meta":{"footnotes":""},"categories":[4],"tags":[],"class_list":["post-51","post","type-post","status-publish","format-standard","hentry","category-tipp-der-woche-recomendacion-de-la-semana"],"_links":{"self":[{"href":"https:\/\/kunstinargentinien.com\/index.php\/wp-json\/wp\/v2\/posts\/51","targetHints":{"allow":["GET"]}}],"collection":[{"href":"https:\/\/kunstinargentinien.com\/index.php\/wp-json\/wp\/v2\/posts"}],"about":[{"href":"https:\/\/kunstinargentinien.com\/index.php\/wp-json\/wp\/v2\/types\/post"}],"author":[{"embeddable":true,"href":"https:\/\/kunstinargentinien.com\/index.php\/wp-json\/wp\/v2\/users\/1"}],"replies":[{"embeddable":true,"href":"https:\/\/kunstinargentinien.com\/index.php\/wp-json\/wp\/v2\/comments?post=51"}],"version-history":[{"count":1,"href":"https:\/\/kunstinargentinien.com\/index.php\/wp-json\/wp\/v2\/posts\/51\/revisions"}],"predecessor-version":[{"id":4272,"href":"https:\/\/kunstinargentinien.com\/index.php\/wp-json\/wp\/v2\/posts\/51\/revisions\/4272"}],"wp:attachment":[{"href":"https:\/\/kunstinargentinien.com\/index.php\/wp-json\/wp\/v2\/media?parent=51"}],"wp:term":[{"taxonomy":"category","embeddable":true,"href":"https:\/\/kunstinargentinien.com\/index.php\/wp-json\/wp\/v2\/categories?post=51"},{"taxonomy":"post_tag","embeddable":true,"href":"https:\/\/kunstinargentinien.com\/index.php\/wp-json\/wp\/v2\/tags?post=51"}],"curies":[{"name":"wp","href":"https:\/\/api.w.org\/{rel}","templated":true}]}}