{"id":5141,"date":"2010-09-14T11:47:19","date_gmt":"2010-09-14T14:47:19","guid":{"rendered":"http:\/\/kunstinargentinien.com\/?p=5141"},"modified":"2016-10-15T17:16:51","modified_gmt":"2016-10-15T20:16:51","slug":"zeichnungen-voller-magie-und-ausdruckskraft-1995","status":"publish","type":"post","link":"https:\/\/kunstinargentinien.com\/index.php\/2010\/09\/14\/zeichnungen-voller-magie-und-ausdruckskraft-1995\/","title":{"rendered":"Zeichnungen voller Magie und Ausdruckskraft (1995)"},"content":{"rendered":"<p><a href=\"http:\/\/kunstinargentinien.com\/index.php\/2010\/09\/14\/dibujos-magicos-y-expresivos-1995\/\">Click aqu\u00ed para leer la versi\u00f3n en castellano.<\/a><\/p>\n<p><strong>Marcelo Mayorga, einer der besten Zeichner Argentiniens<\/p>\n<p><em>Von Susanne Franz<\/em><\/strong><\/p>\n<p><a href=\"http:\/\/kunstinargentinien.com\/wp-content\/uploads\/2010\/11\/mayorga.jpg\"><img loading=\"lazy\" decoding=\"async\" src=\"http:\/\/kunstinargentinien.com\/wp-content\/uploads\/2010\/11\/mayorga.jpg\" alt=\"\" title=\"mayorga\" width=\"520\" height=\"339\" class=\"aligncenter size-full wp-image-5154\" srcset=\"https:\/\/kunstinargentinien.com\/wp-content\/uploads\/2010\/11\/mayorga.jpg 520w, https:\/\/kunstinargentinien.com\/wp-content\/uploads\/2010\/11\/mayorga-300x195.jpg 300w\" sizes=\"auto, (max-width: 520px) 100vw, 520px\" \/><\/a><\/p>\n<p>Der K\u00fcnstler Marcelo Mayorga bedient sich zweier Techniken der Zeichenkunst &#8211; der Tusch- und (seit 1987) der Bleistiftzeichnung. Seine Arbeitsweise gleicht der von Paul Klee beschriebenen &#8220;Reise ins Land der besseren Erkenntnis&#8221;, wobei nach Anlegen des &#8220;topographischen Planes&#8221; f\u00fcr sein Werk durch das Hinzukommen genial erzielter Licht- und Schattenwirkung in seiner Schwarz-Wei\u00df-Welt und die pers\u00f6nliche Thematik ein Mayorga entsteht. Denn die Reise der wahren K\u00fcnstler \u00e4hnelt sich, doch die Ankunft ist so verschieden wie der individuelle Punkt des Aufbruchs.<\/p>\n<p>Marcelo Mayorgas Thematik lebt von den ihn umgebenden Eindr\u00fccken. Er zeichnet oftmals ein idyllisches Buenos Aires seiner Kindheitserinnerungen: Das Wiederfinden &#8220;verlorener Momente&#8221; der Kindheit macht den Menschen erst komplett. Seine Serie &#8220;Guerra Lejana&#8221; befasst sich mit dem Malwinenkrieg von 1982 oder vielmehr mit dem Gef\u00fchl, das dieser &#8220;weit entfernte&#8221; und doch unmittelbar bedrohende Krieg bei der bonaerenser Bev\u00f6lkerung ausl\u00f6ste. Die Metamorphose der Flotte in einem grauen Meer, das vom Land kaum zu unterscheiden ist, symbolisiert auch den Schritt Argentiniens von der Kindheit zur Jugend &#8211; der Demokratie.<\/p>\n<p><a href=\"http:\/\/kunstinargentinien.com\/wp-content\/uploads\/2010\/11\/mayorga3.jpg\"><img loading=\"lazy\" decoding=\"async\" src=\"http:\/\/kunstinargentinien.com\/wp-content\/uploads\/2010\/11\/mayorga3.jpg\" alt=\"\" title=\"mayorga3\" width=\"520\" height=\"374\" class=\"aligncenter size-full wp-image-5157\" srcset=\"https:\/\/kunstinargentinien.com\/wp-content\/uploads\/2010\/11\/mayorga3.jpg 520w, https:\/\/kunstinargentinien.com\/wp-content\/uploads\/2010\/11\/mayorga3-300x215.jpg 300w\" sizes=\"auto, (max-width: 520px) 100vw, 520px\" \/><\/a><\/p>\n<p>Nat\u00fcrlich sind bei weitem nicht alle Themen Mayorgas auf die Stadt Buenos Aires bezogen, im Gegenteil gilt paradoxerweise: Je pers\u00f6nlicher sie werden, desto universeller pr\u00e4sentieren sie sich dem Betrachter.<\/p>\n<p>Mayorga bannt und vertreibt Geister und D\u00e4monen in sich selbst und der Welt. Das Zeichnen ist f\u00fcr ihn ein magischer Prozess: Von Personen und (personifizierten) Situationen eines Lebensabschnitts befreit er sich zeichnend; von ldeologien und Ismen, die die Welt regieren oder regierten, verabschiedet er sich auf zeichnerischem, satirischem Wege. Die magische Expressivit\u00e4t seiner Werke verfolgt den Bewunderer seiner Kunst noch lange &#8211; Mayorga ist kein K\u00fcnstler, den man vergessen k\u00f6nnte.<\/p>\n<p><a href=\"http:\/\/kunstinargentinien.com\/wp-content\/uploads\/2010\/11\/mayorga2.jpg\"><img loading=\"lazy\" decoding=\"async\" src=\"http:\/\/kunstinargentinien.com\/wp-content\/uploads\/2010\/11\/mayorga2.jpg\" alt=\"\" title=\"mayorga2\" width=\"520\" height=\"310\" class=\"aligncenter size-full wp-image-5158\" srcset=\"https:\/\/kunstinargentinien.com\/wp-content\/uploads\/2010\/11\/mayorga2.jpg 520w, https:\/\/kunstinargentinien.com\/wp-content\/uploads\/2010\/11\/mayorga2-300x178.jpg 300w\" sizes=\"auto, (max-width: 520px) 100vw, 520px\" \/><\/a><\/p>\n<p>Vielmehr geh\u00f6rt er zu den besten Zeichnern, die momentan hier arbeiten. Seine Werke hat der 1941 in Buenos Aires geborene K\u00fcnstler, der von der Kunstgalerie Atica (Libertad 1240, PB 9, Buenos Aires) vertreten wird, seit 1972 in sechzehn Einzel- und zahlreichen Kollektivausstellungen im In- und Ausland gezeigt. Die Deutsche Bank-Filiale Corrientes beherbergte im Juni 1994 seine letzte Einzelausstellung; seitdem geh\u00f6rt auch ein Mayorga (eine Tuschzeichnung) zur Sarnrnlung der Deutscben Bank.<\/p>\n<p>Weitere Museen und Institutionen, die Werke Mayorgas besitzen, sind folgende: Stadtmuseum Buenos Aires, Museum &#8220;Circle Artistic San Lluc&#8221;, Barcelona, Spanien; Nationalgalerie &#8220;Salas Nacionales de Cultura&#8221;, Buenos Aires; &#8220;Galleria Nazionale D&#8217;Arte Moderna&#8221;, Rom, Italien; Museum Lateinamerikanischer Kunst, Punta del Este, Uruguay; Museum &#8220;Eduardo S\u00edvori&#8221;, Buenos Aires; Museum Zeitgen\u00f6ssischer Kunst, C\u00f3rdoba; Kunstmuseum, Resistencia, Chaco; Museum &#8220;Rosa Galisteo de Rodr\u00edguez&#8221;, Santa Fe; Museum &#8220;Fader&#8221;, Mendoza; Sammlung Bencich, Buenos Aires; Sarnmlung &#8220;Banco de Galicia&#8221;, Resistencia, Chaco; Sammlung &#8220;Banco Quilmes&#8221;, Buenos Aires; Italienisch-Lateinamerikanisches Institut, Rom; &#8220;Colegio Mayor Argentino&#8221;, Madrid, Spanien.<\/p>\n<p>Von den wichtigsten Preise, die Mayorga erhielt, seien im folgenden genannt: Dritter, Zweiter und Erster Preis im &#8220;Sal\u00f3n Municipal M. Belgrano&#8221;; Zweiter und Erster Preis im &#8220;Sal\u00f3n de Santa Fe&#8221;; Zweiter und Erster Preis im &#8220;Sal\u00f3n Nacional del Chaco&#8221;; Dritter, Zweiter und Grosser Ehrenpreis im Sal\u00f3n Nacional.<\/p>\n<p>Im Februar wird Marcelo Mayorga zum ersten Mal nach Deutschland fahren, wo er vom 12.2. bis 2.4. in der Kunststation Kleinsassen in der N\u00e4he von Frankfurt am Main zusammen mit den argentinischen K\u00fcnstlern Carlos Carmona, Julio Dolz, Ana Eckell, Alberto Klix, Fernando Mart\u00ednez, Jorge Meijide, Julio Pagano, Ra\u00fal Ponce sowie Armando Sapia ausstellen wird. Mayorga bereitet gemeinsam mit Ana Eckell die Ausstellung vor und wird im weiteren Deutschland bereisen.<\/p>\n<p>Er wird mit Sicherheit die Kunstliebhaber dort beeindrucken. Ob er wiederum seine Deutschland-Eindr\u00fccke in seine faszinierende Bilderwelt mit einflie\u00dfen lassen wird?<\/p>\n<p>(Die Zitate von Paul Klee stammen aus dessen &#8220;Sch\u00f6pferischer Konfession&#8221;, 1920.)<\/p>\n<p><strong>Fotos von oben nach unten:<\/strong><\/p>\n<p>&#8220;Explicando a Dios&#8221;, l\u00e1piz carb\u00f3n (&#8220;Gott erkl\u00e4ren&#8221;, Bleistiftzeichnung), 0,65 x 100 cm. Das Werk basiert auf einer islamischen Erz\u00e4hlung: Jeder ist blind im Labyrinth des Lebens und versucht Gott zu erkl\u00e4ren nach dem, was er erf\u00fchlt. Und alle glauben recht zu haben&#8230;<\/p>\n<p>&#8220;La Flota&#8221; (de la serie &#8220;La guerra lejana&#8221;), l\u00e1piz carb\u00f3n sobre papel (&#8220;Die Flotte&#8221;, aus der Serie &#8220;Weit enfernter Krieg&#8221;, Bleistiftzeichnung), 50 x 70 cm, 1995.<\/p>\n<p>&#8220;Los te\u00f3ricos&#8221;, l\u00e1piz carb\u00f3n sobre papel (&#8220;Die Theoretiker&#8221;, Bleistiftzeichnung), 70 x 100 cm. Das Zeitalter der Fische mit den Konzepten, die gehen: der adlerk\u00f6pfige Faschismus, der feiste Kapitalismus, der schweinsgesichtige Kommunismus, der maskentragende Imperialismus, etc.<\/p>\n<p><em>Erschienen im &#8220;Argentinischen Tageblatt&#8221; vom 21.1.1995.<\/em><\/p>\n","protected":false},"excerpt":{"rendered":"<p>Click aqu\u00ed para leer la versi\u00f3n en castellano. Marcelo Mayorga, einer der besten Zeichner Argentiniens Von Susanne Franz Der K\u00fcnstler Marcelo Mayorga bedient sich zweier Techniken der Zeichenkunst &#8211; der Tusch- und (seit 1987) der Bleistiftzeichnung. Seine Arbeitsweise gleicht der von Paul Klee beschriebenen &#8220;Reise ins Land der besseren Erkenntnis&#8221;, wobei nach Anlegen des &#8220;topographischen [&hellip;]<\/p>\n","protected":false},"author":1,"featured_media":0,"comment_status":"open","ping_status":"open","sticky":false,"template":"","format":"standard","meta":{"footnotes":""},"categories":[5,2,25],"tags":[],"class_list":["post-5141","post","type-post","status-publish","format-standard","hentry","category-die-zeitmaschine-la-maquina-del-tiempo","category-kunstler-artistas","category-top-20"],"_links":{"self":[{"href":"https:\/\/kunstinargentinien.com\/index.php\/wp-json\/wp\/v2\/posts\/5141","targetHints":{"allow":["GET"]}}],"collection":[{"href":"https:\/\/kunstinargentinien.com\/index.php\/wp-json\/wp\/v2\/posts"}],"about":[{"href":"https:\/\/kunstinargentinien.com\/index.php\/wp-json\/wp\/v2\/types\/post"}],"author":[{"embeddable":true,"href":"https:\/\/kunstinargentinien.com\/index.php\/wp-json\/wp\/v2\/users\/1"}],"replies":[{"embeddable":true,"href":"https:\/\/kunstinargentinien.com\/index.php\/wp-json\/wp\/v2\/comments?post=5141"}],"version-history":[{"count":16,"href":"https:\/\/kunstinargentinien.com\/index.php\/wp-json\/wp\/v2\/posts\/5141\/revisions"}],"predecessor-version":[{"id":24190,"href":"https:\/\/kunstinargentinien.com\/index.php\/wp-json\/wp\/v2\/posts\/5141\/revisions\/24190"}],"wp:attachment":[{"href":"https:\/\/kunstinargentinien.com\/index.php\/wp-json\/wp\/v2\/media?parent=5141"}],"wp:term":[{"taxonomy":"category","embeddable":true,"href":"https:\/\/kunstinargentinien.com\/index.php\/wp-json\/wp\/v2\/categories?post=5141"},{"taxonomy":"post_tag","embeddable":true,"href":"https:\/\/kunstinargentinien.com\/index.php\/wp-json\/wp\/v2\/tags?post=5141"}],"curies":[{"name":"wp","href":"https:\/\/api.w.org\/{rel}","templated":true}]}}