{"id":5178,"date":"2010-09-14T11:39:07","date_gmt":"2010-09-14T14:39:07","guid":{"rendered":"http:\/\/kunstinargentinien.com\/?p=5178"},"modified":"2010-11-21T12:03:09","modified_gmt":"2010-11-21T15:03:09","slug":"qualitat-und-originalitat-1995","status":"publish","type":"post","link":"https:\/\/kunstinargentinien.com\/index.php\/2010\/09\/14\/qualitat-und-originalitat-1995\/","title":{"rendered":"Qualit\u00e4t und Originalit\u00e4t (1995)"},"content":{"rendered":"<p><a href=\"http:\/\/kunstinargentinien.com\/index.php\/2010\/09\/14\/calidad-y-originalidad-1995\/\">Click aqu\u00ed para leer la versi\u00f3n en castellano.<\/a><\/p>\n<p><strong>Luis Niveiro zeigt witzig-satirische Obiekte bei Atica <\/p>\n<p><em>Von Susanne Franz<\/em><\/strong><\/p>\n<p><a href=\"http:\/\/kunstinargentinien.com\/wp-content\/uploads\/2010\/11\/luis2.jpg\"><img loading=\"lazy\" decoding=\"async\" src=\"http:\/\/kunstinargentinien.com\/wp-content\/uploads\/2010\/11\/luis2.jpg\" alt=\"\" title=\"luis2\" width=\"250\" height=\"280\" class=\"alignright size-full wp-image-5183\" \/><\/a>Am 2. Mai beging die Galerie Atica ihr 30-j\u00e4hriges Jubil\u00e4um und bewies mit der Er\u00f6ffnung der h\u00f6chst eigenwilligen Ausstellung von Objekten Luis Niveiros, dass sie weiterhin ihren eigenen Weg w\u00e4hlt und Qualit\u00e4t und Originalit\u00e4t geschickt miteinander zu verbinden wei\u00df.<\/p>\n<p>Atica verwandelt sich bis zum 27. Mai in eine Art Puppenhaus, dessen Besuch anregend, spannend und unterhaltsam ist. Der K\u00fcnstler Luis Niveiro hat sich der Satire verschrieben und als zentrale Figur seiner Aussage den Pinocchio gew\u00e4hlt, Symbol der Verlogenheit und Naivit\u00e4t. Mit dieser Puppe nimmt er liebevoll und doch gezielt, messerscharf beobachtend, vor allem die &#8220;Zust\u00e4nde&#8221; Argentiniens auf die Schippe. Seine K\u00e4sten\/Objekte mit teilweise durch kurze Texte erkl\u00e4rten Szenerien sind bissig und haben gleichzeitig das entwaffnend Naive eines Puppenspiels &#8211; rnit diesem bewusst eingesetzten Stilmittel \u00fcbersetzt Niveiro die Satire gekonnt vom Wort in die bildende Kunst. Die Ausstellung ist durch und durch gelungen, bisher ein gro\u00dfer Publikumserfolg und au\u00dferordentlich empfehlenswert.<!--more--><\/p>\n<p>Luis Niveiro wurde 1952 in Corrientes geboren und begann w\u00e4hrend eines dreij\u00e4hrigen Aufenthaltes in den USA (Boston, 1979-81) Malerei zu studieren. Zur\u00fcck in Argentinien widmete er sich weiter dem Kunststudium; die Jahre von 1986 und 1993 sind durch Reisen, l\u00e4ngere Aufenthalte und Ausstellungen in den Staaten, Mexiko, der Dominikanischen Republik und Europa, v.a. Spanien, gekennzeichnet. Der K\u00fcnstler, der jetzt in Buenos Aires und Corrientes lebt, hatte bis jetzt 24 Einzel- und 57 Gemeinschaftsausstellungen; bei &#8220;Sal\u00f3ns&#8221; in Corrientes und Buenos Aires wurden ihm verschiedene Ehrungen f\u00fcr sein Werk verliehen, das sich in zahlreichen Museen, Stiftungen und Privatsammlungen in S\u00fcdamerika, den USA und Europa befindet.<\/p>\n<p>Die Ausstellung bei Atica, Libertad 1240, P.B., kann man bis zum 27. Mai zu folgenden \u00d6ffnungszeiten besuchen: montags bis freitags 11-13 und 15-20 Uhr, samstags 11-13.30 Uhr.<\/p>\n<p><em>Erschienen im &#8220;Argentinischen Tageblatt&#8221; vom 13. Mai 1995.<\/em><\/p>\n","protected":false},"excerpt":{"rendered":"<p>Click aqu\u00ed para leer la versi\u00f3n en castellano. Luis Niveiro zeigt witzig-satirische Obiekte bei Atica Von Susanne Franz Am 2. Mai beging die Galerie Atica ihr 30-j\u00e4hriges Jubil\u00e4um und bewies mit der Er\u00f6ffnung der h\u00f6chst eigenwilligen Ausstellung von Objekten Luis Niveiros, dass sie weiterhin ihren eigenen Weg w\u00e4hlt und Qualit\u00e4t und Originalit\u00e4t geschickt miteinander zu [&hellip;]<\/p>\n","protected":false},"author":1,"featured_media":0,"comment_status":"open","ping_status":"open","sticky":false,"template":"","format":"standard","meta":{"footnotes":""},"categories":[5,2],"tags":[],"class_list":["post-5178","post","type-post","status-publish","format-standard","hentry","category-die-zeitmaschine-la-maquina-del-tiempo","category-kunstler-artistas"],"_links":{"self":[{"href":"https:\/\/kunstinargentinien.com\/index.php\/wp-json\/wp\/v2\/posts\/5178","targetHints":{"allow":["GET"]}}],"collection":[{"href":"https:\/\/kunstinargentinien.com\/index.php\/wp-json\/wp\/v2\/posts"}],"about":[{"href":"https:\/\/kunstinargentinien.com\/index.php\/wp-json\/wp\/v2\/types\/post"}],"author":[{"embeddable":true,"href":"https:\/\/kunstinargentinien.com\/index.php\/wp-json\/wp\/v2\/users\/1"}],"replies":[{"embeddable":true,"href":"https:\/\/kunstinargentinien.com\/index.php\/wp-json\/wp\/v2\/comments?post=5178"}],"version-history":[{"count":8,"href":"https:\/\/kunstinargentinien.com\/index.php\/wp-json\/wp\/v2\/posts\/5178\/revisions"}],"predecessor-version":[{"id":5492,"href":"https:\/\/kunstinargentinien.com\/index.php\/wp-json\/wp\/v2\/posts\/5178\/revisions\/5492"}],"wp:attachment":[{"href":"https:\/\/kunstinargentinien.com\/index.php\/wp-json\/wp\/v2\/media?parent=5178"}],"wp:term":[{"taxonomy":"category","embeddable":true,"href":"https:\/\/kunstinargentinien.com\/index.php\/wp-json\/wp\/v2\/categories?post=5178"},{"taxonomy":"post_tag","embeddable":true,"href":"https:\/\/kunstinargentinien.com\/index.php\/wp-json\/wp\/v2\/tags?post=5178"}],"curies":[{"name":"wp","href":"https:\/\/api.w.org\/{rel}","templated":true}]}}