{"id":5212,"date":"2010-09-01T17:49:19","date_gmt":"2010-09-01T20:49:19","guid":{"rendered":"http:\/\/kunstinargentinien.com\/?p=5212"},"modified":"2010-11-16T14:09:50","modified_gmt":"2010-11-16T17:09:50","slug":"festival-de-cine-para-la-juventud","status":"publish","type":"post","link":"https:\/\/kunstinargentinien.com\/index.php\/2010\/09\/01\/festival-de-cine-para-la-juventud\/","title":{"rendered":"Festival de cine para la juventud"},"content":{"rendered":"<p><a href=\"http:\/\/kunstinargentinien.com\/index.php\/2010\/09\/01\/jugendfilmfestival-nueva-mirada\/\">Klicken Sie hier, um die deutsche Version zu lesen.<\/a><\/p>\n<p><strong>&#8220;Nueva Mirada&#8221;: 9\u00ba Festival de cine para ni\u00f1os y j\u00f3venes en Buenos Aires<\/p>\n<p><em>Por Dilay T\u00fcrk<\/em><\/strong><\/p>\n<p>El 2 de septiembre abre sus puertas el 9\u00ba Festival de cine para ni\u00f1os y j\u00f3venes &#8220;Nueva Mirada&#8221; en Buenos Aires para j\u00f3venes aficionados del cine y sus familias. Las presentaciones de las pel\u00edculas son gratuitas y entre las pel\u00edculas para ni\u00f1os de todo el mundo tambi\u00e9n hay tres tiras alemanas: &#8220;Die Stimme des Adlers&#8221; (&#8220;La voz del \u00e1guila&#8221;), &#8220;Vorstadtkrokodile 2 &#8211; Die coolste Bande ist zur\u00fcck&#8221; (&#8220;Cocodrilos de los suburbios 2 \u2013 La banda m\u00e1s &#8216;cool&#8217; est\u00e1 de regreso&#8221;) y &#8220;Jasper und das Limonadenkomplott&#8221; (&#8220;Jasper y la intriga de la limonada&#8221;). Se podr\u00e1n ver las pel\u00edculas hasta el 8 de septiembre en el Espacio INCAA, en el Centro Cultural General San Mart\u00edn, en el Teatro 25 de Mayo y en el Instituto Bernasconi. Informaci\u00f3n <a href=\"http:\/\/www.festivalnuevamirada.blogspot.com\/\"><em>aqu\u00ed<\/em><\/a>.<\/p>\n","protected":false},"excerpt":{"rendered":"<p>Klicken Sie hier, um die deutsche Version zu lesen. &#8220;Nueva Mirada&#8221;: 9\u00ba Festival de cine para ni\u00f1os y j\u00f3venes en Buenos Aires Por Dilay T\u00fcrk El 2 de septiembre abre sus puertas el 9\u00ba Festival de cine para ni\u00f1os y j\u00f3venes &#8220;Nueva Mirada&#8221; en Buenos Aires para j\u00f3venes aficionados del cine y sus familias. Las [&hellip;]<\/p>\n","protected":false},"author":1,"featured_media":0,"comment_status":"open","ping_status":"open","sticky":false,"template":"","format":"standard","meta":{"footnotes":""},"categories":[16,4],"tags":[],"class_list":["post-5212","post","type-post","status-publish","format-standard","hentry","category-film-cine","category-tipp-der-woche-recomendacion-de-la-semana"],"_links":{"self":[{"href":"https:\/\/kunstinargentinien.com\/index.php\/wp-json\/wp\/v2\/posts\/5212","targetHints":{"allow":["GET"]}}],"collection":[{"href":"https:\/\/kunstinargentinien.com\/index.php\/wp-json\/wp\/v2\/posts"}],"about":[{"href":"https:\/\/kunstinargentinien.com\/index.php\/wp-json\/wp\/v2\/types\/post"}],"author":[{"embeddable":true,"href":"https:\/\/kunstinargentinien.com\/index.php\/wp-json\/wp\/v2\/users\/1"}],"replies":[{"embeddable":true,"href":"https:\/\/kunstinargentinien.com\/index.php\/wp-json\/wp\/v2\/comments?post=5212"}],"version-history":[{"count":5,"href":"https:\/\/kunstinargentinien.com\/index.php\/wp-json\/wp\/v2\/posts\/5212\/revisions"}],"predecessor-version":[{"id":5234,"href":"https:\/\/kunstinargentinien.com\/index.php\/wp-json\/wp\/v2\/posts\/5212\/revisions\/5234"}],"wp:attachment":[{"href":"https:\/\/kunstinargentinien.com\/index.php\/wp-json\/wp\/v2\/media?parent=5212"}],"wp:term":[{"taxonomy":"category","embeddable":true,"href":"https:\/\/kunstinargentinien.com\/index.php\/wp-json\/wp\/v2\/categories?post=5212"},{"taxonomy":"post_tag","embeddable":true,"href":"https:\/\/kunstinargentinien.com\/index.php\/wp-json\/wp\/v2\/tags?post=5212"}],"curies":[{"name":"wp","href":"https:\/\/api.w.org\/{rel}","templated":true}]}}