{"id":5290,"date":"2010-09-03T11:04:35","date_gmt":"2010-09-03T14:04:35","guid":{"rendered":"http:\/\/kunstinargentinien.com\/?p=5290"},"modified":"2010-11-17T19:46:56","modified_gmt":"2010-11-17T22:46:56","slug":"desde-las-esculturas-hasta-el-pop-art","status":"publish","type":"post","link":"https:\/\/kunstinargentinien.com\/index.php\/2010\/09\/03\/desde-las-esculturas-hasta-el-pop-art\/","title":{"rendered":"Desde las esculturas hasta el Pop Art"},"content":{"rendered":"<p><a href=\"http:\/\/kunstinargentinien.com\/index.php\/2010\/09\/03\/von-skulpturen-bis-zu-popart\/\">Klicken Sie hier, um die deutsche Version zu lesen.<\/a><\/p>\n<p><strong>10\u00aa Expotrastiendas ofrece alternativas para todos los gustos<\/p>\n<p><em>Por Dilay T\u00fcrk<\/em><\/strong><\/p>\n<p><a href=\"http:\/\/kunstinargentinien.com\/wp-content\/uploads\/2010\/09\/expo11.jpg\"><img loading=\"lazy\" decoding=\"async\" src=\"http:\/\/kunstinargentinien.com\/wp-content\/uploads\/2010\/09\/expo11.jpg\" alt=\"\" title=\"expo11\" width=\"195\" height=\"81\" class=\"alignleft size-full wp-image-3225\" \/><\/a>El jueves a la noche fue inaugurada la 10\u00aa Expotrastiendas en el Centro de Exposiciones &#8220;La Rural&#8221; en Buenos Aires. Esta exposici\u00f3n de arte quiere incentivar las artes pl\u00e1sticas y hacerlas accesibles a un p\u00fablico amplio. Los organizadores lo han logrado con creces el d\u00eda de la inauguraci\u00f3n. El p\u00fablico que visita esta muestra es tan colorido y diverso como las obras mismas expuestas. Los ni\u00f1os examinan encantados las coloridas figuras de Magdalena Arez en el Stand C80, donde todo hace recordar un poco a Alicia en el Pa\u00eds de las Maravillas.<!--more--><\/p>\n<p>No lejos de ah\u00ed, una pareja mayor inspecciona una impresionante obra de Juan Carlos Castagnino, &#8220;M\u00e1rtir&#8221;, que representa en una forma totalmente desconocida a Jes\u00fas en la cruz (Stand C60). Las obras de la &#8220;modo7gallery&#8221; atraen especialmente al p\u00fablico joven. Con sus &#8220;collages&#8221; de fotos, papel de diario y muchos colores de se\u00f1alizaci\u00f3n, las obras del Stand D60 son un colorido &#8220;eyecatcher&#8221;.<\/p>\n<p>Tampoco los fan\u00e1ticos del arte fotogr\u00e1fico se quedan con las ganas. Como highlights especiales se pueden nombrar aqu\u00ed los autorretratos del joven artista Mart\u00edn del Pozo y los cuadros perturbadores de Juan Francisco S\u00e1nchez. El artista joven y rebelde del Pozo abandona las normas intencionadamente, represent\u00e1ndose a s\u00ed mismo en poses er\u00f3ticas semidesnudo como mujer, pero con caracter\u00edsticas masculinas como su bigote.<\/p>\n<p>En el Stand de la Galer\u00eda &#8220;Arte Privado Rosario&#8221; (C130) alg\u00fan que otro espectador se asusta ante dos criaturas de naturaleza humana sentadas en el piso. Al observarla de cerca, esta curiosa pareja resulta ser una atracci\u00f3n del stand que est\u00e1 disfrazada con grandes m\u00e1scaras y capas doradas y tornasoladas. As\u00ed es como la Expotrastiendas est\u00e1 llena de sorpresas para gente de toda edad: una exposici\u00f3n que logra presentar un gran n\u00famero de obras interesantes de las m\u00e1s variadas tendencias.<\/p>\n<p>Hasta el lunes 06\/09 inclusive se puede visitar la Expotrastiendas de 12 a 22 horas en La Rural, &#8220;Pabell\u00f3n Ocre&#8221;, Av. Santa Fe y Av. Sarmiento. Informaci\u00f3n <a href=\"http:\/\/www.expotrastiendas.com.ar\/\">en la p\u00e1gina web de la exposici\u00f3n<\/a>.<\/p>\n","protected":false},"excerpt":{"rendered":"<p>Klicken Sie hier, um die deutsche Version zu lesen. 10\u00aa Expotrastiendas ofrece alternativas para todos los gustos Por Dilay T\u00fcrk El jueves a la noche fue inaugurada la 10\u00aa Expotrastiendas en el Centro de Exposiciones &#8220;La Rural&#8221; en Buenos Aires. Esta exposici\u00f3n de arte quiere incentivar las artes pl\u00e1sticas y hacerlas accesibles a un p\u00fablico [&hellip;]<\/p>\n","protected":false},"author":1,"featured_media":0,"comment_status":"open","ping_status":"open","sticky":false,"template":"","format":"standard","meta":{"footnotes":""},"categories":[4],"tags":[],"class_list":["post-5290","post","type-post","status-publish","format-standard","hentry","category-tipp-der-woche-recomendacion-de-la-semana"],"_links":{"self":[{"href":"https:\/\/kunstinargentinien.com\/index.php\/wp-json\/wp\/v2\/posts\/5290","targetHints":{"allow":["GET"]}}],"collection":[{"href":"https:\/\/kunstinargentinien.com\/index.php\/wp-json\/wp\/v2\/posts"}],"about":[{"href":"https:\/\/kunstinargentinien.com\/index.php\/wp-json\/wp\/v2\/types\/post"}],"author":[{"embeddable":true,"href":"https:\/\/kunstinargentinien.com\/index.php\/wp-json\/wp\/v2\/users\/1"}],"replies":[{"embeddable":true,"href":"https:\/\/kunstinargentinien.com\/index.php\/wp-json\/wp\/v2\/comments?post=5290"}],"version-history":[{"count":4,"href":"https:\/\/kunstinargentinien.com\/index.php\/wp-json\/wp\/v2\/posts\/5290\/revisions"}],"predecessor-version":[{"id":5303,"href":"https:\/\/kunstinargentinien.com\/index.php\/wp-json\/wp\/v2\/posts\/5290\/revisions\/5303"}],"wp:attachment":[{"href":"https:\/\/kunstinargentinien.com\/index.php\/wp-json\/wp\/v2\/media?parent=5290"}],"wp:term":[{"taxonomy":"category","embeddable":true,"href":"https:\/\/kunstinargentinien.com\/index.php\/wp-json\/wp\/v2\/categories?post=5290"},{"taxonomy":"post_tag","embeddable":true,"href":"https:\/\/kunstinargentinien.com\/index.php\/wp-json\/wp\/v2\/tags?post=5290"}],"curies":[{"name":"wp","href":"https:\/\/api.w.org\/{rel}","templated":true}]}}