{"id":5292,"date":"2010-06-19T15:08:21","date_gmt":"2010-06-19T18:08:21","guid":{"rendered":"http:\/\/kunstinargentinien.com\/?p=5292"},"modified":"2010-11-20T12:06:09","modified_gmt":"2010-11-20T15:06:09","slug":"los-rostros-de-gerhard-richter","status":"publish","type":"post","link":"https:\/\/kunstinargentinien.com\/index.php\/2010\/06\/19\/los-rostros-de-gerhard-richter\/","title":{"rendered":"Los rostros de Gerhard Richter"},"content":{"rendered":"<p><a href=\"http:\/\/kunstinargentinien.com\/index.php\/2010\/06\/19\/die-vielen-gesichter-des-gerhard-richter\/\">Klicken Sie hier, um die deutsche Version zu lesen.<\/a><\/p>\n<p><strong>La exposici\u00f3n &#8220;Sinopsis&#8221; en el Museo Nacional de Arte Decorativo<\/p>\n<p><em>Por Sandra Henoch<\/em><\/strong><\/p>\n<p><a href=\"http:\/\/kunstinargentinien.com\/wp-content\/uploads\/2010\/06\/Richter11.jpg\"><img loading=\"lazy\" decoding=\"async\" src=\"http:\/\/kunstinargentinien.com\/wp-content\/uploads\/2010\/06\/Richter11-207x300.jpg\" alt=\"\" title=\"Richter11\" width=\"207\" height=\"300\" class=\"alignleft size-medium wp-image-2468\" srcset=\"https:\/\/kunstinargentinien.com\/wp-content\/uploads\/2010\/06\/Richter11-207x300.jpg 207w, https:\/\/kunstinargentinien.com\/wp-content\/uploads\/2010\/06\/Richter11.jpg 250w\" sizes=\"auto, (max-width: 207px) 100vw, 207px\" \/><\/a>Como el propio Gerhard Richter afirma, trabaja sin plan ni sistema. Eso es dif\u00edcil de creer cuando uno visita la muestra de sus obras en el Museo Nacional de Arte Decorativo. El Instituto para las Relaciones con el Extranjero de Alemania presenta en el subsuelo restaurado del Museo la exposici\u00f3n organizada por el Goethe-Institut Buenos Aires. Distribuido en varias salas, las im\u00e1genes, fotograf\u00edas y pinturas de Richter reflejan su obra de vida. La mezcla de \u00f3leos, grabados y fotograf\u00edas, principalmente de los a\u00f1os noventa, muestra la versatilidad del &#8220;Picasso del siglo XXI&#8221;, considerado uno de los artistas alemanes m\u00e1s importantes del presente.<\/p>\n<p>Las luminosas salas del Museo dan suficiente espacio a las im\u00e1genes que se acoplan a la m\u00fasica de fondo. No se puede reconocer una disposici\u00f3n \u00fanica de las obras seg\u00fan est\u00e9n colocadas por per\u00edodos o materiales. M\u00e1s bien, alternan las pinturas abstractas con fotograf\u00edas y grabados y, por eso, la exposici\u00f3n parece ser tan viva.<!--more--><\/p>\n<p>Las t\u00e9cnicas de distanciamiento, que Richter emplea en parte de sus obras, podr\u00edan interpretarse como el hilo conductor tanto de su obra como de la exposici\u00f3n. Y esto es lo que persiguen los trabajos de Richter que se reh\u00fasan a un estilo art\u00edstico individual o, en lugar de eso, provocan una variedad pict\u00f3rica que es muy discutida entre los cr\u00edticos. Una video-instalaci\u00f3n en la parte de atr\u00e1s muestra el proceso de concepci\u00f3n del vitral de la Catedral de Colonia, Alemania, que proyect\u00f3 en 2006 el coloniense por elecci\u00f3n. Asimismo, tambi\u00e9n pueden apreciarse obras pl\u00e1sticas de Richter, quien aprendi\u00f3 pintura en la Academia de Arte de Dresden.<\/p>\n<p>Es indiscutible que Richter ya en vida es una leyenda de arte. Nacido en Dresden, estudi\u00f3 y trabaj\u00f3 en la RDA, cre\u00f3 gran cantidad de obras que se subastaron por cifras exorbitantes. Cuando se escap\u00f3 a Alemania Federal, casi todos sus trabajos fueron destruidos, otros los quem\u00f3 \u00e9l mismo. Sin embargo, la fuga y la consiguiente reorientaci\u00f3n le permitieron trabajar en sistemas pol\u00edticos y sociales distintos y plasmar sus influencias. Esto lo logr\u00f3 no solo como artista, sino tambi\u00e9n como maestro y profesor universitario. Junto con Sigmar Polke, Konrad Fischer-Lueg y otros, form\u00f3 el grupo de arte &#8220;realistas capitalistas&#8221; que lleva la marca del escepticismo ideol\u00f3gico de Richter.<\/p>\n<ul>\n<li>&#8220;Gerhard Richter \u2013 Sinopsis&#8221;. Museo Nacional de Arte Decorativo, Av. del Libertador 1902. Martes-domingo 14-19 horas. Entradas  $5, martes gratis. Del 10 de junio al 25 de julio. 1 de agosto, 18 horas: conferencia y gu\u00eda del bi\u00f3grafo de Richter Dr. Dietmar Elger.<\/li>\n<\/ul>\n","protected":false},"excerpt":{"rendered":"<p>Klicken Sie hier, um die deutsche Version zu lesen. La exposici\u00f3n &#8220;Sinopsis&#8221; en el Museo Nacional de Arte Decorativo Por Sandra Henoch Como el propio Gerhard Richter afirma, trabaja sin plan ni sistema. Eso es dif\u00edcil de creer cuando uno visita la muestra de sus obras en el Museo Nacional de Arte Decorativo. El Instituto [&hellip;]<\/p>\n","protected":false},"author":1,"featured_media":0,"comment_status":"open","ping_status":"open","sticky":false,"template":"","format":"standard","meta":{"footnotes":""},"categories":[2,4],"tags":[],"class_list":["post-5292","post","type-post","status-publish","format-standard","hentry","category-kunstler-artistas","category-tipp-der-woche-recomendacion-de-la-semana"],"_links":{"self":[{"href":"https:\/\/kunstinargentinien.com\/index.php\/wp-json\/wp\/v2\/posts\/5292","targetHints":{"allow":["GET"]}}],"collection":[{"href":"https:\/\/kunstinargentinien.com\/index.php\/wp-json\/wp\/v2\/posts"}],"about":[{"href":"https:\/\/kunstinargentinien.com\/index.php\/wp-json\/wp\/v2\/types\/post"}],"author":[{"embeddable":true,"href":"https:\/\/kunstinargentinien.com\/index.php\/wp-json\/wp\/v2\/users\/1"}],"replies":[{"embeddable":true,"href":"https:\/\/kunstinargentinien.com\/index.php\/wp-json\/wp\/v2\/comments?post=5292"}],"version-history":[{"count":6,"href":"https:\/\/kunstinargentinien.com\/index.php\/wp-json\/wp\/v2\/posts\/5292\/revisions"}],"predecessor-version":[{"id":5335,"href":"https:\/\/kunstinargentinien.com\/index.php\/wp-json\/wp\/v2\/posts\/5292\/revisions\/5335"}],"wp:attachment":[{"href":"https:\/\/kunstinargentinien.com\/index.php\/wp-json\/wp\/v2\/media?parent=5292"}],"wp:term":[{"taxonomy":"category","embeddable":true,"href":"https:\/\/kunstinargentinien.com\/index.php\/wp-json\/wp\/v2\/categories?post=5292"},{"taxonomy":"post_tag","embeddable":true,"href":"https:\/\/kunstinargentinien.com\/index.php\/wp-json\/wp\/v2\/tags?post=5292"}],"curies":[{"name":"wp","href":"https:\/\/api.w.org\/{rel}","templated":true}]}}