{"id":5307,"date":"2010-09-01T15:02:16","date_gmt":"2010-09-01T18:02:16","guid":{"rendered":"http:\/\/kunstinargentinien.com\/?p=5307"},"modified":"2010-11-20T11:18:25","modified_gmt":"2010-11-20T14:18:25","slug":"plateria-en-el-mnad","status":"publish","type":"post","link":"https:\/\/kunstinargentinien.com\/index.php\/2010\/09\/01\/plateria-en-el-mnad\/","title":{"rendered":"Plater\u00eda en el MNAD"},"content":{"rendered":"<p><a href=\"http:\/\/kunstinargentinien.com\/index.php\/2010\/09\/01\/silberkunst-im-mnad\/\">Klicken Sie hier, um die deutsche Version zu lesen.<\/a><\/p>\n<p><strong>&#8220;Emilio Patarca, maestro orfebre&#8221; fue inaugurada el 23 de agosto<\/p>\n<p><em>Por Katharina K\u00f6hler<\/em><\/strong><\/p>\n<p><a href=\"http:\/\/kunstinargentinien.com\/wp-content\/uploads\/2010\/08\/mate11.jpg\"><img loading=\"lazy\" decoding=\"async\" src=\"http:\/\/kunstinargentinien.com\/wp-content\/uploads\/2010\/08\/mate11.jpg\" alt=\"\" title=\"mate11\" width=\"250\" height=\"188\" class=\"alignleft size-full wp-image-3191\" \/><\/a>El 23 de agosto se inaugur\u00f3 en el Museo Nacional de Arte Decorativo la exposici\u00f3n &#8220;Emilio Patarca, maestro orfebre&#8221; con la presencia de numerosas personalidades importantes, periodistas y clientes habituales del artista. El Director del Museo, Alberto G. Bellucci, dirigi\u00f3 en primer lugar algunas palabras de reconocimiento y aprecio al maestro platero Patarca, a quien se refiri\u00f3 no como artista, sino como dotado artesano. Seg\u00fan Bellucci, la calidad y el brillo de las obras creadas por Patarca reflejan el esp\u00edritu del creador y, con ello, de una personalidad modesta, abierta, optimista y generosa.<!--more--><\/p>\n<p>Se exhiben obras del orfebre argentino Emilio Patarca, nacido en Buenos Aires en 1956. A los 14 a\u00f1os comenz\u00f3 a hacer uso de su talento para la elaboraci\u00f3n de metales, y con los a\u00f1os fue perfeccionando su t\u00e9cnica bajo la direcci\u00f3n de Edgard Michaelsen y otros maestros orfebres. Desde fines de los a\u00f1os setenta, Patarca complet\u00f3 su permanente producci\u00f3n con una serie de exposiciones internacionales, entre otras, en Roma, Nueva York y Tokio. Adem\u00e1s, da cursos y seminarios, es miembro de diversos jurados y recibi\u00f3 numerosas distinciones, tanto en el pa\u00eds como en el extranjero. Sus obras son parte de colecciones p\u00fablicas y privadas en Argentina, Per\u00fa, M\u00e9xico, Estados Unidos de Norteam\u00e9rica, Francia, Espa\u00f1a, Alemania, Holanda y Jap\u00f3n. En 2006, el Gobierno de la Ciudad de Buenos Aires lo declar\u00f3 &#8220;Artista del patrimonio cultural de Buenos Aires&#8221;.<\/p>\n<p>Dif\u00edcilmente esta exposici\u00f3n podr\u00eda haber sido ubicada mejor que en el A\u00f1o del Bicentenario de la Argentina. Ya el nombre del pa\u00eds \u2013Argentina\u2013 hace referencia a la plata, as\u00ed como las ciudades (por ej. La Plata), el R\u00edo de la Plata y otros lugares en todo el pa\u00eds. Nada, por lo tanto, parece ser m\u00e1s apropiado que la combinaci\u00f3n de los festejos con motivo de la independencia de 200 a\u00f1os de Espa\u00f1a con el noble metal, que le dio a esta naci\u00f3n su nombre e importancia, y especialmente el arte artesanal de aquellos, que saben transformar la plata como expresi\u00f3n de la identidad regional y como arte decorativo en objetos cotidianos.<\/p>\n<p>Entre las numerosas piezas expuestas se encuentra el &#8220;Mate del Bicentenario&#8221; adornado con los s\u00edmbolos de la Naci\u00f3n, de cuyo dise\u00f1o y ejecuci\u00f3n particip\u00f3 un equipo de investigadores y t\u00e9cnicos, el original &#8220;Mate de Novios&#8221; con dos bombillas y la &#8220;Hierbera&#8221; adornada con oro de 18 quilates: un trabajo t\u00edpico del Barroco latinoamericano.<\/p>\n<p>Se puede visitar esta exposici\u00f3n hasta el 17 de octubre en el Museo Nacional de Arte Decorativo (Av. del Libertador 1902). M\u00e1s informaci\u00f3n en los tel\u00e9fonos 4801-8248; 4802-6606 y <a href=\"http:\/\/www.mnad.org\/\">en Internet<\/a>.<\/p>\n","protected":false},"excerpt":{"rendered":"<p>Klicken Sie hier, um die deutsche Version zu lesen. &#8220;Emilio Patarca, maestro orfebre&#8221; fue inaugurada el 23 de agosto Por Katharina K\u00f6hler El 23 de agosto se inaugur\u00f3 en el Museo Nacional de Arte Decorativo la exposici\u00f3n &#8220;Emilio Patarca, maestro orfebre&#8221; con la presencia de numerosas personalidades importantes, periodistas y clientes habituales del artista. El [&hellip;]<\/p>\n","protected":false},"author":1,"featured_media":0,"comment_status":"open","ping_status":"open","sticky":false,"template":"","format":"standard","meta":{"footnotes":""},"categories":[1,4],"tags":[],"class_list":["post-5307","post","type-post","status-publish","format-standard","hentry","category-allgemein-general","category-tipp-der-woche-recomendacion-de-la-semana"],"_links":{"self":[{"href":"https:\/\/kunstinargentinien.com\/index.php\/wp-json\/wp\/v2\/posts\/5307","targetHints":{"allow":["GET"]}}],"collection":[{"href":"https:\/\/kunstinargentinien.com\/index.php\/wp-json\/wp\/v2\/posts"}],"about":[{"href":"https:\/\/kunstinargentinien.com\/index.php\/wp-json\/wp\/v2\/types\/post"}],"author":[{"embeddable":true,"href":"https:\/\/kunstinargentinien.com\/index.php\/wp-json\/wp\/v2\/users\/1"}],"replies":[{"embeddable":true,"href":"https:\/\/kunstinargentinien.com\/index.php\/wp-json\/wp\/v2\/comments?post=5307"}],"version-history":[{"count":5,"href":"https:\/\/kunstinargentinien.com\/index.php\/wp-json\/wp\/v2\/posts\/5307\/revisions"}],"predecessor-version":[{"id":5322,"href":"https:\/\/kunstinargentinien.com\/index.php\/wp-json\/wp\/v2\/posts\/5307\/revisions\/5322"}],"wp:attachment":[{"href":"https:\/\/kunstinargentinien.com\/index.php\/wp-json\/wp\/v2\/media?parent=5307"}],"wp:term":[{"taxonomy":"category","embeddable":true,"href":"https:\/\/kunstinargentinien.com\/index.php\/wp-json\/wp\/v2\/categories?post=5307"},{"taxonomy":"post_tag","embeddable":true,"href":"https:\/\/kunstinargentinien.com\/index.php\/wp-json\/wp\/v2\/tags?post=5307"}],"curies":[{"name":"wp","href":"https:\/\/api.w.org\/{rel}","templated":true}]}}