{"id":5590,"date":"2010-11-17T09:40:39","date_gmt":"2010-11-17T12:40:39","guid":{"rendered":"http:\/\/kunstinargentinien.com\/?p=5590"},"modified":"2010-11-22T14:32:37","modified_gmt":"2010-11-22T17:32:37","slug":"6-woche-der-kunst-in-rosario","status":"publish","type":"post","link":"https:\/\/kunstinargentinien.com\/index.php\/2010\/11\/17\/6-woche-der-kunst-in-rosario\/","title":{"rendered":"6. Woche der Kunst in Rosario"},"content":{"rendered":"<p><a href=\"http:\/\/kunstinargentinien.com\/index.php\/2010\/11\/17\/sexta-semana-del-arte-rosario-2010\/\">Click aqu\u00ed para leer la versi\u00f3n en castellano.<\/a><\/p>\n<p><strong>Die &#8220;6SAR\/10&#8221; geht am 17.\/18. November in die zweite Runde<\/strong><\/p>\n<p><a href=\"http:\/\/kunstinargentinien.com\/wp-content\/uploads\/2010\/11\/top-copia.jpg\"><img loading=\"lazy\" decoding=\"async\" src=\"http:\/\/kunstinargentinien.com\/wp-content\/uploads\/2010\/11\/top-copia.jpg\" alt=\"\" title=\"top copia\" width=\"250\" height=\"104\" class=\"alignleft size-full wp-image-5581\" \/><\/a>Der erste Teil der <a href=\"http:\/\/www.semanadelarte.org.ar\/\">Sexta Semana del Arte Rosario 2010<\/a> (6. Woche der Kunst in Rosario) stand ganz im Zeichen des Bicentenarios: Im Rahmen eines &#8220;Cabildo Abierto del Arte&#8221; (etwa: Offenes Kunst-Rathaus) genannten Kongresses tauschten Kunsttheoretiker und Publikum ihre Gedanken \u00fcber den Stand der Dinge in der zeitgen\u00f6ssischen Kunst des Landes aus. Die Woche der Kunst wird vom Museo Castagnino+macro, das vom Kultur- und Erziehungssekretariat der Stadt Rosario abh\u00e4ngt, organisiert.<\/p>\n<p>Jetzt geht es richtig los: Am 17.\/18. November startet ein wahrer Kunstmarathon in der Stadt. \u00dcber 30 Museen, Galerien und Kulturzentren nehmen an der Woche der Kunst teil und beweisen einmal mehr, dass Rosario ein bl\u00fchenden Kunstzentrum Argentiniens ist. <\/p>\n<p>Im Rahmen der Kunstwoche findet beispielsweise in der Biblioteca Argentina die &#8220;Semana del Patrimonio&#8221; (Woche des Kulturerbes) statt. Das Kulturzentrum Centro Cultural Parque de Espa\u00f1a zeigt seinerseits die Ausstellung &#8220;Cochet Ut\u00f3pico&#8221;, eine Retrospektive des aus Rosario stammenden Malers, Graphikers und Schriftstellers Gustavo Cochet. Mit A\u00edd Herrera, der Ehefrau des K\u00fcnstlers Juan Grela, steht eine weitere Pers\u00f6nlichkeit der Stadt im Zentrum: die Galerie Iv\u00e1n Rosado zeigt Werke der Graphikerin. Eine weitere wichtige Schau bietet die Stiftung OSDE mit der Wanderausstellung &#8220;Itinerarios de Colecci\u00f3n&#8221;, die eine Auswahl von Werken argentinischer K\u00fcnstler wie Sara Facio, Arturo Aguiar, Fabi\u00e1n Gim\u00e9nez, Marcos L\u00f3pez und Andr\u00e9s Bancalari vostellt, die sich im Besitz der Stiftung befinden.<\/p>\n<p>Ein reiches Angebot gibt es auch an Ausstellungen junger, aufstrebender K\u00fcnstler in Galerien wie Cultura Pasajera und Oficina 26, der Biblioteca Popular Alfonsina Storni sowie in La Antesala, C. C. Lavard\u00e9n, Clubblast und Zona Roja, wo ausschlie\u00dflich Fotografie gezeigt wird.<\/p>\n<p>Das gesamte Programm der Kunstwoche ist <a href=\"http:\/\/www.semanadelarte.org.ar\/\">im Internet<\/a> zu finden.<\/p>\n","protected":false},"excerpt":{"rendered":"<p>Click aqu\u00ed para leer la versi\u00f3n en castellano. Die &#8220;6SAR\/10&#8221; geht am 17.\/18. November in die zweite Runde Der erste Teil der Sexta Semana del Arte Rosario 2010 (6. Woche der Kunst in Rosario) stand ganz im Zeichen des Bicentenarios: Im Rahmen eines &#8220;Cabildo Abierto del Arte&#8221; (etwa: Offenes Kunst-Rathaus) genannten Kongresses tauschten Kunsttheoretiker und [&hellip;]<\/p>\n","protected":false},"author":1,"featured_media":0,"comment_status":"open","ping_status":"open","sticky":false,"template":"","format":"standard","meta":{"footnotes":""},"categories":[1,4],"tags":[],"class_list":["post-5590","post","type-post","status-publish","format-standard","hentry","category-allgemein-general","category-tipp-der-woche-recomendacion-de-la-semana"],"_links":{"self":[{"href":"https:\/\/kunstinargentinien.com\/index.php\/wp-json\/wp\/v2\/posts\/5590","targetHints":{"allow":["GET"]}}],"collection":[{"href":"https:\/\/kunstinargentinien.com\/index.php\/wp-json\/wp\/v2\/posts"}],"about":[{"href":"https:\/\/kunstinargentinien.com\/index.php\/wp-json\/wp\/v2\/types\/post"}],"author":[{"embeddable":true,"href":"https:\/\/kunstinargentinien.com\/index.php\/wp-json\/wp\/v2\/users\/1"}],"replies":[{"embeddable":true,"href":"https:\/\/kunstinargentinien.com\/index.php\/wp-json\/wp\/v2\/comments?post=5590"}],"version-history":[{"count":5,"href":"https:\/\/kunstinargentinien.com\/index.php\/wp-json\/wp\/v2\/posts\/5590\/revisions"}],"predecessor-version":[{"id":5596,"href":"https:\/\/kunstinargentinien.com\/index.php\/wp-json\/wp\/v2\/posts\/5590\/revisions\/5596"}],"wp:attachment":[{"href":"https:\/\/kunstinargentinien.com\/index.php\/wp-json\/wp\/v2\/media?parent=5590"}],"wp:term":[{"taxonomy":"category","embeddable":true,"href":"https:\/\/kunstinargentinien.com\/index.php\/wp-json\/wp\/v2\/categories?post=5590"},{"taxonomy":"post_tag","embeddable":true,"href":"https:\/\/kunstinargentinien.com\/index.php\/wp-json\/wp\/v2\/tags?post=5590"}],"curies":[{"name":"wp","href":"https:\/\/api.w.org\/{rel}","templated":true}]}}