{"id":5597,"date":"2010-10-12T19:16:19","date_gmt":"2010-10-12T22:16:19","guid":{"rendered":"http:\/\/kunstinargentinien.com\/?p=5597"},"modified":"2010-11-23T21:21:55","modified_gmt":"2010-11-24T00:21:55","slug":"auf-verlorenem-posten-1998","status":"publish","type":"post","link":"https:\/\/kunstinargentinien.com\/index.php\/2010\/10\/12\/auf-verlorenem-posten-1998\/","title":{"rendered":"Auf verlorenem Posten (1998)"},"content":{"rendered":"<p><a href=\"http:\/\/kunstinargentinien.com\/index.php\/2010\/10\/12\/lucha-sin-esperanza-1998\/\">Click aqu\u00ed para leer la versi\u00f3n en castellano.<\/a><\/p>\n<p><strong>In Decastellis Installation &#8220;estigma&#8221; k\u00e4mpft die Natur gegen die Ratio<\/p>\n<p><em>Von Susanne Franz<\/em><\/strong><\/p>\n<table align=right>\n<tr>\n<td align=center>\n<p><img decoding=\"async\" id=\"image601\" alt=animal.jpg src=\"http:\/\/kunstinargentinien.com\/wp-content\/uploads\/2006\/08\/animal.jpg\" \/><br \/>\n<em>Tierskulptur von Decastelli.<\/em><\/td>\n<\/tr>\n<\/table>\n<p>Stacheln werden aufgestellt, R\u00fccken gekr\u00fcmmt: So wirken wir gr\u00f6\u00dfer und gef\u00e4hrlicher! Wie, das n\u00fctzt nichts? Drohgeb\u00e4rden m\u00fcssen her: Z\u00e4hnefletschen, gestr\u00e4ubtes Fell, verengte Pupillen. Immer noch keine Reaktion? Rotten wir uns zusammen, stellen wir uns R\u00fccken an R\u00fccken, kampfbereit.<\/p>\n<p>Eine kleine Gruppe wilder Tiere, vom K\u00fcnstler Osvaldo Decastelli in gewohnt perfekter Form aus Wellpappe gefertigt, k\u00e4mpft in der Installation &#8220;estigma&#8221; ihren letzten verzweifelten Kampf. Nur noch wenige Exemplare sind \u00fcbrig, und sie wirken gar nicht bedrohlich, eher r\u00fchrend in ihrem Versuch, durch primitive Einsch\u00fcchterungsversuche ihren Lebensraum zu verteidigen. Sie k\u00e4mpfen auf verlorenem Posten, denn sie fallen einem Feind zum Opfer, den sie unm\u00f6glich einsch\u00e4tzen k\u00f6nnen: der k\u00fchlen, sachlichen Klassifizierung. Sie verkommen zu Nummern und l\u00f6sen sich in nichts auf, sie sind hoffnungslos in die Ecke gedr\u00e4ngt, traurige \u00dcberbleibsel eines einst stolzen, freien Lebens.<\/p>\n<p>Osvaldo Decastelli arbeitet in seiner Installation mit der Gegen\u00fcberstellung. Die aus organischem Material hergestellten Tier-Exemplare stehen in einem schlauch-\u00e4hnlichen Flur des Museums S\u00edvori, das die Ausstellung beherbergt. Zwei T\u00fcren f\u00fchren ins Freie, aber der Fluchtweg ist versperrt: Grabstein-\u00e4hnliche Steine, jeweils mit einer Zahl versehen, sind vor ihnen angeordnet. Vor dem Flur zwei Computer, auf denen jeweils, von sph\u00e4rischer Musik begleitet, ein Programm abl\u00e4uft, das die Tiere zeigt, wie sie in Nummern und Segmente aufgeteilt werden und schlie\u00dflich ganz den nackten Zahlen weichen.<\/p>\n<p>Der Mensch ist nicht sichtbar, ganz klar wird aber sein Motto: &#8220;Wozu brauchen wir noch die Natur? Wir k\u00f6nnen doch alles simulieren!&#8221; Bewusst wird einem der Zynismus beim Anblick der zotteligen, unbeholfenen Kreaturen, die von der Natur mit einem \u00dcberlebensprogramm ausgestattet wurden, das schon lange veraltet ist.<\/p>\n<p><em>Erschienen im &#8220;Argentinischen Tageblatt&#8221; vom 7. M\u00e4rz 1998.<\/em><\/p>\n","protected":false},"excerpt":{"rendered":"<p>Click aqu\u00ed para leer la versi\u00f3n en castellano. In Decastellis Installation &#8220;estigma&#8221; k\u00e4mpft die Natur gegen die Ratio Von Susanne Franz Tierskulptur von Decastelli. Stacheln werden aufgestellt, R\u00fccken gekr\u00fcmmt: So wirken wir gr\u00f6\u00dfer und gef\u00e4hrlicher! Wie, das n\u00fctzt nichts? Drohgeb\u00e4rden m\u00fcssen her: Z\u00e4hnefletschen, gestr\u00e4ubtes Fell, verengte Pupillen. Immer noch keine Reaktion? Rotten wir uns zusammen, [&hellip;]<\/p>\n","protected":false},"author":1,"featured_media":0,"comment_status":"open","ping_status":"open","sticky":false,"template":"","format":"standard","meta":{"footnotes":""},"categories":[5,2],"tags":[],"class_list":["post-5597","post","type-post","status-publish","format-standard","hentry","category-die-zeitmaschine-la-maquina-del-tiempo","category-kunstler-artistas"],"_links":{"self":[{"href":"https:\/\/kunstinargentinien.com\/index.php\/wp-json\/wp\/v2\/posts\/5597","targetHints":{"allow":["GET"]}}],"collection":[{"href":"https:\/\/kunstinargentinien.com\/index.php\/wp-json\/wp\/v2\/posts"}],"about":[{"href":"https:\/\/kunstinargentinien.com\/index.php\/wp-json\/wp\/v2\/types\/post"}],"author":[{"embeddable":true,"href":"https:\/\/kunstinargentinien.com\/index.php\/wp-json\/wp\/v2\/users\/1"}],"replies":[{"embeddable":true,"href":"https:\/\/kunstinargentinien.com\/index.php\/wp-json\/wp\/v2\/comments?post=5597"}],"version-history":[{"count":6,"href":"https:\/\/kunstinargentinien.com\/index.php\/wp-json\/wp\/v2\/posts\/5597\/revisions"}],"predecessor-version":[{"id":5664,"href":"https:\/\/kunstinargentinien.com\/index.php\/wp-json\/wp\/v2\/posts\/5597\/revisions\/5664"}],"wp:attachment":[{"href":"https:\/\/kunstinargentinien.com\/index.php\/wp-json\/wp\/v2\/media?parent=5597"}],"wp:term":[{"taxonomy":"category","embeddable":true,"href":"https:\/\/kunstinargentinien.com\/index.php\/wp-json\/wp\/v2\/categories?post=5597"},{"taxonomy":"post_tag","embeddable":true,"href":"https:\/\/kunstinargentinien.com\/index.php\/wp-json\/wp\/v2\/tags?post=5597"}],"curies":[{"name":"wp","href":"https:\/\/api.w.org\/{rel}","templated":true}]}}