{"id":5819,"date":"2010-12-03T16:56:54","date_gmt":"2010-12-03T19:56:54","guid":{"rendered":"http:\/\/kunstinargentinien.com\/?p=5819"},"modified":"2010-12-04T17:06:05","modified_gmt":"2010-12-04T20:06:05","slug":"mural-de-gerardo-feldstein-en-el-marco-de-puertas-del-bicentenario","status":"publish","type":"post","link":"https:\/\/kunstinargentinien.com\/index.php\/2010\/12\/03\/mural-de-gerardo-feldstein-en-el-marco-de-puertas-del-bicentenario\/","title":{"rendered":"Mural de Gerardo Feldstein en el marco de &#8220;Puertas del Bicentenario&#8221;"},"content":{"rendered":"<p><strong>Enriquecer el patrimonio<\/strong><\/p>\n<p><a href=\"http:\/\/kunstinargentinien.com\/wp-content\/uploads\/2010\/12\/cielero1.jpg\"><img loading=\"lazy\" decoding=\"async\" src=\"http:\/\/kunstinargentinien.com\/wp-content\/uploads\/2010\/12\/cielero1.jpg\" alt=\"\" title=\"cielero\" width=\"250\" height=\"333\" class=\"alignleft size-full wp-image-5823\" srcset=\"https:\/\/kunstinargentinien.com\/wp-content\/uploads\/2010\/12\/cielero1.jpg 250w, https:\/\/kunstinargentinien.com\/wp-content\/uploads\/2010\/12\/cielero1-225x300.jpg 225w\" sizes=\"auto, (max-width: 250px) 100vw, 250px\" \/><\/a>Dentro del programa &#8220;Puertas del Bicentenario&#8221; se inaugur\u00f3 el 2 de diciembre el mural &#8220;El cielero&#8221; del artista pl\u00e1stico <a href=\"http:\/\/www.gerardofeldstein.com.ar\/\">Gerardo Feldstein<\/a>, en el Centro Cultural &#8216;Adan Buenos Aires&#8217;, Alt. Av. Asamblea 1200 (Parque Chacabuco).<\/p>\n<p>La obra integra el proyecto &#8220;<a href=\"http:\/\/www.bicentenariociudad.gob.ar\/proyecto.php?codigo=20\">Murales del Bicentenario<\/a>&#8221; que recupera el muralismo como intervenci\u00f3n art\u00edstica de car\u00e1cter social y p\u00fablico.<\/p>\n<p>Los artistas pl\u00e1sticos dejan su huella y enriquecen el patrimonio de escuelas, hospitales, bibliotecas y centros culturales de todos los barrios porte\u00f1os.<\/p>\n<p><strong>Foto:<\/strong><\/p>\n<p>&#8220;El cielero&#8221;, t\u00e9cnica mixta, 3,66 x 2,50 m.<\/p>\n","protected":false},"excerpt":{"rendered":"<p>Enriquecer el patrimonio Dentro del programa &#8220;Puertas del Bicentenario&#8221; se inaugur\u00f3 el 2 de diciembre el mural &#8220;El cielero&#8221; del artista pl\u00e1stico Gerardo Feldstein, en el Centro Cultural &#8216;Adan Buenos Aires&#8217;, Alt. Av. Asamblea 1200 (Parque Chacabuco). La obra integra el proyecto &#8220;Murales del Bicentenario&#8221; que recupera el muralismo como intervenci\u00f3n art\u00edstica de car\u00e1cter social [&hellip;]<\/p>\n","protected":false},"author":1,"featured_media":0,"comment_status":"open","ping_status":"open","sticky":false,"template":"","format":"standard","meta":{"footnotes":""},"categories":[1],"tags":[],"class_list":["post-5819","post","type-post","status-publish","format-standard","hentry","category-allgemein-general"],"_links":{"self":[{"href":"https:\/\/kunstinargentinien.com\/index.php\/wp-json\/wp\/v2\/posts\/5819","targetHints":{"allow":["GET"]}}],"collection":[{"href":"https:\/\/kunstinargentinien.com\/index.php\/wp-json\/wp\/v2\/posts"}],"about":[{"href":"https:\/\/kunstinargentinien.com\/index.php\/wp-json\/wp\/v2\/types\/post"}],"author":[{"embeddable":true,"href":"https:\/\/kunstinargentinien.com\/index.php\/wp-json\/wp\/v2\/users\/1"}],"replies":[{"embeddable":true,"href":"https:\/\/kunstinargentinien.com\/index.php\/wp-json\/wp\/v2\/comments?post=5819"}],"version-history":[{"count":6,"href":"https:\/\/kunstinargentinien.com\/index.php\/wp-json\/wp\/v2\/posts\/5819\/revisions"}],"predecessor-version":[{"id":5827,"href":"https:\/\/kunstinargentinien.com\/index.php\/wp-json\/wp\/v2\/posts\/5819\/revisions\/5827"}],"wp:attachment":[{"href":"https:\/\/kunstinargentinien.com\/index.php\/wp-json\/wp\/v2\/media?parent=5819"}],"wp:term":[{"taxonomy":"category","embeddable":true,"href":"https:\/\/kunstinargentinien.com\/index.php\/wp-json\/wp\/v2\/categories?post=5819"},{"taxonomy":"post_tag","embeddable":true,"href":"https:\/\/kunstinargentinien.com\/index.php\/wp-json\/wp\/v2\/tags?post=5819"}],"curies":[{"name":"wp","href":"https:\/\/api.w.org\/{rel}","templated":true}]}}