{"id":59,"date":"2005-03-12T16:58:44","date_gmt":"2005-03-12T19:58:44","guid":{"rendered":"http:\/\/kunstinargentinien.com\/index.php\/2005\/03\/12\/centro-renovado\/"},"modified":"2006-07-29T16:01:50","modified_gmt":"2006-07-29T19:01:50","slug":"centro-renovado","status":"publish","type":"post","link":"https:\/\/kunstinargentinien.com\/index.php\/2005\/03\/12\/centro-renovado\/","title":{"rendered":"Centro renovado"},"content":{"rendered":"<p><a href=\"http:\/\/kunstinargentinien.com\/index.php\/2005\/03\/12\/in-neuem-glanz\/\">Klicken Sie hier, um die deutsche Version zu lesen.<\/a><\/p>\n<p><strong>El Centro Cultural Recoleta inaugur\u00f3 la temporada 2005<\/strong><\/p>\n<p><em><strong>Por Susanne Franz<\/strong><\/em><\/p>\n<p><img decoding=\"async\" src=\"http:\/\/kunstinargentinien.com\/wp-content\/uploads\/sakai2.jpg\" alt=\"\" align=left hspace=5 \/>Orgullosos, y con buenos motivos, miembros de la Asociaci\u00f3n Amigos del <a href=\"http:\/\/www.centroculturalrecoleta.org\/\">Centro Cultural Recoleta<\/a> y su directora, Nora Hochbaum \u2014haciendo de gu\u00eda para el Secretario de Cultura de la Ciudad Gustavo L\u00f3pez\u2014 mostraron a la prensa las salas renovadas del centro de exposiciones m\u00e1s popular de Buenos Aires. El martes y jueves de la semana pasada se inaugur\u00f3 all\u00ed la temporada 2005 con las vernissages de numerosas muestras. Entre ellas, hay que destacar especialmente la retrospectiva de Kazuya Sakai en la Sala Cronopios, curada por Mercedes Casanegra y montada hermosamente por Gustavo V\u00e1squez Ocampo (ver foto).<!--more--> Tambi\u00e9n se pueden recomendar las muestras en las salas adjuntas, &#8220;C&#8221; y &#8220;J&#8221;, &#8220;ABC del Sur&#8221; (obras de Jorge Abot, Washington Barcala y Patricio Court) y Luc\u00eda Pacenza, esculturas. El fotografo argentino Fabio Borquez, que vive en Alemania, expone &#8220;Almas Alemanas&#8221; (Sala 7). La serie de pinturas &#8220;M\u00fasica blanca&#8221; de Jos\u00e9 Alberto Marchi se ve en la Sala 6. Todas estas exposiciones se pueden visitar hasta el 10 de abril. Para quienes pasan por el Centro Cultural Recoleta este fin de semana, se recomienda muy especialmente la muestra &#8220;Lontananza&#8221; (Sala 11), instalaci\u00f3n de la interesant\u00edsima escultora Marcela G\u00f3mez, rosarina radicada en Francia desde hace muchos a\u00f1os. Lamentablemente se puede vistar solamente hasta el 13 de marzo (inclusive).<\/p>\n<p><img decoding=\"async\" src=\"http:\/\/kunstinargentinien.com\/wp-content\/uploads\/lonta_01.jpg\" alt=\"\" \/><br \/>\n<em>La instalaci\u00f3n &#8220;Lontananza&#8221; de Marcela G\u00f3mez.<\/em><\/p>\n","protected":false},"excerpt":{"rendered":"<p>Klicken Sie hier, um die deutsche Version zu lesen. El Centro Cultural Recoleta inaugur\u00f3 la temporada 2005 Por Susanne Franz Orgullosos, y con buenos motivos, miembros de la Asociaci\u00f3n Amigos del Centro Cultural Recoleta y su directora, Nora Hochbaum \u2014haciendo de gu\u00eda para el Secretario de Cultura de la Ciudad Gustavo L\u00f3pez\u2014 mostraron a la [&hellip;]<\/p>\n","protected":false},"author":1,"featured_media":0,"comment_status":"open","ping_status":"open","sticky":false,"template":"","format":"standard","meta":{"footnotes":""},"categories":[1],"tags":[],"class_list":["post-59","post","type-post","status-publish","format-standard","hentry","category-allgemein-general"],"_links":{"self":[{"href":"https:\/\/kunstinargentinien.com\/index.php\/wp-json\/wp\/v2\/posts\/59","targetHints":{"allow":["GET"]}}],"collection":[{"href":"https:\/\/kunstinargentinien.com\/index.php\/wp-json\/wp\/v2\/posts"}],"about":[{"href":"https:\/\/kunstinargentinien.com\/index.php\/wp-json\/wp\/v2\/types\/post"}],"author":[{"embeddable":true,"href":"https:\/\/kunstinargentinien.com\/index.php\/wp-json\/wp\/v2\/users\/1"}],"replies":[{"embeddable":true,"href":"https:\/\/kunstinargentinien.com\/index.php\/wp-json\/wp\/v2\/comments?post=59"}],"version-history":[{"count":0,"href":"https:\/\/kunstinargentinien.com\/index.php\/wp-json\/wp\/v2\/posts\/59\/revisions"}],"wp:attachment":[{"href":"https:\/\/kunstinargentinien.com\/index.php\/wp-json\/wp\/v2\/media?parent=59"}],"wp:term":[{"taxonomy":"category","embeddable":true,"href":"https:\/\/kunstinargentinien.com\/index.php\/wp-json\/wp\/v2\/categories?post=59"},{"taxonomy":"post_tag","embeddable":true,"href":"https:\/\/kunstinargentinien.com\/index.php\/wp-json\/wp\/v2\/tags?post=59"}],"curies":[{"name":"wp","href":"https:\/\/api.w.org\/{rel}","templated":true}]}}