{"id":593,"date":"2010-08-17T08:22:00","date_gmt":"2010-08-17T11:22:00","guid":{"rendered":"http:\/\/kunstinargentinien.com\/index.php\/2006\/08\/07\/erleuchtung-garantiert\/"},"modified":"2010-11-12T14:28:19","modified_gmt":"2010-11-12T17:28:19","slug":"erleuchtung-garantiert","status":"publish","type":"post","link":"https:\/\/kunstinargentinien.com\/index.php\/2010\/08\/17\/erleuchtung-garantiert\/","title":{"rendered":"Erleuchtung garantiert (2000)"},"content":{"rendered":"<p><a href=\"http:\/\/kunstinargentinien.com\/index.php\/2010\/08\/17\/luz-garantizada-2000\/\">Click aqu\u00ed para leer la versi\u00f3n en castellano.<\/a><\/p>\n<p><strong>MAS MAS LUZ &#8211; Foto-Ausstellung von Ernesto Levy bei Filo<\/strong><\/p>\n<p><em><strong>Von Susanne Franz<\/strong><\/em><\/p>\n<p><img decoding=\"async\" id=\"image594\" alt=levy2.jpg src=\"http:\/\/kunstinargentinien.com\/wp-content\/uploads\/2006\/07\/levy2.jpg\" \/><\/p>\n<p>Der in Tel Aviv lebende Foto-K\u00fcnstler Ernesto Levy stellt schon seit vielen Jahren immer wieder in Buenos Aires &#8211; seiner Geburtsstadt &#8211; aus, diesmal in der Kunstgalerie im Keller des Pizza-Art-Cafes Filos. Hier weht ein frischer Wind und herrscht eine kreative Off-Atmosph\u00e4re; die Veranstalter haben ein Gesp\u00fcr f\u00fcr neue Ideen und Konzepte. Mit Ernesto Levys Fotografien haben sie einen Gl\u00fccksgriff gemacht &#8211; es ist ganz selten, in Buenos Aires eine Ausstellung von solcher Qualit\u00e4t anzutreffen.<\/p>\n<p>Licht &#8211; Erleuchtung ist das Thema, das Werke aus verschiedenen Schaffensperioden des K\u00fcnstlers vereint. Nicht chronologisch, sondern essenziell sind die Bilder miteinander verbunden. Mit jedem Werk tritt der K\u00fcnstler in ein Kommunikationsverh\u00e4ltnis mit dem Betrachter. Das geht \u00fcber die &#8220;Geschichte&#8221; hinaus, die ein Bild erz\u00e4hlt, oder die Interpretation, die ein Empf\u00e4nger assoziiert. Vielmehr ist diese Kommunikation ein direkter physischer Prozess ohne Zwischenstation im Rationellen; es geht gleich ohne Umwege in die &#8220;Seele&#8221;.<!--more--><\/p>\n<p>Ein Bild wird normalerweise \u00fcber Netzhaut und Sehnerv an eine Art Kontrollzentrum geleitet, das sortiert und einordnet, meist \u00fcber das Wiedererkennen. Ein absolut neues Bild kann eigentlich nicht direkt ohne Abwehr in unsere Gef\u00fchlswelt eindringen. Durch seine Technik, die Levy in vielen Jahren des Experimentierens erworben hat &#8211; er lehrt auch Fotografie an der Kunsthochschule in Tel Aviv -, hat der K\u00fcnstler es geschafft, den Umweg \u00fcber das rationale Denken auszuschalten.<\/p>\n<p>Das Licht in seinen Bildern erm\u00f6glicht es dem Betrachter tats\u00e4chlich, die Essenz von Licht &#8211; Erleuchtung zu erkennen. Das Licht \u00fcbertr\u00e4gt sich direkt ins eigene Innere und kann als Gef\u00fchl oder Ton verstanden werden.<\/p>\n<p>So schwer es ist, rationelle Worte f\u00fcr einen so intimen Prozess zu finden &#8211; noch diffiziler gestaltet sich die Beschreibung der Stoffe und Texturen, die die Foto-Kunstwerke Levys &#8220;bewohnen&#8221;. Gel- oder wolkenartige Schichten in einem Raum, den keine &#8220;normalen&#8221; Dimensionen beschreiben k\u00f6nnen, scheinen sie Atmosph\u00e4ren anderer Universen zu sein.<\/p>\n<p>Der menschliche K\u00f6rper als Mittelpunkt vieler Werke legt nahe, dass es innere Landschaften sind; und tats\u00e4chlich, erneut gibt es ein Wieder-Erkennen von Vertrautem auf Gef\u00fchlsebene.<\/p>\n<p><em>Dieser Artkel erschien am 22.04.2000 im &#8220;Argentinischen Tageblatt&#8221;.<\/em><\/p>\n","protected":false},"excerpt":{"rendered":"<p>Click aqu\u00ed para leer la versi\u00f3n en castellano. MAS MAS LUZ &#8211; Foto-Ausstellung von Ernesto Levy bei Filo Von Susanne Franz Der in Tel Aviv lebende Foto-K\u00fcnstler Ernesto Levy stellt schon seit vielen Jahren immer wieder in Buenos Aires &#8211; seiner Geburtsstadt &#8211; aus, diesmal in der Kunstgalerie im Keller des Pizza-Art-Cafes Filos. Hier weht [&hellip;]<\/p>\n","protected":false},"author":1,"featured_media":0,"comment_status":"open","ping_status":"open","sticky":false,"template":"","format":"standard","meta":{"footnotes":""},"categories":[5,2],"tags":[],"class_list":["post-593","post","type-post","status-publish","format-standard","hentry","category-die-zeitmaschine-la-maquina-del-tiempo","category-kunstler-artistas"],"_links":{"self":[{"href":"https:\/\/kunstinargentinien.com\/index.php\/wp-json\/wp\/v2\/posts\/593","targetHints":{"allow":["GET"]}}],"collection":[{"href":"https:\/\/kunstinargentinien.com\/index.php\/wp-json\/wp\/v2\/posts"}],"about":[{"href":"https:\/\/kunstinargentinien.com\/index.php\/wp-json\/wp\/v2\/types\/post"}],"author":[{"embeddable":true,"href":"https:\/\/kunstinargentinien.com\/index.php\/wp-json\/wp\/v2\/users\/1"}],"replies":[{"embeddable":true,"href":"https:\/\/kunstinargentinien.com\/index.php\/wp-json\/wp\/v2\/comments?post=593"}],"version-history":[{"count":4,"href":"https:\/\/kunstinargentinien.com\/index.php\/wp-json\/wp\/v2\/posts\/593\/revisions"}],"predecessor-version":[{"id":4958,"href":"https:\/\/kunstinargentinien.com\/index.php\/wp-json\/wp\/v2\/posts\/593\/revisions\/4958"}],"wp:attachment":[{"href":"https:\/\/kunstinargentinien.com\/index.php\/wp-json\/wp\/v2\/media?parent=593"}],"wp:term":[{"taxonomy":"category","embeddable":true,"href":"https:\/\/kunstinargentinien.com\/index.php\/wp-json\/wp\/v2\/categories?post=593"},{"taxonomy":"post_tag","embeddable":true,"href":"https:\/\/kunstinargentinien.com\/index.php\/wp-json\/wp\/v2\/tags?post=593"}],"curies":[{"name":"wp","href":"https:\/\/api.w.org\/{rel}","templated":true}]}}