{"id":6174,"date":"2011-01-12T13:16:01","date_gmt":"2011-01-12T16:16:01","guid":{"rendered":"http:\/\/kunstinargentinien.com\/?p=6174"},"modified":"2011-01-15T13:21:44","modified_gmt":"2011-01-15T16:21:44","slug":"rochade-im-aussenamtkultur","status":"publish","type":"post","link":"https:\/\/kunstinargentinien.com\/index.php\/2011\/01\/12\/rochade-im-aussenamtkultur\/","title":{"rendered":"Rochade im Au\u00dfenamt\/Kultur"},"content":{"rendered":"<p><strong>&#8220;Asuntos Culturales&#8221;-Chefin Bender musste an Faillace abgeben<\/p>\n<p><em>Von Susanne Franz<\/em><\/strong><\/p>\n<p><a href=\"http:\/\/kunstinargentinien.com\/wp-content\/uploads\/2011\/01\/faillace11.jpg\"><img loading=\"lazy\" decoding=\"async\" src=\"http:\/\/kunstinargentinien.com\/wp-content\/uploads\/2011\/01\/faillace11.jpg\" alt=\"\" title=\"faillace11\" width=\"250\" height=\"142\" class=\"alignleft size-full wp-image-6175\" \/><\/a>Als am 16. Dezember auf einer Pressekonferenz im Palast des Au\u00dfenministeriums die Nachricht verk\u00fcndet wurde, dass der renommierte Kurator Rodrigo Alonso den argentinischen K\u00fcnstler Adri\u00e1n Villar Rojas (30) erw\u00e4hlt hat, Argentiniens Pavillon auf der 54. Kunstbiennale von Venedig (4. Juni bis 27. September) zu gestalten (<a href=\"http:\/\/kunstinargentinien.com\/index.php\/2010\/12\/18\/eine-tur-in-die-zukunft\/\">wir berichteten<\/a>), strahlte Botschafterin Gloria Bender, die Leiterin des Sekretariats f\u00fcr Kulturelle Angelegenheiten der Canciller\u00eda, noch. Kaum eine Woche sp\u00e4ter kostete sie die Entscheidung den Job: Am 21. Dezember berichtete &#8220;La Naci\u00f3n&#8221;, dass Bender ihren Posten an Botschafterin Magdalena Faillace (Foto), die im Au\u00dfenministerium bislang f\u00fcr Frauenfragen zust\u00e4ndig war, abgeben muss. Es handelt sich um eine klassische Rochade: beide Damen wechseln die Pl\u00e4tze. Faillace war im vergangenen Jahr sehr medienwirksam f\u00fcr den <a href=\"http:\/\/kunstinargentinien.com\/index.php\/2010\/10\/09\/bunt-schrill-sympathisch\/\">Gastlandauftritt Argentiniens auf der Frankfurter Buchmesse<\/a> zust\u00e4ndig gewesen und gilt laut La Naci\u00f3n als enge Beraterin von Pr\u00e4sidentin Cristina Fern\u00e1ndez de Kirchner.<\/p>\n<p>Bis zur Staatschefin war die Ver\u00e4rgerung in der argentinischen Kunstszene \u00fcber die Wahl des jungen K\u00fcnstlers vorgedrungen, dessen Werk Eduardo Iglesias Brickles in seinem Blog <a href=\"http:\/\/weblogs.clarin.com\/revistaenie-testigoocular\/\">Testigo Ocular<\/a> als &#8220;ebenso inkoh\u00e4rent wie preisgekr\u00f6nt&#8221; beschreibt. Die Nachfrage der Pr\u00e4sidentin bei Au\u00dfenminister H\u00e9ctor Timerman ergab, dass Frau Bender ihren Chef nicht informiert hatte, und so musste sie ihren Schreibtisch r\u00e4umen. Villar Rojas seinerseits steht weiter auf der Liste f\u00fcr Venedig.<\/p>\n","protected":false},"excerpt":{"rendered":"<p>&#8220;Asuntos Culturales&#8221;-Chefin Bender musste an Faillace abgeben Von Susanne Franz Als am 16. Dezember auf einer Pressekonferenz im Palast des Au\u00dfenministeriums die Nachricht verk\u00fcndet wurde, dass der renommierte Kurator Rodrigo Alonso den argentinischen K\u00fcnstler Adri\u00e1n Villar Rojas (30) erw\u00e4hlt hat, Argentiniens Pavillon auf der 54. Kunstbiennale von Venedig (4. Juni bis 27. September) zu gestalten [&hellip;]<\/p>\n","protected":false},"author":1,"featured_media":0,"comment_status":"open","ping_status":"open","sticky":false,"template":"","format":"standard","meta":{"footnotes":""},"categories":[1],"tags":[],"class_list":["post-6174","post","type-post","status-publish","format-standard","hentry","category-allgemein-general"],"_links":{"self":[{"href":"https:\/\/kunstinargentinien.com\/index.php\/wp-json\/wp\/v2\/posts\/6174","targetHints":{"allow":["GET"]}}],"collection":[{"href":"https:\/\/kunstinargentinien.com\/index.php\/wp-json\/wp\/v2\/posts"}],"about":[{"href":"https:\/\/kunstinargentinien.com\/index.php\/wp-json\/wp\/v2\/types\/post"}],"author":[{"embeddable":true,"href":"https:\/\/kunstinargentinien.com\/index.php\/wp-json\/wp\/v2\/users\/1"}],"replies":[{"embeddable":true,"href":"https:\/\/kunstinargentinien.com\/index.php\/wp-json\/wp\/v2\/comments?post=6174"}],"version-history":[{"count":5,"href":"https:\/\/kunstinargentinien.com\/index.php\/wp-json\/wp\/v2\/posts\/6174\/revisions"}],"predecessor-version":[{"id":6180,"href":"https:\/\/kunstinargentinien.com\/index.php\/wp-json\/wp\/v2\/posts\/6174\/revisions\/6180"}],"wp:attachment":[{"href":"https:\/\/kunstinargentinien.com\/index.php\/wp-json\/wp\/v2\/media?parent=6174"}],"wp:term":[{"taxonomy":"category","embeddable":true,"href":"https:\/\/kunstinargentinien.com\/index.php\/wp-json\/wp\/v2\/categories?post=6174"},{"taxonomy":"post_tag","embeddable":true,"href":"https:\/\/kunstinargentinien.com\/index.php\/wp-json\/wp\/v2\/tags?post=6174"}],"curies":[{"name":"wp","href":"https:\/\/api.w.org\/{rel}","templated":true}]}}