{"id":634,"date":"2006-08-19T09:58:57","date_gmt":"2006-08-19T12:58:57","guid":{"rendered":"http:\/\/kunstinargentinien.com\/index.php\/2006\/08\/19\/aus-sicht-des-anderen\/"},"modified":"2006-08-18T21:07:05","modified_gmt":"2006-08-19T00:07:05","slug":"aus-sicht-des-anderen","status":"publish","type":"post","link":"https:\/\/kunstinargentinien.com\/index.php\/2006\/08\/19\/aus-sicht-des-anderen\/","title":{"rendered":"Aus Sicht des Anderen"},"content":{"rendered":"<p><strong>Fotos von Leila Makarius und Guido Henke in der Goethe-Schule<\/strong><\/p>\n<p><em><strong>Von Susen Hermann<\/strong><\/em><\/p>\n<p><img decoding=\"async\" id=\"image633\" alt=Shopping.jpg src=\"http:\/\/kunstinargentinien.com\/wp-content\/uploads\/2006\/08\/Shopping.jpg\" \/><br \/>\n<em>Leila Makarius fotografiert Reflektionen in Schaufenstern.<\/em><\/p>\n<p>Der Blick ins Schaufenster, ein Vorgang von Sekunden, dem kaum Beachtung geschenkt wird. Der Passant auf der Stra\u00dfe vergewissert sich, ob die Kleidung gut sitzt oder die Auslagen seinen Geschmack treffen. Doch dass sich auf der Glasoberfl\u00e4che vielf\u00e4ltige k\u00fcnstlerische M\u00f6glichkeiten widerspiegeln, erkennt der eilige Mensch auf der Stra\u00dfe meist nicht. Die Fotografin Leila Makarius nimmt die vielen Spiegelungen und Bilder, die in den Schaufenstern entstehen, mit all ihren Sinnen wahr. Das Hochhaus gegen\u00fcber, das sich im Boutiquenfenster spiegelt und eine transparente Reflektion \u00fcber die Auslagen zaubert. Die Flanierer auf der Stra\u00dfe, Autos, Kioske und B\u00e4ume &#8211; alles Dinge, die man in den Schaufenstern wiederfindet, wenn man nur genau hinsieht.<\/p>\n<p><img decoding=\"async\" id=\"image632\" alt=Guantes.jpg src=\"http:\/\/kunstinargentinien.com\/wp-content\/uploads\/2006\/08\/Guantes.jpg\" \/><br \/>\n<em>Handschuhe &#8211; und Wolkenkratzer.<\/em><\/p>\n<p>Zusammen mit den Produkten hinter der Scheibe bildet jedes Fenster eine kleine, k\u00fcnstlerische Abbildung ihrer Umwelt. Die faszinierenden und kuriosen Motive, die sich dabei bilden, sind nun in der Ausstellung &#8220;Reflejos y Confines&#8221; (Reflektionen und Begrenzungen) in der Goethe-Schule zu sehen. Die Fotoausstellung ist Teil des <a href=\"http:\/\/www.encuentrosabiertos.com.ar\/sitio\/\">&#8220;Festival de la Luz&#8221;<\/a> (Festival des Lichts), das dieses Jahr zum 14. Mal in Buenos Aires stattfindet.<\/p>\n<p>Im starken Gegensatz zu den aus der Hektik heraus geschossenen Bildern stehen die Ablichtungen des zweiten K\u00fcnstlers. Guido Henkes Fotos sind erf\u00fcllt von Ruhe und Harmonie. Er lichtet Landschaften in einer Art und Weise ab, die entfremdend wirkt und doch, bei n\u00e4herer Betrachtung, wieder als realistisches Naturschauspiel zu erkennen ist.<\/p>\n<p><img decoding=\"async\" id=\"image630\" alt=Cielo1.jpg src=\"http:\/\/kunstinargentinien.com\/wp-content\/uploads\/2006\/08\/Cielo1.jpg\" \/> <img decoding=\"async\" id=\"image631\" alt=Cielo2.jpg src=\"http:\/\/kunstinargentinien.com\/wp-content\/uploads\/2006\/08\/Cielo2.jpg\" \/><\/p>\n<p>Der Horizont, ein Zusammenspiel von Himmel und Erde, von Linien und Lichtern, wirkt geradezu abstrahiert, wenn man ihn auf den Bildern des K\u00fcnstlers betrachtet. Alle ausgestellten Fotos sind letztendlich Reflektionen der uns umgebenden Welt. Oft nur \u00fcbersieht man im Alltag die interessanten oder sonderbaren  Bilder, die uns t\u00e4glich begegnen.<\/p>\n<p>F\u00fcr beide K\u00fcnstler ist es nicht die erste Ausstellung in ihrer beider Geburtsstadt. Guido Henke hat sich vor einigen Jahren der Fotografie verschrieben und schon an mehreren Ausstellungen in Buenos Aires sowie in Brasilien und Chile teilgenommen. Leila Makarius arbeitete zun\u00e4chst mit ihrem Vater k\u00fcnstlerisch zusammen. Neben der Fotografie begeistert sie sich auch noch f\u00fcr andere Bereiche der bildenden Kunst. Auch sie stellte ihre Werke schon mehrmals in Buenos Aires aus. Zudem waren Fotografien der K\u00fcnstlerin in anderen St\u00e4dten Argentiniens sowie in Brasilien, Chile und Peru zu sehen.<\/p>\n<p>Die von Oskar Molek kuratierte Foto-Ausstellung der zwei argentinischen K\u00fcnstler kann noch bis zum 8. September in der Goethe-Schule in der E. Reclus 2250, La Horqueta, besichtigt werden, montags bis freitags von 9-16 Uhr.<\/p>\n<p><em>Dieser Artikel erschien am 19.08.06 im &#8220;Argentinischen Tageblatt&#8221;.<\/em><\/p>\n","protected":false},"excerpt":{"rendered":"<p>Fotos von Leila Makarius und Guido Henke in der Goethe-Schule Von Susen Hermann Leila Makarius fotografiert Reflektionen in Schaufenstern. Der Blick ins Schaufenster, ein Vorgang von Sekunden, dem kaum Beachtung geschenkt wird. Der Passant auf der Stra\u00dfe vergewissert sich, ob die Kleidung gut sitzt oder die Auslagen seinen Geschmack treffen. Doch dass sich auf der [&hellip;]<\/p>\n","protected":false},"author":1,"featured_media":0,"comment_status":"open","ping_status":"open","sticky":false,"template":"","format":"standard","meta":{"footnotes":""},"categories":[1],"tags":[],"class_list":["post-634","post","type-post","status-publish","format-standard","hentry","category-allgemein-general"],"_links":{"self":[{"href":"https:\/\/kunstinargentinien.com\/index.php\/wp-json\/wp\/v2\/posts\/634","targetHints":{"allow":["GET"]}}],"collection":[{"href":"https:\/\/kunstinargentinien.com\/index.php\/wp-json\/wp\/v2\/posts"}],"about":[{"href":"https:\/\/kunstinargentinien.com\/index.php\/wp-json\/wp\/v2\/types\/post"}],"author":[{"embeddable":true,"href":"https:\/\/kunstinargentinien.com\/index.php\/wp-json\/wp\/v2\/users\/1"}],"replies":[{"embeddable":true,"href":"https:\/\/kunstinargentinien.com\/index.php\/wp-json\/wp\/v2\/comments?post=634"}],"version-history":[{"count":0,"href":"https:\/\/kunstinargentinien.com\/index.php\/wp-json\/wp\/v2\/posts\/634\/revisions"}],"wp:attachment":[{"href":"https:\/\/kunstinargentinien.com\/index.php\/wp-json\/wp\/v2\/media?parent=634"}],"wp:term":[{"taxonomy":"category","embeddable":true,"href":"https:\/\/kunstinargentinien.com\/index.php\/wp-json\/wp\/v2\/categories?post=634"},{"taxonomy":"post_tag","embeddable":true,"href":"https:\/\/kunstinargentinien.com\/index.php\/wp-json\/wp\/v2\/tags?post=634"}],"curies":[{"name":"wp","href":"https:\/\/api.w.org\/{rel}","templated":true}]}}