{"id":639,"date":"2006-08-25T06:30:42","date_gmt":"2006-08-25T09:30:42","guid":{"rendered":"http:\/\/kunstinargentinien.com\/index.php\/2006\/08\/25\/kalender-agenda-28\/"},"modified":"2006-08-26T13:23:29","modified_gmt":"2006-08-26T16:23:29","slug":"kalender-agenda-28","status":"publish","type":"post","link":"https:\/\/kunstinargentinien.com\/index.php\/2006\/08\/25\/kalender-agenda-28\/","title":{"rendered":"Kalender \/ Agenda"},"content":{"rendered":"<p><a href=\"http:\/\/kunstinargentinien.com\/index.php\/2006\/08\/25\/agenda-kalender-22\/\">Click aqu\u00ed para leer la versi\u00f3n en castellano.<\/a><\/p>\n<p><strong>Ausstellungs-Kalender 26.08.06-02.09.06<\/strong><\/p>\n<p><img decoding=\"async\" id=\"image652\" alt=gerry.JPG src=\"http:\/\/kunstinargentinien.com\/wp-content\/uploads\/2006\/08\/gerry.JPG\" \/><br \/>\n<em>Der franz\u00f6sische Fotograf Gerard Rondeau ist nur einer der vielen Stars des diesj\u00e4hrigen <a href=\"http:\/\/www.encuentrosabiertos.com.ar\/\">\u201eFestival de la Luz\u201c.<\/a> An diesem Wochenende gehen bereits einige Ausstellungen des landesweiten Fotografie-Fests zu Ende!<\/em><\/p>\n<p><em><strong>Ausstellungszentren<\/strong><\/em><\/p>\n<ul>\n<li>MALBA (Museo de Arte Latinoamericano de Buenos Aires), Av. Figueroa Alcorta 3415 (Do-Mo und feiertags 12-20 Uhr, Di geschlossen, Mi bis 21 Uhr, Eintritt frei. An anderen Tagen: Eintritt 10 Pesos, Lehrer und \u00fcber 65-J\u00e4hrige 5 Pesos, Studenten, Kinder unter 12 Jahren und Behinderte gratis): David Lamelas, \u201eTiempo como actividad (Buenos Aires, 2006\u201c, auf der Esplanade des Museums. 30.6.-November 2006. \/ \u201eHoracio Coppola. 100 a\u00f1os&#8221;. 4.8.-11.9. \/ \u201eContempor\u00e1neo 17. Iluminaciones\u201c, Werke von Matilde Mar\u00edn, Stella Maris und Karina Peisajovich. Gast-Kuratorin: Victoria Verlichak. 18.8.-2.10. \/ Alfredo Guttero (1882-1932), \u201eUn artista moderno en acci\u00f3n\u201c. Kurator: Marcelo Pacheco. 1.9.-30.10.<\/li>\n<p><!--more--><\/p>\n<li>Centro Cultural Recoleta, Jun\u00edn 1930 (Di-Fr 14-21, Sa, So und feiertags 10-21 Uhr, Eintritt 1 Peso): \u201eMACRO en Recoleta. Un cruce de miradas\u201c. Austausch und Dialog mit dem Museum Moderner Kunst MACRO in Rosario. 90 Skulpturen, Objekte, Zeichnungen, Gem\u00e4lde, Videos, etc. Cronopios-Saal. <strong>NUR NOCH BIS 27.8.<\/strong> \/ <strong>Im Rahmen des \u201eFestival de la Luz\u201c:<\/strong> \u201eRealidad (i) Realidad\u201c, 30 K\u00fcnstler aus Argentinien, Chile, Puerto Rico und Brasilien. 3.8.-3.9. \/ \u201eFoto Kunst &#8211; Foto Arte\u201c, zeitgen\u00f6ssische deutsche Fotografie, Werke von Dieter Appelt, Anna und Bernhard Blume, Thomas Florschuetz, J\u00fcrgen Klauke, Astrid Klein, Sigmar Polke, Klaus Rinde und Katharina Sieverding. <strong>NUR NOCH BIS 27.8.<\/strong> \/ \u201eDescubrimientos 2004\u201c &#8211; Preistr\u00e4ger der besten Portfolios der XIII. Ausgabe des \u201eFestival de la Luz\u201c: Gerardo Repetto (Argentinien), Roberto Fern\u00e1ndez (Uruguay) und Andre Villaron (Brasilien). 3.8.-3.9. \/ Eduardo Gil, \u201ePaisajes\u201c, Fotos 2005-2006. 3.8.-3.9.<\/li>\n<li>Centro Cultural Borges, Viamonte\/San Mart\u00edn (Mo-Sa 11-21, So 12-21 Uhr): <strong>Im Rahmen des \u201eFestival de la Luz\u201c:<\/strong> Aldo Martinez, \u201eRealidades Paralelas\u201c, Foto-Dokumentation \/ Paz Errazuriz (Chile), Fotos \/ Eduardo Saperas, Fotos. <strong>NUR NOCH BIS 27.8.<\/strong> \/ \u201eCalef\u00f3n en la vidriera\u201c, Werke von Sebasti\u00e1n Rosso, Mar\u00eda Redondo, Dami\u00e1n Miroli, M\u00f3nica Herrera, Eduardo Basualdo, Ver\u00f3nica Valli und Fernando Mariani. Im Rahmen des Zyklus \u201eBorges\/contempor\u00e1neo\u201c. 17.8.-10.9.<\/li>\n<li>Museo Nacional de Bellas Artes (MNBA), Av. del Libertador 1473 (Di und Mi 12.30-19.30, Do und Fr 12.30-21, Sa 9.30-21, So 9.30-19.30 Uhr, Eintritt frei): Franco Fontana (Italien), Fotos. <strong>Im Rahmen des \u201eFestival de la Luz\u201c.<\/strong> 3.8.-29.10. \/ \u201eHoracio Coppola y su hermano y maestro Armando Coppola (1886-1957)\u201c. 22.8.-30.8. \/ Juan Carlos Liberti, Retrospektive. 22.8.-24.9.<\/li>\n<li>Theater San Mart\u00edn, FotoGaler\u00eda, Av. Corrientes 1530 (Mo-Fr ab 11 Uhr, Sa und So ab 12 Uhr, bis Ende der Theatervorstellungen. Eintritt frei): <strong>Im Rahmen des \u201eFestival de la Luz\u201c:<\/strong> Evgen Bavcar (blinder Fotograf aus Slowenien), Fotos. 3.8.-3.9. \/ Tomasz Gudzowaty (Polen), Fotos. 3.8.-1.10. \/ Nicol\u00e1s Trombetta, Fotos. Er\u00f6ffnung: 5.9., 19 Uhr. Bis 1.10.<\/li>\n<\/ul>\n<p><em><strong>Sonstige Ausstellungen<\/strong><\/em><\/p>\n<ul>\n<li>Juan Jos\u00e9 Mosca, \u201eMosca en el espacio&#8221;, Skulpturen. Organisiert von der Fakult\u00e4t f\u00fcr Kunstgeschichte der Universidad del Salvador. Biblioteca Central, Tte. Gral. J.D. Per\u00f3n 1818, Untergeschoss. Mo-Fr 9-20.30 Uhr. 2.6.-Ende August.<\/li>\n<li>\u201eTerreno de Arte Experimental, Fase 2: Arte y Naturaleza\u201d, Interventionen der Bildhauer Edgardo Madanes, Carola Zech, Cristina Tomsig, Gerardo Feldstein, Mar\u00eda Guallar und Gerardo Wolghemuth, Klanginstallationen von Diana Schufer und Enrique Banfi. Kuratorin: Claudia Aranovich. Garten des \u201eCentro de Museos de Buenos Aires\u201d, Costanera Sur. 10.6.-30.8.<\/li>\n<li>Jes\u00fas Rafael Soto (Venezuela), \u201eVisi\u00f3n en movimiento\u201d, Kuratorinnen: Tatiana Cuevas und Paola Santoscoy. Fundaci\u00f3n PROA, Av. Pedro de Mendoza 1929, La Boca. Eintritt 3 Pesos, Studenten 2 Pesos, Rentner 1 Peso. Di-So 11-19 Uhr. 13.6.-3.9.<\/li>\n<li>Leopoldo Presas, \u201eMuestra antol\u00f3gica, obras de colecci\u00f3n&#8221;. Museo de la Universidad de Tres de Febrero (MUNTREF), Valent\u00edn G\u00f3mez 4828\/38. Mo-Sa 11-20 Uhr. Eintritt frei. 28.6.-26.9.<\/li>\n<li>\u201eTesoros Precolombinos del Noroeste Argentino&#8221;. Museo de Arte Hispanoamericano \u201eIsaac Fern\u00e1ndez Blanco&#8221;, Suipacha 1422. Di-So 14-19 Uhr. 30.6.-10.9.<\/li>\n<li>\u201eColeccionables y Coleccionistas&#8221;. Museo Nacional de Arte Decorativo, Av. del Libertador 1902. Di-So 14-19 Uhr. Eintritt: 8 Pesos; Rentner und Studenten 4 Pesos; dienstags gratis. 14.7.-3.9.<\/li>\n<li>\u201eReconquista de Buenos Aires (1806 &#8211; 12 de Agosto &#8211; 2006)&#8221;, St\u00fccke aus dem Museumsschatz des Historischen Museums \u201eCornelio de Saavedra&#8221;. Museo Hist\u00f3rico de Buenos Aires \u201eCornelio de Saavedra&#8221;, Cris\u00f3logo Larralde 6309. Di-Fr 9-18, Sa, So und feiertags 10-20 Uhr. 15.7.-27.8.<\/li>\n<li>Juan Carlos Romero \/ Marcelo Lo Pinto, \u201eEl Jard\u00edn Le\u00eddo&#8221;, Installation. Text von Eduardo Gr\u00fcner. 180\u00b0 Arte Contempor\u00e1neo, Espacio de Arte Filo, San Mart\u00edn 975. Mo-Fr 18-24, Sa 13-16 Uhr. 18.7.-31.8. Letzte Ausstellung in der Galerie 180\u00b0 Arte Contempor\u00e1neo.<\/li>\n<li>Manuel Cancel, Gem\u00e4lde. Lila Mitre Espacio de Arte, Guido 1568. Mo-Fr 10.30-20, Sa 10.30-13 Uhr. 18.7.-29.8.<\/li>\n<li>Matilde Mar\u00edn, \u201eDesplazamientos&#8221;. Fundaci\u00f3n Alon para las Artes, Viamonte 1465, 10. Stock. 19.7.-Ende September.<\/li>\n<li>Juan Mel\u00e9, Gem\u00e4lde, Skulpturen und Graphiken. Van Eyck, Av. Santa Fe 834. 25.7.-26.8.<\/li>\n<li>Gracia Cutuli, \u201eContrapunto&#8221;. Museo de Arte Contempor\u00e1neo Latinoamericano de La Plata (MACLA), Calle 50 entre 6 y 7, La Plata. Mo-Fr 12-20, Sa und So 10-22 Uhr. 27.7.-27.8.<\/li>\n<li>G\u00f3mez, Heredia, Su\u00e1rez, \u201eObra Revisitada&#8221;. Daniel Maman Fine Art, Av. del Libertador 2474. Seit 1.8.<\/li>\n<li>\u201eFactor\u00eda MAD\u00cd\u201d. Kurator: Rafael Cippolini. Centro Cultural de Espa\u00f1a en Buenos Aires (CCEBA), Florida 943. Seit 2.8.<\/li>\n<li>Mar\u00eda Bigliani, \u201eOvejas\u201d, Gem\u00e4lde. Wussmann Recoleta, Rodr\u00edguez Pe\u00f1a 1399. Mo-Fr 10.30-20, Sa 10.30-14 Uhr. 2.8.-2.9.<\/li>\n<li>Ricardo Ajler, \u201eEntre la materia y la representaci\u00f3n\u201d, Gem\u00e4lde. Galer\u00eda El Puente, Arroyo 834. 3.8.-1.9.<\/li>\n<li>Rosa Revsin, \u201eMetr\u00f3polis, Autorretrato en Nueva York, 2000-2005&#8243;. Kurator: Alberto Giudici. Abraham Vigo-Saal. 4.8.-3.9. \/ Andras Calamandrei, \u201eHermes 1999-2006&#8243;. Ra\u00fal Lozza-Saal. 4.8.-27.8. <strong>Im Rahmen des \u201eFestival de la Luz\u201c.<\/strong> \/ Andrea Attardi, \u201eSicilia tra genti e paesi&#8221;, Fotos. Seit 17.8. Centro Cultural de la Cooperaci\u00f3n, Av. Corrientes 1543. Mo-Sa 13-22, So 13-20 Uhr.<\/li>\n<li>Manuel Mitlag, \u201ePlataforma Stripper&#8221;, Installation. Kuratorinnen: Florencia Braga Men\u00e9ndez, Gabriele Galati. Volumen Abierto, Padilla 1079 (Ecke J.B. Justo). Mo-Sa 14-20 Uhr. Seit 4.8.<\/li>\n<li>Osvaldo Decastelli, \u201eConstrucci\u00f3n de lo aparencial&#8221;, Fotos. <strong>Im Rahmen des \u201eFestival de la Luz&#8221;.<\/strong> Decastelli &#8211; Arte en Cart\u00f3n, Chile 354. Mo-So 11-18 Uhr. 4.8.-12.9.<\/li>\n<li>Rosanna Salonia (Italien), \u201eUniversi&#8221;. <strong>Im Rahmen des \u201eFestival de la Luz&#8221;.<\/strong> Museo Benito Quinquela Mart\u00edn, Victorica-Saal, Av. Pedro de Mendoza 1835. Di-So 10.30-17.30 Uhr. 5.8.-30.9.<\/li>\n<li>Gerard Rondeau (Frankreich), Fotos. <strong>Im Rahmen des \u201eFestival de la Luz&#8221;.<\/strong> Alianza Francesa Zentrum, Av. C\u00f3rdoba 946; Alianza Francesa Palermo, Billinghurst 1926; Alianza Francesa Belgrano, 11 de Septiembre 950; Alianza Francesa Flores, Granaderos 61. 7.8.-30.9.<\/li>\n<li>Carola Rousso, \u201eFlowers-Flores-Fleurs&#8221;, Fotos. <strong>Im Rahmen des \u201eFestival de la Luz&#8221;.<\/strong> Elsi del R\u00edo, Ar\u00e9valo 1748, Palermo Hollywood. Di-Fr 15-20, Sa 11-14 Uhr. 8.8.-2.9.<\/li>\n<li>Sebasti\u00e1n Friedman (Peru), Fotos. <strong>Im Rahmen des \u201eFestival de la Luz&#8221;.<\/strong> Nationalbibliothek, Ag\u00fcero 2502. 8.8.-29.8.<\/li>\n<li>Cristina Santander, \u201eCanto Iberoamericano&#8221;, Gem\u00e4lde. Agalma.Arte, Libertad 1389. Mo-Fr 12-20, Sa 11-13.30 Uhr. 8.8.-4.9.<\/li>\n<li>Amalia P\u00e9rez Molek, \u201eLa Zona&#8221;, Fotos. <strong>Im Rahmen des \u201eFestival de la Luz&#8221;.<\/strong> Centoira Galer\u00eda de Arte, French 2611. 9.8.-26.8. Abschieds-Cocktail 26.8., 11-14 Uhr.<\/li>\n<li>Marcelo De La Fuente, \u201eLa gravedad de lo \u00edntimo&#8221;, Fotos \/ Portfolios der K\u00fcnstler der Galerie: Florencia Levy; Fabiana Barreda; Patricio Gil Flood; Fabi\u00e1n Ramos; Leonel Luna; Marcela Cabutti; Boby Lightowler und Julio Fuks. <strong>Im Rahmen des \u201eFestival de la Luz&#8221;.<\/strong> Galer\u00eda 713 Arte Contempor\u00e1neo, Defensa 713. Di-So 13-19 Uhr. 9.8.-3.9.<\/li>\n<li>Julio Fuks, Fotos. <strong>Im Rahmen des \u201eFestival de la Luz&#8221;.<\/strong> British Arts Centre (BAC), Suipacha 1333. Di-Fr 15-21 Uhr. 9.8.-31.8.<\/li>\n<li>Teresa Pereda, \u201eItinerario de un pa\u00eds&#8221;, Werke 1996-2006. 1\/1 Caja de Arte, Nicaragua 5024. Di-Fr 14.30-19.30, Sa 12-16 Uhr. 9.8.-31.8.<\/li>\n<li>Justo Barboza, Gem\u00e4lde. Coppa Oliver Arte, Talcahuano 1287 A. Seit 9.8.<\/li>\n<li>Silvia Rivas + Carlos Trilnick, \u201eUna extensi\u00f3n posible&#8221;, Fotografie und Videokunst. Kuratorin: Alina Tortosa. <strong>Im Rahmen des \u201eFestival de la Luz&#8221;.<\/strong> RO Galer\u00eda de Arte, Paran\u00e1 1158. Mo-Fr 11-20 Uhr. Seit 10.8.<\/li>\n<li>Leila Makarius + Guido Henke, \u201eReflejos y Confines&#8221;, Fotos. Kurator: Oskar Molek. <strong>Im Rahmen des \u201eFestival de la Luz&#8221;.<\/strong> Goethe-Schule, E. Reclus 2250, La Horqueta, San Isidro. Mo-Fr 9-16 Uhr. 11.8.-8.9.<\/li>\n<li>Attila, Fern\u00e1ndez Bravo, Arg\u00fcelles, \u201eParalelo 58&#8243;. Teatro Argentino de La Plata, Emilio Pettoruti-Saal, Av. 51 entre 9 y 10, La Plata. Di-Fr 10-20, Sa und So 13-20 Uhr. 11.8.-3.9.<\/li>\n<li>\u201eInvasiones Inglesas (200 a\u00f1os)&#8221;, Werke von Carlos Arnaiz, Juan Astica, Alfredo Benav\u00eddez Bedoya, Luis Fernando Benedit, Carlos Bissolino, Alberto Cedr\u00f3n, Roberto El\u00eda, Nora Iniesta, Roberto Plate, Pedro Roth, Daniel Santoro, Mariano Sapia, Clorindo Testa. Wussman, Venezuela 570, San Telmo. Seit 12.8.<\/li>\n<div align=center><img decoding=\"async\" id=\"image656\" alt=millan.jpg src=\"http:\/\/kunstinargentinien.com\/wp-content\/uploads\/2006\/08\/millan.jpg\" \/><br \/>\n<em>Rund um die Uhr im Schaufenster:<br \/>\nInstallation von Mill\u00e1n\/Churba.<\/em><\/div>\n<li>M\u00f3nica Mill\u00e1n, Mart\u00edn Churba, \u201eLlueve, es de siesta&#8221;, Installation. Tramando, \u201eEspacio Vidriera&#8221;, Rodr\u00edguez Pe\u00f1a 1973. Mo-So 24 Stunden. 14.8.-17.9.<\/li>\n<li>Marcela Estrada, \u201eLas Cartas del Tarot&#8221;, Gem\u00e4lde. Sara Garc\u00eda Uriburu, Uruguay 1223. Mo-Fr 11-13 und 16-20, Sa 11-13 Uhr. 14.8.-9.9.<\/li>\n<li>Cristina Fraire, \u201eLa Vida Austera&#8221;, Fotos. <strong>Im Rahmen des \u201eFestival de la Luz&#8221;.<\/strong> La Biblioth\u00e8que, Uruguay 1223, Rote T\u00fcr. Mo-Fr 15-20 Uhr. 14.8.-30.9.<\/li>\n<li>Peter Merts (USA), \u201eArena Blanca, Agua Negra&#8221;, Fotos. \/ Margarita Wilson-Rae, \u201eCentinelas&#8221;, Fotos. Kuratorin: Alina Tortosa. <strong>Im Rahmen des \u201eFestival de la Luz&#8221;.<\/strong> El Borde, Uriarte 1356. 15.8.-9.9.<\/li>\n<li>Silvana Blasbalg + Wilson Pe\u00f1a Castillo, \u201eIdeolog\u00eda del Rechazo&#8221;, Fotos. <strong>Im Rahmen des \u201eFestival de la Luz&#8221;.<\/strong> Mosto &#038; Rojas Arte, Paraguay 934, 1. Stock \u201eG&#8221;. Mo-Fr 15-19 Uhr. 15.8.-14.9.<\/li>\n<li>Carlos Huffmann, \u201eSin T\u00edtulo (10-14 PSI)&#8221;, aufbauend auf den Austellungen von Noelia Yagmourian, Luciana Lamothe und Orilo Blandini in Rosa Chancho. ROSA CHANCHO, Dorrego 1573. Seit 16.8.<\/li>\n<li>\u201eLibros de Artista (de edici\u00f3n)&#8221;, Sammlung Juan Carlos Romero. Gast-K\u00fcnstler: Teresa Pereda, Matilde Mar\u00edn, Silvia Brewda, M\u00f3nica Christiansen, Teresa Lascano, Carola Zech, u.a. Galer\u00eda Isidro Miranda, Estados Unidos 726, San Telmo. 16.8.-9.9. F\u00fchrungen (von Carla Rey) sonntags 16 Uhr.<\/li>\n<li>Estela Pereda, \u201eTodo el azul del mar&#8221;, Installationen. Ecocentro Buenos Aires, Santa Fe 1860, 3. Stock (Grand Splendid). 16.8.-15.10.<\/li>\n<li>Marcelo Galindo, Yanina Szalkowicz, Yamandu Rodriguez, Karin Idelson + G\u00e4ste, Fotos. <strong>Im Rahmen des \u201eFestival de la Luz&#8221;.<\/strong> Appetite, Venezuela 638. Seit 16.8.<\/li>\n<li>Xul Solar, Tuschzeichnungen von 1955, die noch nie ausgestellt waren. Rubbers Internacional, Av. Alvear 1595. Mo-Fr 11-20, Sa 11-13 Uhr. 17.8.-9.9.<\/li>\n<li>Carlos Alberto Scaramella, \u201eMisteriosos Moradores de la Calle&#8221;, Gem\u00e4lde. Holz Galer\u00eda de Arte, Arroyo 862. Mo-Fr 10-20, Sa 10-14 Uhr. 17.8.-4.9.<\/li>\n<li>Cristian Segura, \u201eMirador urbano: la (ex)posici\u00f3n del espectador&#8221;, Installation. Galer\u00eda del Poste (Laternenpfahl vor dem Centro Cultural Ricardo Rojas), Av. Corrientes 2038. Seit 17.8.<\/li>\n<li>Javier Giordano, \u201eEl fin justifica los miedos&#8221;. <strong>Im Rahmen des \u201eFestival de la Luz&#8221;.<\/strong> \u201eCruce de Artes&#8221;, Tunnel unter der Av. del Libertador, H\u00f6he 3200, Ecke Av. Sarmiento. Mo-So 9-19 Uhr. 17.8.-24.9.<\/li>\n<li>\u201eGrupo Contraluz&#8221;, \u201eHay camino&#8221;, Fotos. <strong>Im Rahmen des \u201eFestival de la Luz&#8221;.<\/strong> EspacioFotogr\u00e1fico, Teatro de la Ribera, Av. Pedro de Mendoza 1821. Di-So 10-20, Mo 10-16 Uhr. 19.8.-Mitte Oktober.<\/li>\n<li>\u201eL\u00ednea de Cuatro (10 a\u00f1os despu\u00e9s)&#8221;, Zeichnungen von Carlos Carmona, Marcelo Mayorga, Jorge Meijide und Armando Sapia. Atica, Libertad 1240, PB \u201e9&#8243;. Mo-Fr 11-13 und 15-20, Sa 11-13.30 Uhr. 22.8.-16.9.<\/li>\n<li>Mercedes Baliarda, Aquarelle. Deutscher Klub in Buenos Aires, Av. Corrientes 327, 21. Stock. 23.8.-1.9.<\/li>\n<li>QUIROS. In Zusammenarbeit mit der Galerie Zurbar\u00e1n. Universidad Cat\u00f3lica Argentina (UCA), Av. Alicia Moreau de Justo 1300 (Ecke Azucena Villaflor), Puerto Madero. Seit 24.8.<\/li>\n<li>Marcello Mortarotti, Fotos. Seit 24.8. \/ Eloisa Ballivi\u00e1n, Fotos. Er\u00f6ffnung: 5.9. <strong>Im Rahmen des \u201eFestival de la Luz\u201c.<\/strong> \/ In den S\u00e4len 2 und 3 stellen weiter Eduardo Capilla und Sebastiano Mauri aus. Braga Men\u00e9ndez Arte Contempor\u00e1neo, Humboldt 1574. Mo-Fr 13-20, Sa 14-18 Uhr.<\/li>\n<div align=center><img decoding=\"async\" id=\"image654\" alt=vero1.jpg src=\"http:\/\/kunstinargentinien.com\/wp-content\/uploads\/2006\/08\/vero1.jpg\" \/><br \/>\n<em>In das Labor kommt man normalerweise nur, nachdem man komplizierte Anmeldeformalit\u00e4ten erf\u00fcllt hat. Nun hat &#8220;Laboratorios Baigorria S.A.&#8221; vor\u00fcbergehend seine Zelte in der Galerie Appetite aufgeschlagen. Eine einmalige Gelegenheit!<\/em><\/div>\n<li>Ver\u00f3nica G\u00f3mez &#038; Laboratorios Baigorria S.A., \u201eEl Conejo, Estudios preliminarios&#8221;. Appetite, Venezuela 638. 25.8.-23.9.<\/li>\n<li>Rachel Lebenas, \u201eLa Vida, ese Eterno Milagro&#8221;, Werke 2006.<br \/>\nBolsa de Comercio de Buenos Aires, 25 de Mayo 359, P.B. Er\u00f6ffnung: 28.8., 19 Uhr.<\/li>\n<li>Stella Sidi, \u201eParadoja&#8221;, Zeichnungen, visuelle und Klang-Installation, K\u00fcnstlerbuch. Crimson, Francisco Acu\u00f1a de Figueroa 1800. Mo-Fr 12-20 Uhr. Er\u00f6ffnung: 5.9., 19 Uhr. Bis 24.9.<\/li>\n<li>Leo Matiz, (Kolumbien), Fotos. Kuratorin: Leila Makarius. <strong>Im Rahmen des \u201eFestival de la Luz\u201c.<\/strong> Museo de Arte Hispanoamericano &#8216;Isaac Fern\u00e1ndez Blanco&#8217;, Suipacha 1422. 14.9.-22.10.<\/li>\n<\/ul>\n","protected":false},"excerpt":{"rendered":"<p>Click aqu\u00ed para leer la versi\u00f3n en castellano. Ausstellungs-Kalender 26.08.06-02.09.06 Der franz\u00f6sische Fotograf Gerard Rondeau ist nur einer der vielen Stars des diesj\u00e4hrigen \u201eFestival de la Luz\u201c. An diesem Wochenende gehen bereits einige Ausstellungen des landesweiten Fotografie-Fests zu Ende! Ausstellungszentren MALBA (Museo de Arte Latinoamericano de Buenos Aires), Av. Figueroa Alcorta 3415 (Do-Mo und feiertags [&hellip;]<\/p>\n","protected":false},"author":1,"featured_media":0,"comment_status":"open","ping_status":"open","sticky":false,"template":"","format":"standard","meta":{"footnotes":""},"categories":[3],"tags":[],"class_list":["post-639","post","type-post","status-publish","format-standard","hentry","category-kalender-agenda"],"_links":{"self":[{"href":"https:\/\/kunstinargentinien.com\/index.php\/wp-json\/wp\/v2\/posts\/639","targetHints":{"allow":["GET"]}}],"collection":[{"href":"https:\/\/kunstinargentinien.com\/index.php\/wp-json\/wp\/v2\/posts"}],"about":[{"href":"https:\/\/kunstinargentinien.com\/index.php\/wp-json\/wp\/v2\/types\/post"}],"author":[{"embeddable":true,"href":"https:\/\/kunstinargentinien.com\/index.php\/wp-json\/wp\/v2\/users\/1"}],"replies":[{"embeddable":true,"href":"https:\/\/kunstinargentinien.com\/index.php\/wp-json\/wp\/v2\/comments?post=639"}],"version-history":[{"count":0,"href":"https:\/\/kunstinargentinien.com\/index.php\/wp-json\/wp\/v2\/posts\/639\/revisions"}],"wp:attachment":[{"href":"https:\/\/kunstinargentinien.com\/index.php\/wp-json\/wp\/v2\/media?parent=639"}],"wp:term":[{"taxonomy":"category","embeddable":true,"href":"https:\/\/kunstinargentinien.com\/index.php\/wp-json\/wp\/v2\/categories?post=639"},{"taxonomy":"post_tag","embeddable":true,"href":"https:\/\/kunstinargentinien.com\/index.php\/wp-json\/wp\/v2\/tags?post=639"}],"curies":[{"name":"wp","href":"https:\/\/api.w.org\/{rel}","templated":true}]}}