{"id":6404,"date":"2011-02-19T06:29:19","date_gmt":"2011-02-19T09:29:19","guid":{"rendered":"http:\/\/kunstinargentinien.com\/?p=6404"},"modified":"2011-03-05T16:27:34","modified_gmt":"2011-03-05T19:27:34","slug":"agenda-kalender-253","status":"publish","type":"post","link":"https:\/\/kunstinargentinien.com\/index.php\/2011\/02\/19\/agenda-kalender-253\/","title":{"rendered":"Agenda \/ Kalender"},"content":{"rendered":"<p><a href=\"http:\/\/kunstinargentinien.com\/index.php\/2011\/02\/19\/kalender-agenda-259\/\">Klicken Sie hier, um die deutsche Version zu lesen.<\/a><\/p>\n<p><strong>Agenda de Muestras 19\/02\/11-26\/02\/11<\/p>\n<p><em>Por Susanne Franz<\/em><\/strong><\/p>\n<p><a href=\"http:\/\/kunstinargentinien.com\/wp-content\/uploads\/2011\/02\/sinestesia.jpg\"><img loading=\"lazy\" decoding=\"async\" src=\"http:\/\/kunstinargentinien.com\/wp-content\/uploads\/2011\/02\/sinestesia.jpg\" alt=\"\" title=\"sinestesia\" width=\"500\" height=\"121\" class=\"aligncenter size-full wp-image-6418\" srcset=\"https:\/\/kunstinargentinien.com\/wp-content\/uploads\/2011\/02\/sinestesia.jpg 500w, https:\/\/kunstinargentinien.com\/wp-content\/uploads\/2011\/02\/sinestesia-300x72.jpg 300w\" sizes=\"auto, (max-width: 500px) 100vw, 500px\" \/><\/a><\/p>\n<p>Hasta el 28 de marzo la sala de arte &#8220;Sinestesia&#8221; exhibir\u00e1 una nueva muestra de artistas pl\u00e1sticos que indagan la musicalidad de lo visual. Uno de ellos es Tom Middleton, oriundo de Venado Tuerto, provincia de Santa Fe. Las esculturas de Middleton se destacan por las connotaciones de sus gestos y sus proporciones, potenciadas por la iluminaci\u00f3n, mucho m\u00e1s que por sus relieves. Junto a Middleton participa de la muestra Laura Mema, artista interesada en experimentar con la proyecci\u00f3n de luz externa artificial. Las pinturas de Mema adquieren un sentido de la construcci\u00f3n plural, generando una percepci\u00f3n tridimensional. Seg\u00fan su propio manifiesto est\u00e9tico, las im\u00e1genes pueden abandonar el plano y continuar en el espacio; se trata, seg\u00fan Laura, de sintetizar &#8220;las cuatro dimensiones de la existencia&#8221;: color, sonido, movimiento y espacio (Alsina 963, PB, Lun-Vie 10-18 hs. Entrada gratuita).<\/p>\n<p>Las muestras de la semana:<!--more--><\/p>\n<p><strong><em>Centros de exposiciones<\/em><\/strong><\/p>\n<ul>\n<li><a href=\"http:\/\/www.malba.org.ar\/web\/\">Malba<\/a> (Museo de Arte Latinoamericano de Buenos Aires), Av. Figueroa Alcorta 3415 (Jue-Lun y feriados 12-20 hs, Mi\u00e9 hasta 21 hs, Mar cerrado. Entrada 20 pesos, docentes, jubilados y estudiantes 10 pesos, menores de 5 a\u00f1os gratis. Mi\u00e9: Entrada 8 pesos, docentes y jubilados 4 pesos, estudiantes gratis): &#8220;Grete Stern. Los sue\u00f1os 1948-1951&#8221;. Sala 3, 1\u00ba piso. 28.02.-25.04. \/ &#8220;Adquisiciones, donaciones y comodatos 2010&#8221;. Sala 1 (P.B.). 16.12.-abril.<\/li>\n<li><a href=\"http:\/\/www.mnba.org.ar\/\">Museo Nacional de Bellas Artes (MNBA)<\/a>, Av del Libertador 1473 (Mar-Vie 12.30-20.30, S\u00e1b y Dom 9.30-20.30 hs. Entrada libre y gratuita): &#8220;Bicentenario: Im\u00e1genes paralelas. Tercera parte: 1980-2010&#8221;. Obras de Anank\u00e9 Assef, Marcelo Brodsky, Juan J. Cambre, Ra\u00fal Cottone, Virginia del Giudice, Juan Carlos Dist\u00e9fano, Juan Doffo, Ana Eckell, Le\u00f3n Ferrari, Nicol\u00e1s Garc\u00eda Uriburu, H\u00e9ctor Giuffre, Carlos Gorriarena, Marcos L\u00f3pez, Eduardo M\u00e9dici, Gaby Messina, Julio Pantoja, Esteban Pastorino, Santiago Porter, RES, Guillermo Roux, Antonio Segu\u00ed, Pablo Su\u00e1rez, Clorindo Testa, In\u00e9s Vega, Helen Zout. Curadora: Sara Facio. 14.12.-27.02.<\/li>\n<li><a href=\"http:\/\/www.museodeartemoderno.buenosaires.gob.ar\/mam2.htm\">Museo de Arte Moderno de Buenos Aires<\/a> (MAMba), San Juan 350 (Lun-Vie 12-19, S\u00e1b, Dom y feriados 11-20 hs, Entrada 1 peso, martes gratis): &#8220;Narrativas Inciertas&#8221;, obras de Gabriel Baggio, Eduardo Basualdo, Dino Bruzzone, Nicola Constantino, Mat\u00edas Duville, Leandro Erlich, Estanislao Florido, Max G\u00f3mez Canle, Sebasti\u00e1n Gord\u00edn, Marcelo Grosman, Carlos Huffman, Guillermo Iuso, Mart\u00edn Leg\u00f3n, Lux Lindner, Fabi\u00e1n Marcaccio, Alberto Passolini, Esteban Pastorino, Alejandra Sanguinetti, Mariano Sard\u00f3n, Alejandra Seeber, Mariano Vilela. Curadora: Valeria Gonzalez. Sala Planta Baja. 23.12.-31.03. \/ &#8220;El imaginario de Ignacio Pirovano&#8221;, obras de Joseph Albers, Carmelo Arden Quin, Mart\u00edn Blaszko, Ary Brizzi, Juan Del Prete, Alberto Greco, Auguste Herbin, Alfredo Hlito, Enio Iommi, Wassily Kandinsky, Kenneth Kemble, Paul Klee, Gyula Kosice, Julio Le Parc, Ra\u00fal Lozza, Eduardo Mac Entyre, Tomas Maldonado, Henri Matisse, Joan Miro, Piet Mondrian, Aldo Paparella, Rogelio Polesello, Emilio Renart, Luis Tomasello, Georges Vantongerloo, Victor Vasarely, Miguel \u00c1ngel Vidal, Luis Alberto Wells. Curadora: Cecilia Rabossi. Sala Primer Piso. 23.12.-31.03.<\/li>\n<li><a href=\"http:\/\/www.museocastagnino.org.ar\/\">Museo Castagnino<\/a>, Av. Pellegrini 2202, Rosario (todos los d\u00edas 15-21 hs. Para realizar el pedido de visitas guiadas es necesario enviar un e-mail a educacion@museocastagnino.org.ar): &#8220;LXIV Sal\u00f3n Nacional de Rosario 2010&#8221;. Planta Alta. Hasta 21.02. \/ &#8220;Eco-sistema Oro\u00f1o&#8221;, el nuevo gui\u00f3n curatorial del Castagnino+macro. Planta Baja. Hasta 03.04. \/ &#8220;Premios Rosario&#8221;. Sala Central. Hasta 27.02.<\/li>\n<li><a href=\"http:\/\/www.macromuseo.org.ar\/\">Museo de Arte Contempor\u00e1neo de Rosario<\/a> (MACRO), Bv. Oro\u00f1o y el r\u00edo Paran\u00e1 (todos los d\u00edas 15-21 hs. Para realizar el pedido de visitas guiadas es necesario enviar un e-mail a educacion@macromuseo.org.ar): &#8220;macro-nuevo &#8211; la fiesta como pr\u00e1ctica art\u00edstica&#8221;. 01.01.-27.02.<\/li>\n<li><a href=\"http:\/\/centroculturalrecoleta.org\/ccr-sp\/\">Centro Cultural Recoleta<\/a>, Jun\u00edn 1930 (Lun-Vie 14-21, S\u00e1b, Dom y feriados 10-21 hs. Entrada libre): &#8220;Testa, Bedel, Benedit. 30 a\u00f1os del CCR&#8221;. Hacia fines de la d\u00e9cada del 70, la entonces Intendencia Municipal de la Ciudad de Buenos Aires propuso remodelar lo que hasta poco tiempo antes hab\u00eda sido el asilo de ancianos Hogar Gobernador Viamonte para transformarlo en un centro que albergara los museos de la ciudad. El concurso fue ganado por Clorindo Testa, Luis F. Benedit y Jacques Bedel. Al cumplirse treinta a\u00f1os de aquel emprendimiento, la instituci\u00f3n invit\u00f3 en car\u00e1cter de homenaje a aquellos tres grandes arquitectos y artistas para conmemorar el trig\u00e9simo aniversario de lo que se transform\u00f3 en uno de los espacios m\u00e1s concurridos y exitosos de la ciudad. Sala Cronopios. 17.12.-20.02. \/ &#8220;Abstracci\u00f3n Contaminada, un ensayo grupal&#8221;. Obras de Liliana Fleurquin, Alberto M\u00e9ndez, Elena Nieves, Jorge Sarsale. Curador: Eduardo Stup\u00eda. Sala C. 17.12.-20.02. \/ Matilde Marin, &#8220;Migraciones (suite)&#8221;. Sala Prometeus. 17.12.-27.02. \/ Rachel Lebenas, &#8220;Borges y otros \u00e1ngeles, entre milongas y tangos&#8221;, pinturas. Salas 1 y 2. 03.02.-27.02. \/ Claudio Pereyra, &#8220;Elogio a la sombra&#8221;. Sala 11. 03.02.-27.02. \/ &#8220;Arte y provocaci\u00f3n&#8221;, muestra homenaje a Miguel de Molina. Salas 4, 5 y 6. Inauguraci\u00f3n: 24.02., 19 hs.<\/li>\n<li>Museo Eduardo S\u00edvori, Av. Infanta Isabel 555, frente al puente del Rosedal (Mar-Vie 12-20, S\u00e1b, Dom y feriados 10-20 hs. Entrada $ 1, Mi\u00e9 y S\u00e1b gratis): &#8220;Grandes Autores, Grandes Ilustradores&#8221;, m\u00e1s de 60 grabados y dibujos originales realizados por importantes artistas como Antonio Berni, Carlos Alonso, Juan Batlle Planas, Luis Scafati y A\u00edda Carballo, entre otros. Muestra organizada por el Museo del Dibujo y la Ilustraci\u00f3n. 11.12.-20.02. \/ Laura Nucenovich, &#8220;Del azar y del destino&#8221;, esculturas. Hasta 26.02. \/ &#8220;Obras de la Colecci\u00f3n&#8221;, una selecci\u00f3n de m\u00e1s de 100 obras del acervo patrimonial del Museo. Hasta 13.03.<\/li>\n<li>Museo Casa de Yrurtia, O&#8217;Higgins 2390 (Mar-Vie 13-19, S\u00e1b y Dom 15-19 hs. Lunes cerrado, Martes gratis): Jorge Garnica, &#8220;Serie Humus&#8221;. Sala XI. 09.01.-17.03. \/ Pepe C\u00e1ceres, esculturas. Alberca y galer\u00edas aleda\u00f1as. 09.01.-17.03. \/ Juan Batalla, esculturas. Jard\u00edn de Esculturas. 09.01.-17.03.<\/li>\n<li>FotoGaler\u00eda del Teatro San Mart\u00edn, Av. Corrientes 1530 (Lun-Vie desde las 12, S\u00e1b y Dom desde las 14 hs, hasta la finalizaci\u00f3n de las actividades del d\u00eda en el teatro. Entrada libre): &#8220;Buenos Aires, 24 horas&#8221;, selecci\u00f3n de fotograf\u00edas que recopilan diez a\u00f1os del concurso &#8220;Gente de mi ciudad&#8221; (2000-2009) del Banco Ciudad. 17.01.-27.02.<\/li>\n<\/ul>\n<p><em><strong>Otras exposiciones<\/strong><\/em><\/p>\n<ul>\n<li>Bruno Dunlay &#038; Lucas Arruda (Brasil), &#8220;Deserto &#8211; Modelo&#8221;. Hasta 19.02. \/ NVA &#8211; Nuevo Video Argentino, obras de Florencia Levy, Estanislao Florido, Luciana Lamothe, Monica Heller, Guido Yannitto. Hasta 02.03. <a href=\"http:\/\/www.arte713.com\/Home.aspx\">713 Arte Contempor\u00e1neo<\/a>, Defensa 713. Lun-Vie 14-20, S\u00e1b 14-18 hs. Desde 11.11.<\/li>\n<li>&#8220;Argentina y Alemania en el Caleidoscopio&#8221;, exposici\u00f3n de fotos de gran tama\u00f1o que muestran, de un modo colorido y l\u00fadico, algunos de los rasgos m\u00e1s caracter\u00edsticos de ambos pa\u00edses. <a href=\"http:\/\/www.buenos-aires.diplo.de\/Vertretung\/buenosaires\/es\/Startseite.html\">Embajada de Alemania<\/a>, sobre la calle Luis Mar\u00eda Campos entre Olleros y Gorostiaga. Desde 23.11.<\/li>\n<li>Silvio Fischbein, t\u00e9cnicas mixtas y objetos. <a href=\"http:\/\/www.pasaje17.com\/\">Galer\u00eda Pasaje 17 Arte Contempor\u00e1neo<\/a>, Bartolom\u00e9 Mitre 1559. Lun-Vie 11-19 hs. Entrada libre y gratuita. 13.12.-04.03.<\/li>\n<li>Daniel Herce, &#8220;Universos relacionales. altares profanos&#8221;, instalaci\u00f3n. Centro Cultural de Espa\u00f1a en Buenos Aires (CCEBA), Florida 943, vidriera. 29.12.-28.02.<\/li>\n<li>Ra\u00fal Farco, &#8220;En la piel del otro&#8221;, esculturas. Curador: Elio Kapszuk. &#8220;Paseo de las Esculturas&#8221;, Plaza Rub\u00e9n Dar\u00edo, Austria entre Av. del Libertador y Figueroa Alcorta. Desde 12.01.<\/li>\n<li>&#8220;Nos toc\u00f3 hacer re\u00edr. La Argentina en vi\u00f1etas&#8221;. Curadora: Judith Gociol. La muestra se present\u00f3 en el marco de las actividades de la Feria del Libro de Frankfurt, en 2010. <a href=\"http:\/\/www.artefundacionosde.com.ar\/BO\/home.asp\">Espacio de Arte Fundaci\u00f3n Osde<\/a>, Suipacha 658, 1\u00b0 Piso. Lun-S\u00e1b 12-20 hs. Entrada libre y gratuita. Visitas guiadas: Mi\u00e9 18 hs, S\u00e1b 17 hs. 20.01.-12.03.<\/li>\n<li>&#8220;Of Bridges &#038; Borders&#8221;, obras de Thomas Hirschhorn, Fabrice Gygi y Lang\/Baumann (Suiza), Gianni Motti (Italia), Josep-Mar\u00eda Mart\u00edn (Cuba), John Bock (Alemania). Curador: Sigismond de Vajay. <a href=\"http:\/\/www.proa.org\/esp\/\">Fundaci\u00f3n Proa<\/a>, Av. Pedro de Mendoza 1929. Mar-Dom 11-19 hs. Desde 22.01.<\/li>\n<li>&#8220;Los Libros de Artista del Pabell\u00f3n Argentino en la Feria de Libro 2010 de Frankfurt&#8221;. Obras de Le\u00f3n Ferrari, M\u00f3nica Goldstein, Alicia Herrero, Edith Matzen Hirsch, Gyula Kosice, Mirta Kupferminc, Margarita Paksa, Estela Pereda, Edgardo Antonio Vigo, Yente. Curadora: Pelusa Borthwick. Arcimboldo, Reconquista 761, Dpto. &#8220;14&#8221;. Lun-Vie 15-19, S\u00e1b 11-13 hs. 01.02.-01.03.<\/li>\n<li>Patricia Di Pietro, Mar\u00eda Guallar y Guillermo Llacay, &#8220;Natura&#8221;, pinturas y esculturas. <a href=\"http:\/\/www.elsidelrio.com.ar\/\">Elsi del Rio Arte Contempor\u00e1neo<\/a>, Humboldt 1510, Palermo Hollywood. Mar-Vie 14-20, S\u00e1b 11-15 hs. 07.02.-10.03.<\/li>\n<li>&#8220;Punto, L\u00ednea, Curva II&#8221;, obras de F. Burgos, N. Cacchiarelli, M. Cervi\u00f1o, F. Gast\u00f3n Dreyfus, L. Glusman, G. Hasper, E. Iommi, M. Reyna, P. Rosales, L. Siegrist. Curador: Philippe Cyroulnik. Del Infinito Arte, Quintana 325, P.B. Desde 07.02.<\/li>\n<li>&#8220;Punto, L\u00ednea, Curva&#8221;, obras de Sergio Avello, Irene Banchero, Jean-Paul Blanchet, Natalia Cacchiarelli, Juan Jos\u00e9 Cambre, Mariana Cervi\u00f1o, Philippe Compagnon, Jean Gabriel Coignet, Mirtha Dermisache, Beto De Volder, Ver\u00f3nica Di Toro, Lucio Dorr, Roberto El\u00eda, Le\u00f3n Ferrari, Laura Glusman, Graciela Hasper, Enio Iommi, Magdalena Jitrik, Sol Lewitt, Raul Lozza, Al Martin, Fran\u00e7ois Morellet, Fran\u00e7ois Perraudin, Vassili Salpistis, Vladimir Skoda, Andr\u00e9s Sobrino, Eduardo Stup\u00eda, Ignacio V\u00e1ldez, Julio Villani, Carola Zech. Curador: Philippe Cyroulnik. Centro Cultural Borges, Viamonte\/San Mart\u00edn. Lun-S\u00e1b 10-21, Dom 12-21 hs. 08.02.-08.03.<\/li>\n<li>David Lamelas, &#8220;Buenos Aires Time as Activity&#8221;. Ignacio Liprandi, Av. de Mayo 1480 (3ro izq). 10.02.-11.03.<\/li>\n<li>Laura Mema y Tom Middleton. En colaboraci\u00f3n con el Espacio de Arte Wallrod. Espacio Sinestesia, Alsina 963, PB. Lun-Vie 10-18 hs. Entrada libre y gratuita. 16.02.-28.03.<\/li>\n<li>&#8220;Laboratorio Abierto&#8221;. Presentaci\u00f3n de los proyectos desarrollados durante el Programa Interactivos 2010. Espacio Fundaci\u00f3n Telef\u00f3nica, Arenales 1540. Lun-S\u00e1b 14-20 hs. Entrada libre y gratuita. 17.02.-26.02.<\/li>\n<li>Alejandro Raineri, &#8220;La Vacanal: Sombras nada m\u00e1s&#8221;. Galer\u00eda Rubbers Internacional, Av. Alvear 1595. Lun-Vie 11-20, S\u00e1b 11-13.30 hs. Inauguraci\u00f3n: 03.03. 19 hs. Hasta 31.03.<\/li>\n<li>&#8220;Paula Modersohn-Becker und die Worpsweder&#8221; (Paula Modersohn-Becker y los artistas de Worpswede). Exposici\u00f3n del Instituto de Relaciones con el Exterior (ifa, Institut f\u00fcr Auslandsbeziehungen). Con el apoyo del Goethe-Institut Buenos Aires. Museo Nacional de Arte Decorativo, Av. del Libertador 1902. Mar-Dom 14-19 hs, lunes cerrado. Entrada $ 5.-, estudiantes y jubilados $ 3.-, martes gratis. Inauguraci\u00f3n: 03.03., 19 hs. Hasta 03.04.<\/li>\n<\/ul>\n","protected":false},"excerpt":{"rendered":"<p>Klicken Sie hier, um die deutsche Version zu lesen. Agenda de Muestras 19\/02\/11-26\/02\/11 Por Susanne Franz Hasta el 28 de marzo la sala de arte &#8220;Sinestesia&#8221; exhibir\u00e1 una nueva muestra de artistas pl\u00e1sticos que indagan la musicalidad de lo visual. Uno de ellos es Tom Middleton, oriundo de Venado Tuerto, provincia de Santa Fe. Las [&hellip;]<\/p>\n","protected":false},"author":1,"featured_media":0,"comment_status":"open","ping_status":"open","sticky":false,"template":"","format":"standard","meta":{"footnotes":""},"categories":[3],"tags":[],"class_list":["post-6404","post","type-post","status-publish","format-standard","hentry","category-kalender-agenda"],"_links":{"self":[{"href":"https:\/\/kunstinargentinien.com\/index.php\/wp-json\/wp\/v2\/posts\/6404","targetHints":{"allow":["GET"]}}],"collection":[{"href":"https:\/\/kunstinargentinien.com\/index.php\/wp-json\/wp\/v2\/posts"}],"about":[{"href":"https:\/\/kunstinargentinien.com\/index.php\/wp-json\/wp\/v2\/types\/post"}],"author":[{"embeddable":true,"href":"https:\/\/kunstinargentinien.com\/index.php\/wp-json\/wp\/v2\/users\/1"}],"replies":[{"embeddable":true,"href":"https:\/\/kunstinargentinien.com\/index.php\/wp-json\/wp\/v2\/comments?post=6404"}],"version-history":[{"count":13,"href":"https:\/\/kunstinargentinien.com\/index.php\/wp-json\/wp\/v2\/posts\/6404\/revisions"}],"predecessor-version":[{"id":6533,"href":"https:\/\/kunstinargentinien.com\/index.php\/wp-json\/wp\/v2\/posts\/6404\/revisions\/6533"}],"wp:attachment":[{"href":"https:\/\/kunstinargentinien.com\/index.php\/wp-json\/wp\/v2\/media?parent=6404"}],"wp:term":[{"taxonomy":"category","embeddable":true,"href":"https:\/\/kunstinargentinien.com\/index.php\/wp-json\/wp\/v2\/categories?post=6404"},{"taxonomy":"post_tag","embeddable":true,"href":"https:\/\/kunstinargentinien.com\/index.php\/wp-json\/wp\/v2\/tags?post=6404"}],"curies":[{"name":"wp","href":"https:\/\/api.w.org\/{rel}","templated":true}]}}