{"id":6446,"date":"2011-03-03T09:50:39","date_gmt":"2011-03-03T12:50:39","guid":{"rendered":"http:\/\/kunstinargentinien.com\/?p=6446"},"modified":"2011-03-05T13:52:31","modified_gmt":"2011-03-05T16:52:31","slug":"paula-modersohn-becker-y-los-artistas-de-worpswede","status":"publish","type":"post","link":"https:\/\/kunstinargentinien.com\/index.php\/2011\/03\/03\/paula-modersohn-becker-y-los-artistas-de-worpswede\/","title":{"rendered":"Paula Modersohn-Becker y los artistas de Worpswede"},"content":{"rendered":"<p><a href=\"http:\/\/kunstinargentinien.com\/index.php\/2011\/02\/12\/paula-modersohn-becker-und-die-worpsweder\/\">Klicken Sie hier, um die deutsche Version zu lesen.<\/a><\/p>\n<p><strong>La exposici\u00f3n del ifa\/Instituto para las Relaciones con el Extranjero (Alemania) se inaugurar\u00e1 hoy en Buenos Aires<\/strong><\/p>\n<p><a href=\"http:\/\/kunstinargentinien.com\/wp-content\/uploads\/2011\/02\/paulamodersohn2.jpg\"><img loading=\"lazy\" decoding=\"async\" src=\"http:\/\/kunstinargentinien.com\/wp-content\/uploads\/2011\/02\/paulamodersohn2.jpg\" alt=\"\" title=\"paulamodersohn2\" width=\"250\" height=\"298\" class=\"alignleft size-full wp-image-6379\" \/><\/a>Hoy, jueves 3 de marzo, a las 19 horas, se inaugurar\u00e1 en el Museo Nacional de Arte Decorativo (Av. del Libertador 1902) la exposici\u00f3n &#8220;Paula Modersohn-Becker y los artistas de Worpswede&#8221; del ifa\/Instituto para las Relaciones con el Extranjero (Alemania), presentada en Buenos Aires -y luego en Rosario, San Juan y Mendoza- por el Instituto Goethe de Buenos Aires.<\/p>\n<p>&#8220;&#8230;supiste comprenderla pues: la abundancia de los frutos.\/ Los pon\u00edas en fuentes frente a ti\/ y con colores compensabas su peso.\/ Y as\u00ed como a los frutos contemplabas a las mujeres\/ y a los ni\u00f1os, impelidos desde su interior\/ a las formas de su existencia. \/Y por \u00faltimo te ve\u00edas a ti misma como a un fruto\/ te quitabas tus ropas, te llevabas\/ frente al espejo y lo dejabas penetrarte\/ excepto a tu mirada; tu mirada excelsa quedaba afuera\/ y no dec\u00eda: esa soy yo, no. dec\u00eda: esto es.\/ Y as\u00ed falta de urgencia era al final tu mirada\/ tan despojada, tan aut\u00e9nticamente pobre\/ que ni a ti misma codiciaba: santa &#8230;&#8221;<\/p>\n<p>Los versos corresponden al poema &#8220;R\u00e9quiem por una amiga&#8221; que Rainer Mar\u00eda Rilke dedic\u00f3 a su amiga Paula Modersohn-Becker conmovido por su muerte temprana, a los 31 a\u00f1os, tras el nacimiento de su hija. Rilke manten\u00eda de hecho una estrecha amistad con la pintora alemana y sus colegas de la comunidad de artistas de Worpswede, cerca de Bremen. Fue ella quien le abri\u00f3 los ojos a la pintura de C\u00e9zanne: del entusiasmo com\u00fan por el pintor franc\u00e9s fue que surgieron las &#8220;Cartas sobre C\u00e9zanne&#8221;, de Rilke.<!--more--><\/p>\n<p>Paula Modersohn-Becker (1876-1907) form\u00f3 parte de un movimiento que predicaba el retorno a la naturaleza y a los valores simples de los campesinos. En este grupo de artistas independientes se contaban entre otros Fritz Mackensen, Hans am Ende, Otto Modersohn (con quien Paula se cas\u00f3 en 1901), Heinrich Vogeler y la escultora Clara Westhoff. A lo largo de su breve vida y en sus escasos catorce a\u00f1os de actividad pl\u00e1stica, Paula Modersohn-Becker lleg\u00f3 a realizar 750 pinturas, varios grabados y m\u00e1s de mil dibujos.<\/p>\n<p>De familia acomodada -y como en Alemania predominaba el arte acad\u00e9mico que ella rechazaba-, pas\u00f3 varias temporadas en Par\u00eds, epicentro de la innovaci\u00f3n art\u00edstica. As\u00ed fue como desarroll\u00f3 un estilo original, de vanguardia, producto de m\u00faltiples influencias: cree en C\u00e9zanne, van Gogh y Gauguin pero no para imitarlos, sino que sus estilos refuerzan su b\u00fasqueda de una naturaleza interior, propia. &#8220;Cuando uno pinta es mejor pensar en el sentimiento propio que en la naturaleza en s\u00ed&#8221;, dec\u00eda la artista.<\/p>\n<p>Del c\u00edrculo de Worpswede fue Paula Modersohn-Becker la que se destac\u00f3 con un aporte fundamental para el arte moderno. Esta muestra que protagonizan sus dibujos y grabados se complementa con obras de varios artistas de Worpswede, realizadas entre 1895 y 1905. En su conjunto, dan una idea significativa de la revoluci\u00f3n que el ojo y la t\u00e9cnica de los artistas alemanes fueron trazando en la bisagra entre dos siglos, hace de esto m\u00e1s de cien a\u00f1os.<\/p>\n<ul>\n<li>&#8220;Paula Modersohn-Becker und die Worpsweder&#8221; (Paula Modersohn-Becker y los artistas de Worpswede). Museo Nacional de Arte Decorativo, Av. del Libertador 1902. Mar-Dom 14-19 hs, lunes cerrado. Entrada $ 5.-, estudiantes y jubilados $ 3.-, martes gratis. Inauguraci\u00f3n: 03.03., 19 hs. Hasta 03.04.<\/li>\n<\/ul>\n","protected":false},"excerpt":{"rendered":"<p>Klicken Sie hier, um die deutsche Version zu lesen. La exposici\u00f3n del ifa\/Instituto para las Relaciones con el Extranjero (Alemania) se inaugurar\u00e1 hoy en Buenos Aires Hoy, jueves 3 de marzo, a las 19 horas, se inaugurar\u00e1 en el Museo Nacional de Arte Decorativo (Av. del Libertador 1902) la exposici\u00f3n &#8220;Paula Modersohn-Becker y los artistas [&hellip;]<\/p>\n","protected":false},"author":1,"featured_media":0,"comment_status":"open","ping_status":"open","sticky":false,"template":"","format":"standard","meta":{"footnotes":""},"categories":[2,4],"tags":[],"class_list":["post-6446","post","type-post","status-publish","format-standard","hentry","category-kunstler-artistas","category-tipp-der-woche-recomendacion-de-la-semana"],"_links":{"self":[{"href":"https:\/\/kunstinargentinien.com\/index.php\/wp-json\/wp\/v2\/posts\/6446","targetHints":{"allow":["GET"]}}],"collection":[{"href":"https:\/\/kunstinargentinien.com\/index.php\/wp-json\/wp\/v2\/posts"}],"about":[{"href":"https:\/\/kunstinargentinien.com\/index.php\/wp-json\/wp\/v2\/types\/post"}],"author":[{"embeddable":true,"href":"https:\/\/kunstinargentinien.com\/index.php\/wp-json\/wp\/v2\/users\/1"}],"replies":[{"embeddable":true,"href":"https:\/\/kunstinargentinien.com\/index.php\/wp-json\/wp\/v2\/comments?post=6446"}],"version-history":[{"count":8,"href":"https:\/\/kunstinargentinien.com\/index.php\/wp-json\/wp\/v2\/posts\/6446\/revisions"}],"predecessor-version":[{"id":6505,"href":"https:\/\/kunstinargentinien.com\/index.php\/wp-json\/wp\/v2\/posts\/6446\/revisions\/6505"}],"wp:attachment":[{"href":"https:\/\/kunstinargentinien.com\/index.php\/wp-json\/wp\/v2\/media?parent=6446"}],"wp:term":[{"taxonomy":"category","embeddable":true,"href":"https:\/\/kunstinargentinien.com\/index.php\/wp-json\/wp\/v2\/categories?post=6446"},{"taxonomy":"post_tag","embeddable":true,"href":"https:\/\/kunstinargentinien.com\/index.php\/wp-json\/wp\/v2\/tags?post=6446"}],"curies":[{"name":"wp","href":"https:\/\/api.w.org\/{rel}","templated":true}]}}