{"id":6598,"date":"2011-02-28T16:17:03","date_gmt":"2011-02-28T19:17:03","guid":{"rendered":"http:\/\/kunstinargentinien.com\/?p=6598"},"modified":"2011-03-07T12:23:57","modified_gmt":"2011-03-07T15:23:57","slug":"la-baf-week-todo-lo-que-esta-de-moda-pasa-de-moda","status":"publish","type":"post","link":"https:\/\/kunstinargentinien.com\/index.php\/2011\/02\/28\/la-baf-week-todo-lo-que-esta-de-moda-pasa-de-moda\/","title":{"rendered":"La BAF Week: todo lo que est\u00e1 de moda, pasa de moda"},"content":{"rendered":"<p><strong>Exitosa edici\u00f3n de la semana de la moda oto\u00f1o\/invierno 2011<\/p>\n<p><em>Por Paula Bonnet<\/em><\/strong><\/p>\n<p><a href=\"http:\/\/kunstinargentinien.com\/wp-content\/uploads\/2011\/02\/7.jpg\"><img loading=\"lazy\" decoding=\"async\" src=\"http:\/\/kunstinargentinien.com\/wp-content\/uploads\/2011\/02\/7.jpg\" alt=\"\" title=\"7\" width=\"250\" height=\"375\" class=\"alignleft size-full wp-image-6616\" srcset=\"https:\/\/kunstinargentinien.com\/wp-content\/uploads\/2011\/02\/7.jpg 250w, https:\/\/kunstinargentinien.com\/wp-content\/uploads\/2011\/02\/7-200x300.jpg 200w\" sizes=\"auto, (max-width: 250px) 100vw, 250px\" \/><\/a>Termin\u00f3 la semana de la moda porte\u00f1a y dej\u00f3 lo mismo que en todas sus ediciones: una lluvia de creatividad por parte de Tramando, modelos retiradas en las primeras filas de los desfiles y chicas lindas esperando en filas eternas para ser evaluadas como futuras modelos de Pancho Dotto.<\/p>\n<p>AY Not Dead sigui\u00f3 con la misma onda punk de todas las temporadas, con colores llamativos y trajes ajustados para los hombres. Volvi\u00f3 Varanasi con sus texturas lujosas y su minimalismo futurista. Cora Groppo encontr\u00f3 miles de tonalidades en el negro y el gris para crear una colecci\u00f3n inspirada en los elefantes. Vicki Otero continu\u00f3 su l\u00ednea de telas nobles, b\u00e1\u00a1sicos multiuso y prendas estructurales.<\/p>\n<p>La <a href=\"http:\/\/www.bafweek.com\/desfiles.html\">BAF<\/a> tambi\u00e9n fue la plataforma oficial de lanzamiento de Garza Lobos (foto), la marca Rub\u00e9n Troilo (ex mano derecha de Jesica Trosman) y Constanza Von Niederh\u00e4usern. Se trata de una colecci\u00f3n en la que se mezclaron una gran cantidad de textiles y texturas, entre ellas seda, alpaca y cashmere. Vestidos cortos y sexies se pasearon en la pasarela junto a estructurales sacos color camel. La figura femenina se estiliza con chupines ajustados y faldas cortas. Las chicas Garza Lobos caminan en prendas transparentes, algunas b\u00e1sicas para la noche y otras con interesantes estampados para el d\u00eda.<\/p>\n<p>Igual de buena tambi\u00e9n fue su puesta en escena, con una escenogra\u00eda minimalista, al igual que el peinado y el maquillaje de las modelos. La sorpresa de la noche fue que la musicalizaci\u00f3n del desfile estuvo a cargo de The MisShapes, el duo de DJs que dan vueltas por el mundo pasando discos en los shows de Balenciaga, Karl Lagerfeld y otras tantas estrellitas de la moda.<\/p>\n","protected":false},"excerpt":{"rendered":"<p>Exitosa edici\u00f3n de la semana de la moda oto\u00f1o\/invierno 2011 Por Paula Bonnet Termin\u00f3 la semana de la moda porte\u00f1a y dej\u00f3 lo mismo que en todas sus ediciones: una lluvia de creatividad por parte de Tramando, modelos retiradas en las primeras filas de los desfiles y chicas lindas esperando en filas eternas para ser [&hellip;]<\/p>\n","protected":false},"author":1,"featured_media":0,"comment_status":"open","ping_status":"open","sticky":false,"template":"","format":"standard","meta":{"footnotes":""},"categories":[1,13],"tags":[],"class_list":["post-6598","post","type-post","status-publish","format-standard","hentry","category-allgemein-general","category-mode-moda"],"_links":{"self":[{"href":"https:\/\/kunstinargentinien.com\/index.php\/wp-json\/wp\/v2\/posts\/6598","targetHints":{"allow":["GET"]}}],"collection":[{"href":"https:\/\/kunstinargentinien.com\/index.php\/wp-json\/wp\/v2\/posts"}],"about":[{"href":"https:\/\/kunstinargentinien.com\/index.php\/wp-json\/wp\/v2\/types\/post"}],"author":[{"embeddable":true,"href":"https:\/\/kunstinargentinien.com\/index.php\/wp-json\/wp\/v2\/users\/1"}],"replies":[{"embeddable":true,"href":"https:\/\/kunstinargentinien.com\/index.php\/wp-json\/wp\/v2\/comments?post=6598"}],"version-history":[{"count":15,"href":"https:\/\/kunstinargentinien.com\/index.php\/wp-json\/wp\/v2\/posts\/6598\/revisions"}],"predecessor-version":[{"id":6622,"href":"https:\/\/kunstinargentinien.com\/index.php\/wp-json\/wp\/v2\/posts\/6598\/revisions\/6622"}],"wp:attachment":[{"href":"https:\/\/kunstinargentinien.com\/index.php\/wp-json\/wp\/v2\/media?parent=6598"}],"wp:term":[{"taxonomy":"category","embeddable":true,"href":"https:\/\/kunstinargentinien.com\/index.php\/wp-json\/wp\/v2\/categories?post=6598"},{"taxonomy":"post_tag","embeddable":true,"href":"https:\/\/kunstinargentinien.com\/index.php\/wp-json\/wp\/v2\/tags?post=6598"}],"curies":[{"name":"wp","href":"https:\/\/api.w.org\/{rel}","templated":true}]}}