{"id":6784,"date":"2011-04-09T12:31:22","date_gmt":"2011-04-09T15:31:22","guid":{"rendered":"http:\/\/kunstinargentinien.com\/?p=6784"},"modified":"2011-04-17T11:57:12","modified_gmt":"2011-04-17T14:57:12","slug":"agenda-kalender-259","status":"publish","type":"post","link":"https:\/\/kunstinargentinien.com\/index.php\/2011\/04\/09\/agenda-kalender-259\/","title":{"rendered":"Agenda \/ Kalender"},"content":{"rendered":"<p><a href=\"http:\/\/kunstinargentinien.com\/index.php\/2011\/04\/09\/kalender-agenda-265\/\">Klicken Sie hier, um die deutsche Version zu lesen.<\/a><\/p>\n<p><strong>Agenda de Muestras 09\/04\/11-16\/04\/11<\/p>\n<p><em>Por Susanne Franz<\/em><\/strong><\/p>\n<p><a href=\"http:\/\/kunstinargentinien.com\/wp-content\/uploads\/2011\/04\/villa.jpg\"><img loading=\"lazy\" decoding=\"async\" src=\"http:\/\/kunstinargentinien.com\/wp-content\/uploads\/2011\/04\/villa.jpg\" alt=\"\" title=\"villa\" width=\"250\" height=\"162\" class=\"alignleft size-full wp-image-6796\" \/><\/a>El jueves 7 de abril se inaugur\u00f3 en el <a href=\"http:\/\/www.uca.edu.ar\/index.php\/home\/index\/es\/universidad\/extensi-n\/pabellon-de-las-bellas-artes\">Pabell\u00f3n de las Bellas Artes de la UCA<\/a> la muestra de fotograf\u00edas &#8220;La Villa. Dignidad y Miseria&#8221;, una selecci\u00f3n de im\u00e1genes que documenta m\u00e1s de un siglo de precariedad habitacional, tanto en los extensos \u00e1mbitos rurales, como en la apretada geograf\u00eda de los principales centros urbanos de Argentina.<\/p>\n<p>La exposici\u00f3n est\u00e1 integrada por im\u00e1genes que van desde las realizadas por el fot\u00f3grafo norteamericano Harry G. Olds en 1905, hasta tomas de la actualidad, y tienen origen diverso: el Archivo General de la Naci\u00f3n, los archivos de diarios y revistas y el aporte de prestigiosos reporteros gr\u00e1ficos en actividad, como Axel Alexander, Carlos Greco, Eduardo Longoni, Claudia Mart\u00ednez, Rodolfo Pezzoni, Alberto Raggio, Mat\u00edas Roth y Hern\u00e1n Zenteno, entre otros. <\/p>\n<p>En el cat\u00e1logo de la muestra, el Rector de la UCA, Dr. V\u00edctor Manuel Fern\u00e1ndez, escribi\u00f3: &#8220;Si queremos ser una verdadera &#8216;Universitas&#8217;, nuestros interlocutores no pueden ser solamente los sectores acomodados de la sociedad. De ser as\u00ed se oscurecer\u00eda nuestra mirada. Los pobres, los sufrientes, los excluidos, desde esa experiencia peculiar del l\u00edmite, desde su perspectiva propia, ven aspectos de la realidad que no se perciben tan claramente desde las situaciones de comodidad y de seguridad. Este es el sentido m\u00e1s hondo de mi preocupaci\u00f3n por acrecentar el compromiso social de la UCA, proponiendo que nos hagamos presentes, tanto alumnos como docentes, investigadores y empleados, en Villas de la Ciudad. Se trata de dejarnos interpelar y herir por una parte de la realidad que no podemos ignorar&#8221;.<\/p>\n<p>La exposici\u00f3n permanecer\u00e1 hasta el domingo, 15 de mayo.<\/p>\n<p>Las muestras de la semana:<!--more--><\/p>\n<p><strong><em>Centros de exposiciones<\/em><\/strong><\/p>\n<ul>\n<li><a href=\"http:\/\/www.malba.org.ar\/web\/\">Malba<\/a> (Museo de Arte Latinoamericano de Buenos Aires), Av. Figueroa Alcorta 3415 (Jue-Lun y feriados 12-20 hs, Mi\u00e9 hasta 21 hs, Mar cerrado. Entrada 22 pesos, docentes, jubilados y estudiantes 11 pesos, menores de 5 a\u00f1os sin cargo. Mi\u00e9: Entrada 10 pesos, docentes y jubilados 5 pesos, estudiantes sin cargo): &#8220;Grete Stern. Los sue\u00f1os 1948-1951&#8221;. Sala 3, 1\u00ba piso. 28.02.-25.04. \/ &#8220;Papeles modernos. De Toulouse-Lautrec a Picasso&#8221;. Obras de la Colecci\u00f3n del Museo Nacional de Bellas Artes. Curador invitado: \u00c1ngel Navarro. Sala 5, 2\u00ba piso. 17.03.-23.05.<\/li>\n<li><a href=\"http:\/\/www.museodeartemoderno.buenosaires.gob.ar\/mam2.htm\">Museo de Arte Moderno de Buenos Aires<\/a> (MAMba), San Juan 350 (Lun-Vie 12-19, S\u00e1b, Dom y feriados 11-20 hs, Entrada $ 1, martes gratis): &#8220;Donaciones de los a\u00f1os sesenta: Ambrossini \/ Gim\u00e9nez \/ Messil \/ Stoppani \/ Trotta&#8221;. Inauguraci\u00f3n: 13.04., 19 hs.<\/li>\n<li>Museo Eduardo S\u00edvori, Av. Infanta Isabel 555, frente al puente del Rosedal (Mar-Vie 12-20, S\u00e1b, Dom y feriados 10-20 hs. Entrada $ 1, Mi\u00e9 y S\u00e1b gratis): &#8220;LV Sal\u00f3n de Artes Pl\u00e1sticas &#8216;Manuel Belgrano'&#8221;. Desde 19.03.<\/li>\n<li><a href=\"http:\/\/www.museolarreta.buenosaires.gob.ar\/\">Museo Enrique Larreta<\/a>, Juramento 2291 (Lun-Vie 13-19, S\u00e1b, Dom y feriados 10-20 hs. Entrada $ 1, Jue gratis. <a href=\"http:\/\/kunstinargentinien.com\/index.php\/2007\/01\/15\/paseo-en-el-paraiso\/\">Jard\u00edn Andaluz<\/a>: Lun-Vie 9-12.30 hs y en el horario del museo. Visitas guiadas al jard\u00edn: Primer s\u00e1bado de cada mes a las 15 y a las 17 hs. Pr\u00f3xima visita: 07.05.): &#8220;Lazos subterr\u00e1neos. May\u00f3licas andaluzas en el subte porte\u00f1o&#8221;, muestra fotogr\u00e1fica. 08.04.-08.05.<\/li>\n<li>Museo Casa de Yrurtia, O&#8217;Higgins 2390 (Mar-Vie 13-19, S\u00e1b y Dom 15-19 hs. Lunes cerrado, Martes gratis): Marcelo Vattuone, Homenaje a Saint-John Perse, pinturas. Sala XI. \/ Constantina Iconomopulos, esculturas. &#8220;Jard\u00edn de Esculturas&#8221;. 20.03.-27.04.<\/li>\n<\/ul>\n<p><em><strong>Otras exposiciones<\/strong><\/em><\/p>\n<ul>\n<li>&#8220;Argentina y Alemania en el Caleidoscopio&#8221;, exposici\u00f3n de fotos de gran tama\u00f1o que muestran, de un modo colorido y l\u00fadico, algunos de los rasgos m\u00e1s caracter\u00edsticos de ambos pa\u00edses. <a href=\"http:\/\/www.buenos-aires.diplo.de\/Vertretung\/buenosaires\/es\/Startseite.html\">Embajada de Alemania<\/a>, sobre la calle Luis Mar\u00eda Campos entre Olleros y Gorostiaga. Desde 23.11.<\/li>\n<li>Ra\u00fal Farco, &#8220;En la piel del otro&#8221;, esculturas. Curador: Elio Kapszuk. &#8220;Paseo de las Esculturas&#8221;, Plaza Rub\u00e9n Dar\u00edo, Austria entre Av. del Libertador y Figueroa Alcorta. Desde 12.01.<\/li>\n<li>&#8220;Cuentas pendientes: arte contempor\u00e1neo y problem\u00e1ticas de g\u00e9nero&#8221;. Artistas: Diana Schufer, Silvia Young, Claudia Contreras, Ana Gallardo, Magdalena Pagano, Teresa Volco, Silvia Gai, Nora Aslan, Marta Ares. Curadora: Mar\u00eda Laura Rosa. Edificio Cuatro Columnas, Av. del Libertador 8151. Lun-Vie 13-17 hs. 09.03.-20.04.<\/li>\n<li>Cynthia Kampelmacher, &#8220;You Never Know&#8221;. <a href=\"http:\/\/norafisch.com\/home.php\">Nora Fisch Arte Contempor\u00e1neo<\/a>, G\u00fcemes 2967, PB. Mi\u00e9-Vie 15-20, S\u00e1b 11-15 hs. 11.03.-09.04.<\/li>\n<li>Richard Sturgeon, &#8220;Bad Keats&#8221;, pinturas. <a href=\"http:\/\/www.elsidelrio.com.ar\/\">Elsi del Rio Arte Contempor\u00e1neo<\/a>, Humboldt 1510, Palermo Hollywood. Mar-Vie 14-20, S\u00e1b 11-15 hs. 14.03.-28.04.<\/li>\n<li>Diego Perrotta, &#8220;Rostros para la Memoria. Mural Homenaje a los Desaparecidos&#8221;. Sigen, Av. Corrientes 381. 15.03.-14.04.<\/li>\n<li>Gabriela Caregnato, &#8220;Random&#8221;, t\u00e9cnicas mixtas. Sala I. \/ Delia Iglesias, &#8220;El camino del venado&#8221;, dibujos, objetos y performance. Sala II. Pabell\u00f3n 4 Arte Contempor\u00e1neo, Uriarte 1332. Lun-S\u00e1b 16-20 hs. 15.03.-16.04.<\/li>\n<li>Ernesto Ballesteros. \/ Florencia Rodr\u00edguez Giles, &#8220;Posesi\u00f3n&#8221;. <a href=\"http:\/\/www.ruthbenzacar.com\/\">Ruth Benzacar<\/a>, Florida 1000. Lun-Vie 11.30-20 hs. 16.03.-22.04.<\/li>\n<li><a href=\"http:\/\/www.leandrokatz.com\/\">Leandro Katz<\/a>, &#8220;A (Los alfabetos)&#8221;. <a href=\"http:\/\/11x7galeria.com\/\">Galer\u00eda 11&#215;7<\/a>, Libertad 1628. Lun-Vie 11.30-20, S\u00e1b 11.30-14 hs. Muestra inaugural. 16.03.-10.05.<\/li>\n<li>Emilio Reato, &#8220;Hormig\u00f3n&#8221;, pinturas. <a href=\"http:\/\/www.masottatorres.com.ar\/\">MasottaTorres Arte Contempor\u00e1neo<\/a>, M\u00e9xico 459, San Telmo. Lun-Vie 14-20 hs. 17.03.-06.05.<\/li>\n<li>Pachi Almeyda, pinturas. Insight Arte, Arenales 1239 (Rue des Artisans), PB. 17.03.-30.04.<\/li>\n<li>Sany Pereyra Iraola, &#8220;Secreto de tramas&#8221;. \/ Jeannette von Gerstenberg, &#8220;Tramas de secreto&#8221;. <a href=\"http:\/\/www.roart.com.ar\/\">RO Galer\u00eda de Arte<\/a>, Paran\u00e1 1158. Lun-Vie 14-20 hs. Desde 18.03.<\/li>\n<li>&#8220;Louise Bourgeois: el retorno de lo reprimido&#8221;. Curador: Philip Larratt-Smith. <a href=\"http:\/\/www.proa.org\/esp\/\">Fundaci\u00f3n Proa<\/a>, Av. Pedro de Mendoza 1929. Mar-Dom 11-19 hs. Entrada $ 10.-, estudiantes $ 6.-, jubilados $ 4.-. 19.03.-19.06.<\/li>\n<li>Marcos Acosta, pinturas. Del Infinito Arte, Av. Quintana 325, PB. Lun-Vie 11-20 hs. 22.03.-21.04.<\/li>\n<li>Luis Camnitzer, &#8220;Memorial&#8221;. Sala &#8220;PAyS&#8221;, <a href=\"http:\/\/www.parquedelamemoria.org.ar\/\">Parque de la Memoria<\/a>, Av. Costanera Norte, Rafael Obligado 6745. Lun-Vie 10-17 Uhr. Entrada libre. 26.03.-26.06.<\/li>\n<li>Carlos Masoch y Marcelo Bordese, pinturas. <a href=\"http:\/\/www.upsgallery.com.ar\/\">Ups! Art Gallery<\/a>, Av Santa Fe 2729, piso 1, local 43. Mar-S\u00e1b 15-20 hs. 29.03.-31.05.<\/li>\n<li>&#8220;Estado de la materia II&#8221;, obras de Baltar, Cabutti, Piffer, Porter, Valansi. Curadora: Mercedes Casanegra. <a href=\"http:\/\/www.fundacionfjklemm.org\/\">Fundaci\u00f3n Federico Jorge Klemm<\/a>, Marcelo T. de Alvear 626. Lun-Vie 11-20 hs. 05.04.-05.05.<\/li>\n<li>Renzo Lencioni, t\u00e9cnicas mixtas. Atica, Libertad 1240, PB &#8220;9&#8221;. Lun-Vie 11-13 y 15-20, S\u00e1b 11-13.30 hs. 05.04.-30.04.<\/li>\n<li>&#8220;La Villa. Dignidad y Miseria&#8221;, fotograf\u00edas que documentan m\u00e1s de un siglo de precariedad habitacional en Argentina. Curadores: Cecilia Cavanagh, Abel Alexander. <a href=\"http:\/\/www.uca.edu.ar\/index.php\/home\/index\/es\/universidad\/extensi-n\/pabellon-de-las-bellas-artes\">Pabell\u00f3n de las Bellas Artes de la UCA<\/a>, Alicia M. de Justo 1300, PB, Puerto Madero. Mar-S\u00e1b 11-19 hs. Entrada libre y gratuita. 07.04.-15.05.<\/li>\n<li>Mirta Kupferminc, &#8220;En la palma de mi mano&#8221;. Original M\u00faltiple, Venezuela 468. Desde 07.04. 15.04., 14 hs, video conferencia en vivo, entre la artista y el escritor y cr\u00edtico ingl\u00e9s especialista en obra gr\u00e1fica Richard Noyce, en la galer\u00eda.<\/li>\n<li>Natalia Mar\u00edn, &#8220;Cer\u00e1mica Precolombina, Una visi\u00f3n contempor\u00e1nea&#8221;. <a href=\"http:\/\/www.museohernandez.buenosaires.gob.ar\/\">Museo de Arte Popular Jos\u00e9 Hern\u00e1ndez<\/a>, Av. del Libertador 2373. Mi\u00e9-Vie 13-19, S\u00e1b, Dom y feriados 10-20 hs. Entrada $1, Dom gratis. Inauguraci\u00f3n: 13.04., 19 hs. Hasta 15.05.<\/li>\n<li>Naum Goijman, &#8220;El Secreto mejor guardado. Telas Prehist\u00f3ricas y papeles del futuro&#8221;. Curador: Elio Kapszuk. Espacio de Arte AMIA, Pasteur 633. Lun-Jue 10-18, Vie 10-16 hs. Entrada libre. Inauguraci\u00f3n: 13.04., 19 hs. Hasta 29.05.<\/li>\n<li>&#8220;Sinagogas de Lituania&#8221;, fotos. Muestra organizada por la Sindicatura General de la Naci\u00f3n, la DAIA y la Embajada de Lituania en ocasi\u00f3n de la visita a la Argentina de la Vicecanciller de la Rep\u00fablica de Lituania, Asta Skaisgiryt\u00e9-Liau\u0161kien\u00e9. SIGEN, Av. Corrientes 389, 1\u00ba piso. Inauguraci\u00f3n: 13.04., 19.30 hs.<\/li>\n<li>&#8220;Maestros y Contempor\u00e1neos&#8221;, obras de Rub\u00e9n Baima, Juan Carlos Castagnino, Ra\u00fal Conti, Vicente Forte, Claudio Gorrochategui, Dario Mastrosimone, Cesar Novelletto, entre otros. <a href=\"http:\/\/www.galeriamediterranea.com.ar\/\">Galer\u00eda Mediterr\u00e1nea<\/a>, Pacheco 2380 &#8211; Altura Monroe 4900. Lun-Vie 10-20.30, S\u00e1b 10-17 hs. Inauguraci\u00f3n: 13.04., 19-22 hs. Hasta 13.05.<\/li>\n<li>Juan Bec\u00fa y Juan Jos\u00e9 Cambre, &#8220;Prisma&#8221;. <a href=\"http:\/\/www.galeriavasari.com.ar\/\">Galer\u00eda Vasari<\/a>, Esmeralda 1357. Lun-Vie 11-20 hs. Inauguraci\u00f3n: 14.04., 19 hs. Hasta 14.05.<\/li>\n<li>Expo Tec en Arte III. Obras de Melisa Bay, Iv\u00e1n Kozenitzky, Mar\u00eda Lorena Kaethner, Nick Mahshie, Colectivo metaphorarq &#8211; Bruno Rota, Christian D\u00edaz, Joaqu\u00edn Fargas, Daniel Fischer, Natalia Rizzo y Dar\u00edo Sacco. Selecci\u00f3n: Patricia Hakim. Espacio Fundaci\u00f3n Telef\u00f3nica, Arenales 1540. Inauguraci\u00f3n y performances: 19.04., 19 hs. Hasta 11.06.<\/li>\n<\/ul>\n","protected":false},"excerpt":{"rendered":"<p>Klicken Sie hier, um die deutsche Version zu lesen. Agenda de Muestras 09\/04\/11-16\/04\/11 Por Susanne Franz El jueves 7 de abril se inaugur\u00f3 en el Pabell\u00f3n de las Bellas Artes de la UCA la muestra de fotograf\u00edas &#8220;La Villa. Dignidad y Miseria&#8221;, una selecci\u00f3n de im\u00e1genes que documenta m\u00e1s de un siglo de precariedad habitacional, [&hellip;]<\/p>\n","protected":false},"author":1,"featured_media":0,"comment_status":"open","ping_status":"open","sticky":false,"template":"","format":"standard","meta":{"footnotes":""},"categories":[3],"tags":[],"class_list":["post-6784","post","type-post","status-publish","format-standard","hentry","category-kalender-agenda"],"_links":{"self":[{"href":"https:\/\/kunstinargentinien.com\/index.php\/wp-json\/wp\/v2\/posts\/6784","targetHints":{"allow":["GET"]}}],"collection":[{"href":"https:\/\/kunstinargentinien.com\/index.php\/wp-json\/wp\/v2\/posts"}],"about":[{"href":"https:\/\/kunstinargentinien.com\/index.php\/wp-json\/wp\/v2\/types\/post"}],"author":[{"embeddable":true,"href":"https:\/\/kunstinargentinien.com\/index.php\/wp-json\/wp\/v2\/users\/1"}],"replies":[{"embeddable":true,"href":"https:\/\/kunstinargentinien.com\/index.php\/wp-json\/wp\/v2\/comments?post=6784"}],"version-history":[{"count":30,"href":"https:\/\/kunstinargentinien.com\/index.php\/wp-json\/wp\/v2\/posts\/6784\/revisions"}],"predecessor-version":[{"id":6891,"href":"https:\/\/kunstinargentinien.com\/index.php\/wp-json\/wp\/v2\/posts\/6784\/revisions\/6891"}],"wp:attachment":[{"href":"https:\/\/kunstinargentinien.com\/index.php\/wp-json\/wp\/v2\/media?parent=6784"}],"wp:term":[{"taxonomy":"category","embeddable":true,"href":"https:\/\/kunstinargentinien.com\/index.php\/wp-json\/wp\/v2\/categories?post=6784"},{"taxonomy":"post_tag","embeddable":true,"href":"https:\/\/kunstinargentinien.com\/index.php\/wp-json\/wp\/v2\/tags?post=6784"}],"curies":[{"name":"wp","href":"https:\/\/api.w.org\/{rel}","templated":true}]}}