{"id":687,"date":"2006-09-16T00:47:59","date_gmt":"2006-09-16T03:47:59","guid":{"rendered":"http:\/\/kunstinargentinien.com\/index.php\/2006\/09\/16\/kalender-agenda-31\/"},"modified":"2006-09-21T13:10:57","modified_gmt":"2006-09-21T16:10:57","slug":"kalender-agenda-31","status":"publish","type":"post","link":"https:\/\/kunstinargentinien.com\/index.php\/2006\/09\/16\/kalender-agenda-31\/","title":{"rendered":"Kalender \/ Agenda"},"content":{"rendered":"<p><a href=\"http:\/\/kunstinargentinien.com\/index.php\/2006\/09\/16\/agenda-kalender-24\/\">Click aqu\u00ed para leer la versi\u00f3n en castellano.<\/a><\/p>\n<p><strong>Ausstellungs-Kalender 16.09.06-23.09.06<\/strong><\/p>\n<div align=center><img decoding=\"async\" id=\"image689\" alt=roth2.jpg src=\"http:\/\/kunstinargentinien.com\/wp-content\/uploads\/2006\/09\/roth2.jpg\" \/><br \/>\n<em>Fotos von Pedro Roth bei Wussmann.<\/em><\/div>\n<p><em><strong>Ausstellungszentren<\/strong><\/em><\/p>\n<ul>\n<li>Centro Cultural Recoleta, Jun\u00edn 1930 (Di-Fr 14-21, Sa, So und feiertags 10-21 Uhr, Eintritt 1 Peso): Christian Montenegro &#8211; Cristian Turdera. \u201eEspacio Historieta\u201c-Saal. 8.9.-8.10. \/ Joan Brossa, \u201eDesde Barcelona al nuevo mundo\u201c. S\u00e4le 4, 5 und 6. 8.9.-16.10. \/ Lorena Cardona, \u201eOvaci\u00f3n\u201c, Video-Installation. Prometeus-Saal. 12.9.-8.10. \/ Diego Haboba, \u201eIdentidad y paranoia\u201c. Saal 12. 12.9.-8.10. \/ Malala Tiscornia, \u201eEn camino\u201c. S\u00e4le 1, 2 und 3. 12.9.-8.10. \/ \u201eEl Atlas de Borges\u201c. Saal C. 12.9.-8.10. \/ \u201eDesaparecidos &#8211; The Disappeared\u201c. Organisiert vom North Dakota Museum of Art. Cronopios-Saal. 12.9.-16.10. \/ Cristina Piceda, Skulpturen. Saal J. 12.9.-16.10.<\/li>\n<p><!--more--><\/p>\n<li>MALBA (Museo de Arte Latinoamericano de Buenos Aires), Av. Figueroa Alcorta 3415 (Do-Mo und feiertags 12-20 Uhr, Di geschlossen, Mi bis 21 Uhr, Eintritt frei. An anderen Tagen: Eintritt 10 Pesos, Lehrer und \u00fcber 65-J\u00e4hrige 5 Pesos, Studenten, Kinder unter 12 Jahren und Behinderte gratis): David Lamelas, \u201eTiempo como actividad (Buenos Aires, 2006\u201c, auf der Esplanade des Museums. 30.6.-November 2006. \/ \u201eContempor\u00e1neo 17. Iluminaciones\u201c, Werke von Matilde Mar\u00edn, Stella Maris und Karina Peisajovich. Gast-Kuratorin: Victoria Verlichak. 18.8.-2.10. \/ Alfredo Guttero (1882-1932), \u201eUn artista moderno en acci\u00f3n\u201c. Kurator: Marcelo Pacheco. 1.9.-30.10.<\/li>\n<li>Centro Cultural Borges, Viamonte\/San Mart\u00edn (Mo-Sa 11-21, So 12-21 Uhr): \u201eBrote 320\u201c, Installation von Yanina Szalkowicz, Mar\u00eda Guerrieri und Juliana Iriart. Im Rahmen des Zyklus \u201eBorges\/Contempor\u00e1neo\u201c. 5.9.-5.11. \/ \u201eEl atentado a las Torres Gemelas visto por los mejores fot\u00f3grafos del mundo\u201c. 7.9.-1.10.<\/li>\n<li>Museo Nacional de Bellas Artes (MNBA), Av. del Libertador 1473 (Di und Mi 12.30-19.30, Do und Fr 12.30-21, Sa 9.30-21, So 9.30-19.30 Uhr, Eintritt frei): Juan Carlos Liberti, Retrospektive. 22.8.-24.9. \/ \u201eLaxeiro en Buenos Aires\u201c. 6.9.-8.10. \/ Franco Fontana (Italien), Fotos. <strong>Im Rahmen des \u201eFestival de la Luz\u201c.<\/strong> 6.9.-29.10.<\/li>\n<li>Theater San Mart\u00edn, FotoGaler\u00eda, Av. Corrientes 1530 (Mo-Fr ab 11 Uhr, Sa und So ab 12 Uhr, bis Ende der Theatervorstellungen. Eintritt frei): <strong>Im Rahmen des \u201eFestival de la Luz\u201c:<\/strong> Tomasz Gudzowaty (Polen), Fotos. 3.8.-1.10. \/ Nicol\u00e1s Trombetta, Fotos. 5.9.-1.10.<\/li>\n<\/ul>\n<p><em><strong>Sonstige Ausstellungen<\/strong><\/em><\/p>\n<ul>\n<li>Jes\u00fas Rafael Soto (Venezuela), \u201eVisi\u00f3n en movimiento\u201d, Kuratorinnen: Tatiana Cuevas und Paola Santoscoy. Fundaci\u00f3n PROA, Av. Pedro de Mendoza 1929, La Boca. Eintritt 3 Pesos, Studenten 2 Pesos, Rentner 1 Peso. Di-So 11-19 Uhr. 13.6.-17.9.<\/li>\n<li>Leopoldo Presas, \u201eMuestra antol\u00f3gica, obras de colecci\u00f3n&#8221;. Museo de la Universidad de Tres de Febrero (MUNTREF), Valent\u00edn G\u00f3mez 4828\/38. Mo-Sa 11-20 Uhr. Eintritt frei. 28.6.-26.9.<\/li>\n<li>Matilde Mar\u00edn, \u201eDesplazamientos&#8221;. Fundaci\u00f3n Alon para las Artes, Viamonte 1465, 10. Stock. 19.7.-Ende September.<\/li>\n<li>Rosanna Salonia (Italien), \u201eUniversi&#8221;. <strong>Im Rahmen des \u201eFestival de la Luz&#8221;.<\/strong> Museo Benito Quinquela Mart\u00edn, Victorica-Saal, Av. Pedro de Mendoza 1835. Di-So 10.30-17.30 Uhr. 5.8.-30.9.<\/li>\n<li>Gerard Rondeau (Frankreich), Fotos. <strong>Im Rahmen des \u201eFestival de la Luz&#8221;.<\/strong> Alianza Francesa Zentrum, Av. C\u00f3rdoba 946; Alianza Francesa Palermo, Billinghurst 1926; Alianza Francesa Belgrano, 11 de Septiembre 950; Alianza Francesa Flores, Granaderos 61. 7.8.-30.9.<\/li>\n<li>Carlos Regazzoni, \u201eA la vuelta del Tour de France&#8221;, Gem\u00e4lde und Skulpturen. Galp\u00f3n 1-3, Av. del Libertador 405 Ecke Suipacha. 10.8.-20.9.<\/li>\n<li>M\u00f3nica Mill\u00e1n, Mart\u00edn Churba, \u201eLlueve, es de siesta&#8221;, Installation. Tramando, \u201eEspacio Vidriera&#8221;, Rodr\u00edguez Pe\u00f1a 1973. Mo-So 24 Stunden. 14.8.-17.9.<\/li>\n<li>Cristina Fraire, \u201eLa Vida Austera&#8221;, Fotos. <strong>Im Rahmen des \u201eFestival de la Luz&#8221;.<\/strong> La Biblioth\u00e8que, Uruguay 1223, Rote T\u00fcr. Mo-Fr 15-20 Uhr. 14.8.-30.9.<\/li>\n<li>Estela Pereda, \u201eTodo el azul del mar&#8221;, Installationen. Ecocentro Buenos Aires, Santa Fe 1860, 3. Stock (Grand Splendid). 16.8.-15.10.<\/li>\n<li>Javier Giordano, \u201eEl fin justifica los miedos&#8221;. <strong>Im Rahmen des \u201eFestival de la Luz&#8221;.<\/strong> \u201eCruce de Artes&#8221;, Tunnel unter der Av. del Libertador, H\u00f6he 3200, Ecke Av. Sarmiento. Mo-So 9-19 Uhr. 17.8.-24.9.<\/li>\n<li>\u201eGrupo Contraluz&#8221;, \u201eHay camino&#8221;, Fotos. <strong>Im Rahmen des \u201eFestival de la Luz&#8221;.<\/strong> EspacioFotogr\u00e1fico, Teatro de la Ribera, Av. Pedro de Mendoza 1821. Di-So 10-20, Mo 10-16 Uhr. 19.8.-Mitte Oktober.<\/li>\n<li>\u201eL\u00ednea de Cuatro (10 a\u00f1os despu\u00e9s)&#8221;, Zeichnungen von Carlos Carmona, Marcelo Mayorga, Jorge Meijide und Armando Sapia. Atica, Libertad 1240, PB \u201e9&#8243;. Mo-Fr 11-13 und 15-20, Sa 11-13.30 Uhr. 22.8.-16.9.<\/li>\n<li>\u201eQuir\u00f3s en Puerto Madero&#8221;, Werke von Ces\u00e1reo Bernaldo de Quir\u00f3s (1879-1968). In Zusammenarbeit mit der Galerie Zurbar\u00e1n. Pabell\u00f3n de las Bellas Artes, UCA, Av. Alicia Moreau de Justo 1300 (Ecke Azucena Villaflor). 24.8.-17.9.<\/li>\n<li>Ver\u00f3nica G\u00f3mez &#038; Laboratorios Baigorria S.A., \u201eEl Conejo, Estudios preliminarios&#8221;. Appetite, Venezuela 638. 25.8.-23.9.<\/li>\n<li>Leandro Katz, \u201eA los Pies de la Letra\u201c. Arcimboldo, Reconquista 761, PB 14. 28.8.-23.9.<\/li>\n<li>Rachel Lebenas, \u201eLa Vida, ese Eterno Milagro&#8221;, Werke 2006. Bolsa de Comercio de Buenos Aires, 25 de Mayo 359, P.B. Seit 28.8.<\/li>\n<li>Duilio Pierri, Werke 1970-2006. Zavaleta Lab, Arroyo 872. 30.8.-22.9.<\/li>\n<li>Stella Sidi, \u201eParadoja&#8221;, Zeichnungen, visuelle und Klang-Installation, K\u00fcnstlerbuch. Crimson, Francisco Acu\u00f1a de Figueroa 1800. Mo-Fr 12-20 Uhr. 5.9.-24.9.<\/li>\n<li>Celina Saubidet, \u201eCorazonada&#8221;, Skulpturen. Elsi del Rio, Ar\u00e9valo 1748, Palermo Hollywood. Di-Fr 15-20, Sa 11-14 Uhr. 5.9.-14.10.<\/li>\n<li>Diego Alexandre, Installation. Lila Mitre Espacio de Arte, Guido 1568. Mo-Fr 10.30-20 Uhr. 6.9.-20.10.<\/li>\n<li>\u201eArte y Nuevas Tecnolog\u00edas&#8221;, vom Museo de Arte Moderno MAMBA und der Stiftung Fundaci\u00f3n Telef\u00f3nica verliehene Preise. Espacio Fundaci\u00f3n Telef\u00f3nica, Arenales 1540. 7.9.-22.10.<\/li>\n<li>Mario Gurfein, \u201eDevelaciones&#8221;. Daniel Maman Fine Art, Av. del Libertador 2475. Seit 7.9.<\/li>\n<li>Mar\u00eda Esther Joao, Gem\u00e4lde und Installationen. Galer\u00eda Holz, Arroyo 862. Mo-Fr 10-20, Sa 10-14 Uhr. 7.9.-3.10.<\/li>\n<li>Verena Viegener, \u201eEsp\u00edritu Patag\u00f3nico&#8221;, Gem\u00e4lde \/ Nelson Radice, \u201eBarcos&#8221;, Gem\u00e4lde. Espacio AG, Marcelo T. de ALvear 1175. Mo-Fr 10-20 Uhr. 7.9.-3.10.<\/li>\n<li>Mar\u00eda Rosa Andreotti, \u201e\u00bfqu\u00e9 pasa si&#8230;?&#8221;. Im Rahmen des Zyklus \u201eEnfoque 34&#8243;. Kurator: Diego Perrotta. FM La Tribu, Lambar\u00e9 873 (zwischen Sarmiento und Potos\u00ed). 7.9.-29.9.<\/li>\n<li>Luciana Lamothe, Installation. Alberto Sendr\u00f3s, Pasaje Tres Sargentos 359. Seit 7.9.<\/li>\n<li>Julio Alan Lepez, \u201eCart\u00f3n Lleno&#8221;. RO Galer\u00eda de Arte, Paran\u00e1 1158. Mo-Fr 10-20 Uhr. Seit 8.9.<\/li>\n<li>Felipe Gim\u00e9nez, \u201eGente como uno&#8221;, Gem\u00e4lde und Objekte. Wussmann, Venezuela 570. 9.9.-26.10.<\/li>\n<li>Marcia Schvartz, \u201eJoven pintora&#8221;. Museo S\u00edvori, Av. Infanta Isabel 555. 9.9.-15.10.<\/li>\n<li>\u201e15 BERTANI 15&#8243;. Gleichzeitig in den Galerien Zurbar\u00e1n, Cerrito 1522, und Colecci\u00f3n Alvear de Zurbar\u00e1n, Av. Alvear 1658. Seit 11.9.<\/li>\n<li>\u201eCinco Miradas&#8221;, Werke von Gerardo Feldstein, Claudio Gallina, Cynthia Jakob, Omar Panosetti, Laura Varangot. Centro Cultural de la Cooperaci\u00f3n, \u201eEspacio 1\u00baSS&#8221;, Av. Corrientes 1543. Mo-Sa 10-22, So 17-20.30 Uhr. Seit 11.9.<\/li>\n<li>\u201eHombre, Mujer y Rito&#8221;, Fotoausstellung von Gustavo Dimario, Tatiana Parcero und Anabel Vanoni. Kurator: Julio S\u00e1nchez. Agalma.Arte, Libertad 1389. Mo-Fr 12-20, Sa 11-13.30 Uhr. 12.9.-30.9.<\/li>\n<li>Luisa Gonzalez, \u201eTranse\u00fantes&#8221;, Gem\u00e4lde. Fundaci\u00f3n Mundo Nuevo, Callao 1870, P.B. Mo-Fr 11-19 Uhr. 12.9.-1.10.<\/li>\n<li>Liliana Rothschild, Assemblagen und Mischtechniken. \u201eDirecci\u00f3n de Cultura Quinta El Omb\u00fa&#8221;, Av. del Libertador 600, San Fernando. Mo-Fr 9.30-18.30, Sa 13-18 Uhr. 12.9.-21.9.<\/li>\n<li>\u201eSistema natural&#8221;, Werke von Irene Banchero, Marcela Cabutti, Simone Ewerle, Eliana Heredia, Elisa O&#8217;Farrell, Alita Olivari, Ver\u00f3nica Romano, Daniel Trama, Mariela Yeregui. Kurator: Marcelo de la Fuente. Fondo Nacional de las Artes, Alsina 673. Mo-Fr 10-18 Uhr. 13.9.-4.10.<\/li>\n<li>Eduardo Medici, \u201eyo, la peor de todas&#8221;, Gem\u00e4lde, Zeichnungen, Fotografien. Galer\u00eda Rubbers, Av. Alvear 1595. Mo-Fr 11-20, Sa 11-13.30 Uhr. 14.9.-7.10.<\/li>\n<li>Leo Matiz, (Kolumbien), Fotos. Kuratorin: Leila Makarius. <strong>Im Rahmen des \u201eFestival de la Luz\u201c.<\/strong> Museo de Arte Hispanoamericano &#8216;Isaac Fern\u00e1ndez Blanco&#8217;, Suipacha 1422. 14.9.-22.10.<\/li>\n<li>Mar\u00eda Juana Heras Velasco, Skulpturen. Empat\u00eda, Carlos Pellegrini 1255. Seit 14.9.<\/li>\n<li>Pedro Roth, \u201eLas cuatro estaciones\u201c, Fotos. <strong>Im Rahmen des \u201eFestival de la Luz\u201c.<\/strong> Galer\u00eda Wussmann, Venezuela 570, P.A. Seit 15.9.<\/li>\n<li>Daniel Herce, \u201eTe quiero\u201c, Gem\u00e4lde 2004\/2006. El Borde, Uriarte 1356. Mo-Sa 14-20 Uhr. 15.9.-14.10.<\/li>\n<li>Diego Perrotta, \u201eCiudad del milagro\u201c, Gem\u00e4lde und Zeichnungen. Museo Provincial de Artes, 9 de Julio y Villegas, Santa Rosa, Prov. La Pampa. 15.9.-8.10.<\/li>\n<li>\u201eRosh Hashan\u00e1 Urbano &#8211; 5767 Deseos para un Mundo Mejor\u201c (Rosh Hashana Stadtfest &#8211; 5767 W\u00fcnsche f\u00fcr eine bessere Welt), Live-Shows, Musik, Rundg\u00e4nge durch Galerien, Kulinarisches. Organisiert von Victor Najmias &#038; YOK. Plaza Armenia\/Costa Rica, Stadtteil Palermo. 16. und 17.9., 13-19 Uhr.<\/li>\n<li>\u201e2SAR\/06\u201c (Segunda Semana del Arte Rosario &#8211; Zweite Kunstwoche in Rosario), MACRO (Museo de Arte Contempor\u00e1neo de Rosario), Museo Municipal de Bellas Artes &#8216;J.B. Castagnino&#8217;, 40 Galerien, 35 Interventionen im Stadtraum. Informationen: <a href=\"http:\/\/www.macromuseo.org.ar\/2sar06\/\">www.macromuseo.org.ar\/2sar06<\/a>. 18.9.-24.9. (22.9. lange Museumsnacht.)<\/li>\n<li>Carlos Carmona, Zeichnungen. Atica, Libertad 1240, PB 9. Mo-Fr 11-13 und 15-20, Sa 11-13.30 Uhr. 19.9.-14.10.<\/li>\n<li>Felipe Pino, Retrospektive. Pabell\u00f3n de las Bellas Artes, UCA, Av. Alicia Moreau de Justo 1300. Er\u00f6ffnung: 20.9., 18.30 Uhr.<\/li>\n<li>Andrea Cavagnaro, \u201eJard\u00edn&#8221;, Installation. (Sound-Ambientation: Mari\u00e1ngeles Fern\u00e1ndez Rajoy.) Galer\u00eda Rosa Chancho, Dorrego 1573. Mo-Fr 11-19, Sa 13-18 Uhr. Er\u00f6ffnung: 26.9., 19 Uhr. Bis 31.10.<\/li>\n<li>\u201eEl ojo de Ibsen\u201c, Wanderausstellung anl\u00e4sslich des 100. Todestages des norwegischen Dramatikers Henrik Ibsen. Werkfragmente, Illustrationen, Fotos, u.a. Theater San Mart\u00edn, Eingangshalle des Casacuberta-Saals, Av. Corrientes 1530. Di-So 17 Uhr bis Ende der letzten Theatervorstellung. Eintritt frei. Er\u00f6ffnung: 3.10., 20 Uhr. Bis 15.10.<\/li>\n<\/ul>\n","protected":false},"excerpt":{"rendered":"<p>Click aqu\u00ed para leer la versi\u00f3n en castellano. Ausstellungs-Kalender 16.09.06-23.09.06 Fotos von Pedro Roth bei Wussmann. Ausstellungszentren Centro Cultural Recoleta, Jun\u00edn 1930 (Di-Fr 14-21, Sa, So und feiertags 10-21 Uhr, Eintritt 1 Peso): Christian Montenegro &#8211; Cristian Turdera. \u201eEspacio Historieta\u201c-Saal. 8.9.-8.10. \/ Joan Brossa, \u201eDesde Barcelona al nuevo mundo\u201c. S\u00e4le 4, 5 und 6. 8.9.-16.10. [&hellip;]<\/p>\n","protected":false},"author":1,"featured_media":0,"comment_status":"open","ping_status":"open","sticky":false,"template":"","format":"standard","meta":{"footnotes":""},"categories":[3],"tags":[],"class_list":["post-687","post","type-post","status-publish","format-standard","hentry","category-kalender-agenda"],"_links":{"self":[{"href":"https:\/\/kunstinargentinien.com\/index.php\/wp-json\/wp\/v2\/posts\/687","targetHints":{"allow":["GET"]}}],"collection":[{"href":"https:\/\/kunstinargentinien.com\/index.php\/wp-json\/wp\/v2\/posts"}],"about":[{"href":"https:\/\/kunstinargentinien.com\/index.php\/wp-json\/wp\/v2\/types\/post"}],"author":[{"embeddable":true,"href":"https:\/\/kunstinargentinien.com\/index.php\/wp-json\/wp\/v2\/users\/1"}],"replies":[{"embeddable":true,"href":"https:\/\/kunstinargentinien.com\/index.php\/wp-json\/wp\/v2\/comments?post=687"}],"version-history":[{"count":0,"href":"https:\/\/kunstinargentinien.com\/index.php\/wp-json\/wp\/v2\/posts\/687\/revisions"}],"wp:attachment":[{"href":"https:\/\/kunstinargentinien.com\/index.php\/wp-json\/wp\/v2\/media?parent=687"}],"wp:term":[{"taxonomy":"category","embeddable":true,"href":"https:\/\/kunstinargentinien.com\/index.php\/wp-json\/wp\/v2\/categories?post=687"},{"taxonomy":"post_tag","embeddable":true,"href":"https:\/\/kunstinargentinien.com\/index.php\/wp-json\/wp\/v2\/tags?post=687"}],"curies":[{"name":"wp","href":"https:\/\/api.w.org\/{rel}","templated":true}]}}