{"id":6935,"date":"2011-04-24T07:25:32","date_gmt":"2011-04-24T10:25:32","guid":{"rendered":"http:\/\/kunstinargentinien.com\/?p=6935"},"modified":"2011-04-30T19:54:07","modified_gmt":"2011-04-30T22:54:07","slug":"deutscher-tag-auf-der-buchmesse","status":"publish","type":"post","link":"https:\/\/kunstinargentinien.com\/index.php\/2011\/04\/24\/deutscher-tag-auf-der-buchmesse\/","title":{"rendered":"Deutscher Tag auf der 37. Internationalen Buchmesse von Buenos Aires"},"content":{"rendered":"<p><a href=\"http:\/\/kunstinargentinien.com\/index.php\/2011\/04\/24\/diedrich-diederichsen-en-la-feria-del-libro\/\">Click aqu\u00ed para leer la versi\u00f3n en castellano.<\/a><\/p>\n<p><strong>Heute: Der Musik- und Kunstkritiker Diedrich Diederichsen stellt sein letztes in Argentinien erschienenes Buch vor<\/strong><\/p>\n<p><a href=\"http:\/\/kunstinargentinien.com\/wp-content\/uploads\/2011\/04\/didi2.jpg\"><img loading=\"lazy\" decoding=\"async\" src=\"http:\/\/kunstinargentinien.com\/wp-content\/uploads\/2011\/04\/didi2.jpg\" alt=\"\" title=\"didi2\" width=\"250\" height=\"188\" class=\"alignleft size-full wp-image-7028\" \/><\/a>Vom 20. April bis 9. Mai 2011 findet im Messezentrum La Rural (Av. Sarmiento 2704) die <a href=\"http:\/\/www.el-libro.org.ar\/\">37. Internationale Buchmesse von Buenos Aires<\/a> statt. Im Rahmen des Deutschen Tages bieten das Goethe-Institut Buenos Aires in Zusammenarbeit mit der Frankfurter Buchmesse und der Deutschen Botschaft am Sonntag, dem 24. April, um 18.30 Uhr, im Victoria Ocampo-Saal (Zugang: allgemeine Eintrittskarte zur Buchmesse) die Veranstaltung &#8220;Gegenkulturen und Utopien in Kunst und Musik&#8221; an, in deren Rahmen der bekannte deutsche Musik- und Kunstkritiker Diedrich Diederichsen mit Pablo Schanton \u00fcber sein letztes in Argentinien ver\u00f6ffentlichtes Buch \u201cPsicodelia y ready-made\u201d (Adriana Hidalgo Editora, 2011) sprechen wird.<\/p>\n<p>Ebenfalls anwesend ist Cecilia Pav\u00f3n, verantwortlich f\u00fcr die Auswahl und \u00dcbersetzung der ver\u00f6ffentlichten Essays.<\/p>\n","protected":false},"excerpt":{"rendered":"<p>Click aqu\u00ed para leer la versi\u00f3n en castellano. Heute: Der Musik- und Kunstkritiker Diedrich Diederichsen stellt sein letztes in Argentinien erschienenes Buch vor Vom 20. April bis 9. Mai 2011 findet im Messezentrum La Rural (Av. Sarmiento 2704) die 37. Internationale Buchmesse von Buenos Aires statt. Im Rahmen des Deutschen Tages bieten das Goethe-Institut Buenos [&hellip;]<\/p>\n","protected":false},"author":1,"featured_media":0,"comment_status":"open","ping_status":"open","sticky":false,"template":"","format":"standard","meta":{"footnotes":""},"categories":[4],"tags":[],"class_list":["post-6935","post","type-post","status-publish","format-standard","hentry","category-tipp-der-woche-recomendacion-de-la-semana"],"_links":{"self":[{"href":"https:\/\/kunstinargentinien.com\/index.php\/wp-json\/wp\/v2\/posts\/6935","targetHints":{"allow":["GET"]}}],"collection":[{"href":"https:\/\/kunstinargentinien.com\/index.php\/wp-json\/wp\/v2\/posts"}],"about":[{"href":"https:\/\/kunstinargentinien.com\/index.php\/wp-json\/wp\/v2\/types\/post"}],"author":[{"embeddable":true,"href":"https:\/\/kunstinargentinien.com\/index.php\/wp-json\/wp\/v2\/users\/1"}],"replies":[{"embeddable":true,"href":"https:\/\/kunstinargentinien.com\/index.php\/wp-json\/wp\/v2\/comments?post=6935"}],"version-history":[{"count":12,"href":"https:\/\/kunstinargentinien.com\/index.php\/wp-json\/wp\/v2\/posts\/6935\/revisions"}],"predecessor-version":[{"id":7029,"href":"https:\/\/kunstinargentinien.com\/index.php\/wp-json\/wp\/v2\/posts\/6935\/revisions\/7029"}],"wp:attachment":[{"href":"https:\/\/kunstinargentinien.com\/index.php\/wp-json\/wp\/v2\/media?parent=6935"}],"wp:term":[{"taxonomy":"category","embeddable":true,"href":"https:\/\/kunstinargentinien.com\/index.php\/wp-json\/wp\/v2\/categories?post=6935"},{"taxonomy":"post_tag","embeddable":true,"href":"https:\/\/kunstinargentinien.com\/index.php\/wp-json\/wp\/v2\/tags?post=6935"}],"curies":[{"name":"wp","href":"https:\/\/api.w.org\/{rel}","templated":true}]}}