{"id":6989,"date":"2011-04-30T13:45:30","date_gmt":"2011-04-30T16:45:30","guid":{"rendered":"http:\/\/kunstinargentinien.com\/?p=6989"},"modified":"2011-05-09T18:14:20","modified_gmt":"2011-05-09T21:14:20","slug":"agenda-kalender-262","status":"publish","type":"post","link":"https:\/\/kunstinargentinien.com\/index.php\/2011\/04\/30\/agenda-kalender-262\/","title":{"rendered":"Agenda \/ Kalender"},"content":{"rendered":"<p><a href=\"http:\/\/kunstinargentinien.com\/index.php\/2011\/04\/30\/kalender-agenda-269\/\">Klicken Sie hier, um die deutsche Version zu lesen.<br \/>\n<\/a><br \/>\n<strong>Agenda de Muestras 30\/04\/11-07\/05\/11<\/p>\n<p><em>Por Susanne Franz<\/em><\/strong><\/p>\n<p><a href=\"http:\/\/kunstinargentinien.com\/wp-content\/uploads\/2011\/04\/fase3.jpg\"><img loading=\"lazy\" decoding=\"async\" src=\"http:\/\/kunstinargentinien.com\/wp-content\/uploads\/2011\/04\/fase3.jpg\" alt=\"\" title=\"eflyer baremboin\" width=\"250\" height=\"171\" class=\"alignleft size-full wp-image-7000\" \/><\/a>El 5 de mayo a las 19 se inaugurar\u00e1 en el <a href=\"http:\/\/centroculturalrecoleta.org\/ccr-sp\/\">Centro Cultural Recoleta<\/a> &#8220;Fase 3 &#8211; Encuentro de Arte y Tecnolog\u00eda&#8221;. &#8220;Fase&#8221; es una anual de artistas e instituciones p\u00fablicas y privadas de Argentina y del exterior que trabajan, investigan y desarrollan temas de experimentaci\u00f3n fotogr\u00e1fica y audiovisual, nuevas tecnolog\u00edas, arte digital, animaci\u00f3n, arte virtual, arte en Internet, videojuegos, rob\u00f3tica y biotecnolog\u00eda, tanto en sus aspectos high como low tech. &#8220;Fase 3&#8221;, que se realizar\u00e1 bajo el lema &#8220;Zona de Prueba&#8221;, transformar\u00e1 al Centro Cultural Recoleta durante 4 d\u00edas en una plataforma de prueba y experimentaci\u00f3n y propondr\u00e1 como eje de esta edici\u00f3n el arte como proceso con elecciones constantes a trav\u00e9s de la prueba y el error.<\/p>\n<p>Bajo la direcci\u00f3n de Pelusa Borthwick, con idea y producci\u00f3n de Marcela Andino y Patricia Moreira, &#8220;Fase 3&#8221; tendr\u00e1 como curadora general a Graciela Taquini, mientras Rodrigo Alonso ser\u00e1 curador del Auditorio. La muestra estar\u00e1 integrada por intervenciones art\u00edsticas, performances y actividades ef\u00edmeras de car\u00e1cter tecnol\u00f3gico, programas audiovisuales (cine, video, etc.), videojuego como forma art\u00edstica, espect\u00e1culos y m\u00fasica. Adem\u00e1s, habr\u00e1 encuentros de reflexi\u00f3n, charlas, debates, mesas redondas y talleres.<\/p>\n<p>Las muestras de la semana:<!--more--><\/p>\n<p><strong><em>Centros de exposiciones<\/em><\/strong><\/p>\n<ul>\n<li><a href=\"http:\/\/www.malba.org.ar\/web\/\">Malba<\/a> (Museo de Arte Latinoamericano de Buenos Aires), Av. Figueroa Alcorta 3415 (Jue-Lun y feriados 12-20 hs, Mi\u00e9 hasta 21 hs, Mar cerrado. Entrada 22 pesos, docentes, jubilados y estudiantes 11 pesos, menores de 5 a\u00f1os sin cargo. Mi\u00e9: Entrada 10 pesos, docentes y jubilados 5 pesos, estudiantes sin cargo): &#8220;Papeles modernos. De Toulouse-Lautrec a Picasso&#8221;. Obras de la Colecci\u00f3n del Museo Nacional de Bellas Artes. Curador invitado: \u00c1ngel Navarro. Sala 5, 2\u00ba piso. 17.03.-23.05.<\/li>\n<li><a href=\"http:\/\/www.museodeartemoderno.buenosaires.gob.ar\/mam2.htm\">Museo de Arte Moderno de Buenos Aires<\/a> (MAMba), San Juan 350 (Lun-Vie 12-19, S\u00e1b, Dom y feriados 11-20 hs, Entrada $ 1, martes gratis): &#8220;Donaciones de los a\u00f1os sesenta: Ambrossini \/ Gim\u00e9nez \/ Messil \/ Stoppani \/ Trotta&#8221;. Desde 13.04.<\/li>\n<li><a href=\"http:\/\/centroculturalrecoleta.org\/ccr-sp\/\">Centro Cultural Recoleta<\/a>, Jun\u00edn 1930 (Lun-Vie 14-21, S\u00e1b, Dom y feriados 10-21 hs. Entrada libre): Rip Tamara, &#8220;R.I.P. Rip, Hurra!&#8221;. Instalaci\u00f3n escult\u00f3rica en base a donaciones de pieles animales y otros materiales reciclados. Tamara: &#8220;Las pieles hoy d\u00eda est\u00e1n muy mal vistas, pero mucha gente las tiene. La culpa hace que nadie las use, y que tampoco nadie las tire. Est\u00e1n de recuerdos de abuelas en el fondo de los placards, hermosas y estancadas\u2026 La idea de volverlos a transformar en animales otra vez gener\u00f3 que recibiera de gente cercana muchas pieles\u2026 y m\u00e1s de las que esperaba.&#8221; Microespacio. 12.04.-30.04. \/ &#8220;Fase 3 &#8211; Encuentro de Arte y Tecnolog\u00eda&#8221;. Inauguraci\u00f3n: 05.05., 19 hs. Hasta 08.05.<\/li>\n<li><a href=\"http:\/\/www.centrocultural.coop\/\">Centro Cultural de la Cooperaci\u00f3n<\/a>, Av. Corrientes 1543 (Lun-S\u00e1b 10-22, Dom 17-20.30 hs): &#8220;Legados humanistas&#8221;, obras de los artistas cubanos Iv\u00e1n Cepeda Garc\u00eda, Alexei Ramirez Serrano, Juan Jos\u00e9 Miranda Hern\u00e1ndez, Carlos Manuel C\u00e9spedes, Alexander Guerra, Ernesto Santiago Rojas. Sala Ra\u00fal Lozza y Sala 1. Hasta 02.05. \/ Daniela Mastrandrea, &#8220;Ciudad Arena&#8221;. Curadores: Sabrina D\u00edaz\/Alberto Giudici. Sala Abraham Vigo. Hasta 02.05.<\/li>\n<li>Museo Eduardo S\u00edvori, Av. Infanta Isabel 555, frente al puente del Rosedal (Mar-Vie 12-20, S\u00e1b, Dom y feriados 10-20 hs. Entrada $ 1, Mi\u00e9 y S\u00e1b gratis): &#8220;LV Sal\u00f3n de Artes Pl\u00e1sticas &#8216;Manuel Belgrano'&#8221;. Desde 19.03.<\/li>\n<li><a href=\"http:\/\/www.museolarreta.buenosaires.gob.ar\/\">Museo Enrique Larreta<\/a>, Juramento 2291 (Lun-Vie 13-19, S\u00e1b, Dom y feriados 10-20 hs. Entrada $ 1, Jue gratis. <a href=\"http:\/\/kunstinargentinien.com\/index.php\/2007\/01\/15\/paseo-en-el-paraiso\/\">Jard\u00edn Andaluz<\/a>: Lun-Vie 9-12.30 hs y en el horario del museo. Visitas guiadas al jard\u00edn: Primer s\u00e1bado de cada mes a las 15 y a las 17 hs. Pr\u00f3xima visita: 07.05.): &#8220;Lazos subterr\u00e1neos. May\u00f3licas andaluzas en el subte porte\u00f1o&#8221;, muestra fotogr\u00e1fica. 08.04.-08.05.<\/li>\n<li>Museo Casa de Yrurtia, O&#8217;Higgins 2390 (Mar-Vie 13-19, S\u00e1b y Dom 15-19 hs. Lunes cerrado, Martes gratis): Luc\u00eda Pacenza, Graciela Ieger, Dalmiro Sirabo, esculturas. Curadora: Pelusa Borthwick. Inauguraci\u00f3n: 30.04., 16.30 hs.<\/li>\n<\/ul>\n<p><em><strong>Otras exposiciones<\/strong><\/em><\/p>\n<ul>\n<li>&#8220;Argentina y Alemania en el Caleidoscopio&#8221;, exposici\u00f3n de fotos de gran tama\u00f1o que muestran, de un modo colorido y l\u00fadico, algunos de los rasgos m\u00e1s caracter\u00edsticos de ambos pa\u00edses. <a href=\"http:\/\/www.buenos-aires.diplo.de\/Vertretung\/buenosaires\/es\/Startseite.html\">Embajada de Alemania<\/a>, sobre la calle Luis Mar\u00eda Campos entre Olleros y Gorostiaga. Desde 23.11.<\/li>\n<li>Ra\u00fal Farco, &#8220;En la piel del otro&#8221;, esculturas. Curador: Elio Kapszuk. &#8220;Paseo de las Esculturas&#8221;, Plaza Rub\u00e9n Dar\u00edo, Austria entre Av. del Libertador y Figueroa Alcorta. Desde 12.01.<\/li>\n<li><a href=\"http:\/\/www.leandrokatz.com\/\">Leandro Katz<\/a>, &#8220;A (Los alfabetos)&#8221;. <a href=\"http:\/\/11x7galeria.com\/\">Galer\u00eda 11&#215;7<\/a>, Libertad 1628. Lun-Vie 11.30-20, S\u00e1b 11.30-14 hs. Muestra inaugural. 16.03.-10.05.<\/li>\n<li>Emilio Reato, &#8220;Hormig\u00f3n&#8221;, pinturas. <a href=\"http:\/\/www.masottatorres.com.ar\/\">MasottaTorres Arte Contempor\u00e1neo<\/a>, M\u00e9xico 459, San Telmo. Lun-Vie 14-20 hs. 17.03.-06.05.<\/li>\n<li>&#8220;Louise Bourgeois: el retorno de lo reprimido&#8221;. Curador: Philip Larratt-Smith. <a href=\"http:\/\/www.proa.org\/esp\/\">Fundaci\u00f3n Proa<\/a>, Av. Pedro de Mendoza 1929. Mar-Dom 11-19 hs. Entrada $ 10.-, estudiantes $ 6.-, jubilados $ 4.-. 19.03.-19.06.<\/li>\n<li>Luis Camnitzer, &#8220;Memorial&#8221;. Sala &#8220;PAyS&#8221;, <a href=\"http:\/\/www.parquedelamemoria.org.ar\/\">Parque de la Memoria<\/a>, Av. Costanera Norte, Rafael Obligado 6745. Lun-Vie 10-17 Uhr. Entrada libre. 26.03.-26.06.<\/li>\n<li>Carlos Masoch y Marcelo Bordese, pinturas. <a href=\"http:\/\/www.upsgallery.com.ar\/\">Ups! Art Gallery<\/a>, Av Santa Fe 2729, piso 1, local 43. Mar-S\u00e1b 15-20 hs. 29.03.-31.05.<\/li>\n<li>&#8220;Estado de la materia II&#8221;, obras de Baltar, Cabutti, Piffer, Porter, Valansi. Curadora: Mercedes Casanegra. <a href=\"http:\/\/www.fundacionfjklemm.org\/\">Fundaci\u00f3n Federico Jorge Klemm<\/a>, Marcelo T. de Alvear 626. Lun-Vie 11-20 hs. 05.04.-05.05.<\/li>\n<li>&#8220;La Villa. Dignidad y Miseria&#8221;, fotograf\u00edas que documentan m\u00e1s de un siglo de precariedad habitacional en Argentina. Curadores: Cecilia Cavanagh, Abel Alexander. <a href=\"http:\/\/www.uca.edu.ar\/index.php\/home\/index\/es\/universidad\/extensi-n\/pabellon-de-las-bellas-artes\">Pabell\u00f3n de las Bellas Artes de la UCA<\/a>, Alicia M. de Justo 1300, PB, Puerto Madero. Mar-S\u00e1b 11-19 hs. Entrada libre y gratuita. 07.04.-15.05.<\/li>\n<li>Mirta Kupferminc, &#8220;En la palma de mi mano&#8221;. Original M\u00faltiple, Venezuela 468. 07.04.-05.05.<\/li>\n<li>Natalia Mar\u00edn, &#8220;Cer\u00e1mica Precolombina, Una visi\u00f3n contempor\u00e1nea&#8221;. <a href=\"http:\/\/www.museohernandez.buenosaires.gob.ar\/\">Museo de Arte Popular Jos\u00e9 Hern\u00e1ndez<\/a>, Av. del Libertador 2373. Mi\u00e9-Vie 13-19, S\u00e1b, Dom y feriados 10-20 hs. Entrada $1, Dom gratis. 13.04.-15.05.<\/li>\n<li>Naum Goijman, &#8220;El Secreto mejor guardado. Telas Prehist\u00f3ricas y papeles del futuro&#8221;. Curador: Elio Kapszuk. Espacio de Arte AMIA, Pasteur 633. Lun-Jue 10-18, Vie 10-16 hs. Entrada libre. 13.04.-29.05.<\/li>\n<li>&#8220;Maestros y Contempor\u00e1neos&#8221;, obras de Rub\u00e9n Baima, Juan Carlos Castagnino, Ra\u00fal Conti, Vicente Forte, Claudio Gorrochategui, Dario Mastrosimone, Cesar Novelletto, entre otros. <a href=\"http:\/\/www.galeriamediterranea.com.ar\/\">Galer\u00eda Mediterr\u00e1nea<\/a>, Pacheco 2380 &#8211; Altura Monroe 4900. Lun-Vie 10-20.30, S\u00e1b 10-17 hs. 13.04.-13.05.<\/li>\n<li>Juan Bec\u00fa y Juan Jos\u00e9 Cambre, &#8220;Prisma&#8221;. <a href=\"http:\/\/www.galeriavasari.com.ar\/\">Galer\u00eda Vasari<\/a>, Esmeralda 1357. Lun-Vie 11-20 hs. 14.04.-14.05.<\/li>\n<li><a href=\"http:\/\/www.gonzalez-gonzalez.net\/\">Miguel Jos\u00e9 Gonzalez-Gonzalez<\/a> (Austria), &#8220;Tiempo, experiencia y s\u00edntesis&#8221;, objetos, instalaciones y fotos. LPEP (La Paternal Espacio Proyecto), Espinosa 2672 (Av. San Mart\u00edn y \u00c1lvarez Jonte). Desde 15.04.<\/li>\n<li>Oskar Molek, &#8220;Im\u00e1genes de Bah\u00eda&#8221;, fotos. EspacioFotogr\u00e1fico del Teatro de la Ribera, Av. Pedro de Mendoza 1821. Mar-Dom 10-20, Lun 10-17 hs. Entrada libre. 16.04.-mediados de Junio.<\/li>\n<li>Alicia Diaz Rinaldi, grabados. <a href=\"http:\/\/www.fundacionmundonuevo.org.ar\/09\/home.html\">Mundo Nuevo Gallery Art<\/a>, Callao 1870, PB. Lun-Vie 11-20 hs, S\u00e1b, Dom y feriados con cita previa (Tel: 4804-7321). Desde 19.04.<\/li>\n<li>Expo Tec en Arte III. Obras de Melisa Bay, Iv\u00e1n Kozenitzky, Mar\u00eda Lorena Kaethner, Nick Mahshie, Colectivo metaphorarq &#8211; Bruno Rota, Christian D\u00edaz, Joaqu\u00edn Fargas, Daniel Fischer, Natalia Rizzo y Dar\u00edo Sacco. Selecci\u00f3n: Patricia Hakim. Espacio Fundaci\u00f3n Telef\u00f3nica, Arenales 1540. 19.04.-11.06.<\/li>\n<li>Miguel Angel Giovanetti &#038; Luis Espinosa, &#8220;Universos Paralelos&#8221;. <a href=\"http:\/\/www.roart.com.ar\/\">RO Galer\u00eda de Arte<\/a>, Paran\u00e1 1158. Lun-Vie 14-20 hs. Desde 28.04.<\/li>\n<li>Mart\u00edn Calcagno, &#8220;Sue\u00f1os de un joven enamorado&#8221;, esculturas. <a href=\"http:\/\/www.elsidelrio.com.ar\/\">Elsi del Rio Arte Contempor\u00e1neo<\/a>, Humboldt 1510, Palermo Hollywood. Mar-Vie 14-20, S\u00e1b 11-15 hs. Inauguraci\u00f3n: 02.05., 19-22 hs.<\/li>\n<li>Rodolfo Relman, pinturas 2005-2011. Atica, Libertad 1240, PB &#8220;9&#8221;. Lun-Vie 11-13 y 15-20, S\u00e1b 11-13.30 hs. Inauguraci\u00f3n: 03.05., 19 hs.<\/li>\n<li>&#8220;Peque\u00f1o Manual de Magia&#8221;, obras de Marina S\u00e1bato, Laura Waissman, Nicol\u00e1s Arispe. <a href=\"http:\/\/www.gachiprietogallery.com\/\">Gachi Prieto Gallery<\/a>, Uriarte 1976. Mar-Vie 13-20, S\u00e1b 12-18 hs. Inauguraci\u00f3n: 04.05., 19 hs. Hasta 04.06.<\/li>\n<\/ul>\n","protected":false},"excerpt":{"rendered":"<p>Klicken Sie hier, um die deutsche Version zu lesen. Agenda de Muestras 30\/04\/11-07\/05\/11 Por Susanne Franz El 5 de mayo a las 19 se inaugurar\u00e1 en el Centro Cultural Recoleta &#8220;Fase 3 &#8211; Encuentro de Arte y Tecnolog\u00eda&#8221;. &#8220;Fase&#8221; es una anual de artistas e instituciones p\u00fablicas y privadas de Argentina y del exterior que [&hellip;]<\/p>\n","protected":false},"author":1,"featured_media":0,"comment_status":"open","ping_status":"open","sticky":false,"template":"","format":"standard","meta":{"footnotes":""},"categories":[3],"tags":[],"class_list":["post-6989","post","type-post","status-publish","format-standard","hentry","category-kalender-agenda"],"_links":{"self":[{"href":"https:\/\/kunstinargentinien.com\/index.php\/wp-json\/wp\/v2\/posts\/6989","targetHints":{"allow":["GET"]}}],"collection":[{"href":"https:\/\/kunstinargentinien.com\/index.php\/wp-json\/wp\/v2\/posts"}],"about":[{"href":"https:\/\/kunstinargentinien.com\/index.php\/wp-json\/wp\/v2\/types\/post"}],"author":[{"embeddable":true,"href":"https:\/\/kunstinargentinien.com\/index.php\/wp-json\/wp\/v2\/users\/1"}],"replies":[{"embeddable":true,"href":"https:\/\/kunstinargentinien.com\/index.php\/wp-json\/wp\/v2\/comments?post=6989"}],"version-history":[{"count":17,"href":"https:\/\/kunstinargentinien.com\/index.php\/wp-json\/wp\/v2\/posts\/6989\/revisions"}],"predecessor-version":[{"id":7008,"href":"https:\/\/kunstinargentinien.com\/index.php\/wp-json\/wp\/v2\/posts\/6989\/revisions\/7008"}],"wp:attachment":[{"href":"https:\/\/kunstinargentinien.com\/index.php\/wp-json\/wp\/v2\/media?parent=6989"}],"wp:term":[{"taxonomy":"category","embeddable":true,"href":"https:\/\/kunstinargentinien.com\/index.php\/wp-json\/wp\/v2\/categories?post=6989"},{"taxonomy":"post_tag","embeddable":true,"href":"https:\/\/kunstinargentinien.com\/index.php\/wp-json\/wp\/v2\/tags?post=6989"}],"curies":[{"name":"wp","href":"https:\/\/api.w.org\/{rel}","templated":true}]}}