{"id":700,"date":"2006-09-22T19:28:25","date_gmt":"2006-09-22T22:28:25","guid":{"rendered":"http:\/\/kunstinargentinien.com\/index.php\/2006\/09\/23\/agenda-kalender-25\/"},"modified":"2006-09-25T20:23:19","modified_gmt":"2006-09-25T23:23:19","slug":"agenda-kalender-25","status":"publish","type":"post","link":"https:\/\/kunstinargentinien.com\/index.php\/2006\/09\/22\/agenda-kalender-25\/","title":{"rendered":"Agenda \/ Kalender"},"content":{"rendered":"<p><a href=\"http:\/\/kunstinargentinien.com\/index.php\/2006\/09\/22\/kalender-agenda-32\/\">Klicken Sie hier, um die deutsche Version zu lesen.<\/a><\/p>\n<p><strong>Agenda de Muestras 23\/09\/06-30\/09\/06<\/strong><\/p>\n<div align=center><img decoding=\"async\" id=\"image698\" alt=ova.jpg src=\"http:\/\/kunstinargentinien.com\/wp-content\/uploads\/2006\/09\/ova.jpg\" \/><br \/>\n<em>&#8220;Ovaci\u00f3n&#8221;, video instalaci\u00f3n de Lorena Cardona en el Centro Cultural Recoleta.<\/em><\/div>\n<p><em><strong>Centros de exposiciones<\/strong><\/em><\/p>\n<ul>\n<li>Centro Cultural Recoleta, Jun\u00edn 1930 (Mar-Vie 14-21, Sab, Dom y feriados 10-21 hs, entrada 1 peso): Christian Montenegro &#8211; Cristian Turdera. &#8220;Espacio Historieta&#8221;. 8.9.-8.10. \/ Joan Brossa, &#8220;Desde Barcelona al nuevo mundo&#8221;. Salas 4, 5 y 6. 8.9.-16.10. \/ Lorena Cardona, &#8220;Ovaci\u00f3n&#8221;, video instalaci\u00f3n. Sala Prometeus. 12.9.-8.10. \/ Diego Haboba, &#8220;Identidad y paranoia&#8221;. Sala 12. 12.9.-8.10. \/ Malala Tiscornia, &#8220;En camino&#8221;. Salas 1, 2 y 3. 12.9.-8.10. \/ &#8220;El Atlas de Borges&#8221;. Sala &#8220;C&#8221;. 12.9.-8.10. \/ &#8220;Desaparecidos &#8211; The Disappeared&#8221;. Muestra organizada por el North Dakota Museum of Art. Sala Cronopios. 12.9.-16.10. \/ Cristina Piceda, esculturas. Sala &#8220;J&#8221;. 12.9.-16.10. \/ &#8220;onedotzero&#8221; &#8211; Festival londinense de Arte Digital. En 8 salas. 29.9., a partir de las 10 hs. Hasta 1.10.<\/li>\n<p><!--more--><\/p>\n<li>MALBA (Museo de Arte Latinoamericano de Buenos Aires), Av. Figueroa Alcorta 3415 (Jue-Lun y feriados 12-20 hs, martes cerrado, Mi\u00e9rcoles hasta 21 hs, entrada libre. Los otros d\u00edas: entrada 10 pesos, docentes y mayores de 65 a\u00f1os 5 pesos, estudiantes, menores de 12 a\u00f1os y discapacitados gratis): David Lamelas, &#8220;Tiempo como actividad (Buenos Aires), 2006&#8221;, en la explanada del museo. 30.6.-noviembre del 2006. \/ &#8220;Contempor\u00e1neo 17. Iluminaciones&#8221;, obras de Matilde Mar\u00edn, Stella Maris y Karina Peisajovich. Curadora invitada: Victoria Verlichak. 18.8.-2.10. \/ Alfredo Guttero (1882-1932), &#8220;Un artista moderno en acci\u00f3n&#8221;. Curador: Marcelo Pacheco. 1.9.-30.10. \/ David Lamelas, &#8220;Lo super-real. Obras 1969-1984&#8221;. Curadora: In\u00e9s Katzenstein. 29.9.-20.11.<\/li>\n<li>Centro Cultural Borges, Viamonte\/San Mart\u00edn (Lun-Sab 11-21, Dom 12-21 hs): &#8220;Brote 320&#8221;, instalaci\u00f3n de Yanina Szalkowicz, Mar\u00eda Guerrieri y Juliana Iriart. En el marco del ciclo &#8220;Borges\/contempor\u00e1neo&#8221;. 5.9.-5.11. \/ &#8220;El atentado a las Torres Gemelas visto por los mejores fot\u00f3grafos del mundo&#8221;. 7.9.-1.10. \/ Enrique Vieytes, &#8220;Abstracciones 2000-2006&#8221;. 21.9.-15.10.<\/li>\n<li>Museo Nacional de Bellas Artes (MNBA), Av. del Libertador 1473 (Mar y Mie 12.30-19.30, Jue y Vie 12.30-21, Sab 9.30-21, Dom 9.30-19.30 hs, entrada libre): Juan Carlos Liberti, retrospectiva. 22.8.-24.9. \/ &#8220;Laxeiro en Buenos Aires&#8221;. 6.9.-8.10. \/ Franco Fontana (Italia), fotos. <strong>En el marco del &#8220;Festival de la Luz&#8221;.<\/strong> 6.9.-29.10. \/ Renata Schussheim, &#8220;Epifan\u00eda&#8221;. 4.10.-12.11.<\/li>\n<li>Teatro San Mart\u00edn, FotoGaler\u00eda, Av. Corrientes 1530 (Lun-Vie a partir de las 11 hs, Sab y Dom a partir de las 12 hs, hasta fines de los espect\u00e1culos): <strong>En el marco del &#8220;Festival de la Luz&#8221;:<\/strong> Tomasz Gudzowaty (Polonia), fotos. 3.8.-1.10. \/ Nicol\u00e1s Trombetta, fotos. 5.9.-1.10. <\/li>\n<\/ul>\n<p><em><strong>Otras exposiciones<\/strong><\/em><\/p>\n<ul>\n<li>Leopoldo Presas, &#8220;Muestra antol\u00f3gica, obras de colecci\u00f3n&#8221;. Museo de la Universidad de Tres de Febrero (MUNTREF), Valent\u00edn G\u00f3mez 4828\/38. Lun-Sab 11-20 hs. Entrada libre. 28.6.-26.9.<\/li>\n<li>Matilde Mar\u00edn, &#8220;Desplazamientos&#8221;. Fundaci\u00f3n Alon para las Artes, Viamonte 1465, piso 10. 19.7.-fin de septiembre.<\/li>\n<li>Rosanna Salonia (Italia), &#8220;Universi&#8221;. <strong>En el marco del &#8220;Festival de la Luz&#8221;.<\/strong> Museo Benito Quinquela Mart\u00edn, Sala Victorica, Av. Pedro de Mendoza 1835. Mar-Dom 10.30-17.30 hs. 5.8.-30.9.<\/li>\n<li>Gerard Rondeau (Francia), fotos. <strong>En el marco del &#8220;Festival de la Luz&#8221;.<\/strong> Alianza Francesa Centro, Av. C\u00f3rdoba 946; Alianza Francesa Palermo, Billinghurst 1926; Alianza Francesa Belgrano, 11 de Septiembre 950; Alianza Francesa Flores, Granaderos 61. 7.8.-30.9.<\/li>\n<li>Cristina Fraire, &#8220;La Vida Austera&#8221;, fotos. <strong>En el marco del &#8220;Festival de la Luz&#8221;.<\/strong> La Biblioth\u00e8que, Uruguay 1223, Puerta Roja. Lun-Vie 15-20 hs. 14.8.-30.9.<\/li>\n<li>Estela Pereda, &#8220;Todo el azul del mar&#8221;, instalaciones. Ecocentro Buenos Aires, Santa Fe 1860, 3\u00ba (Grand Splendid). 16.8.-15.10.<\/li>\n<li>Javier Giordano, &#8220;El fin justifica los miedos&#8221;. <strong>En el marco del &#8220;Festival de la Luz&#8221;.<\/strong> &#8220;Cruce de Artes&#8221;, T\u00fanel por debajo de Av. del Libertador (altura 3200, esquina Av. Sarmiento). Lun-Dom 9-19 hs. 17.8.-24.9.<\/li>\n<li>&#8220;Grupo Contraluz&#8221;, &#8220;Hay camino&#8221;, fotos. <strong>En el marco del &#8220;Festival de la Luz&#8221;.<\/strong> EspacioFotogr\u00e1fico, Teatro de la Ribera, Av. Pedro de Mendoza 1821. Mar-Dom 10-20, Lun 10-16 hs. 19.8.-mitad de octubre.<\/li>\n<li>Ver\u00f3nica G\u00f3mez &#038; Laboratorios Baigorria S.A., &#8220;El Conejo, Estudios preliminarios&#8221;. Appetite, Venezuela 638. 25.8.-23.9.<\/li>\n<li>Leandro Katz, &#8220;A los Pies de la Letra&#8221;. Arcimboldo, Reconquista 761, PB 14. 28.8.-23.9.<\/li>\n<li>Mariela Constant, Daniel Machado, Axel Jaroslavsky, fotos. Galer\u00eda Artexarte, Lavalleja 1062. Lun-Sab 13-19 hs. 30.8.-3.10.<\/li>\n<li>Stella Sidi, &#8220;Paradoja&#8221;, dibujos, instalaciones sonoras y visuales, libro de artista. Crimson, Francisco Acu\u00f1a de Figueroa 1800. Lun-Vie 12-20 hs. 5.9.-24.9.<\/li>\n<li>Celina Saubidet, &#8220;Corazonada&#8221;, escultura. Elsi del Rio, Ar\u00e9valo 1748, Palermo Hollywood. Mar-Vie 15-20, Sab 11-14 hs. 5.9.-14.10.<\/li>\n<li>Diego Alexandre, instalaci\u00f3n. Lila Mitre Espacio de Arte, Guido 1568. Lun-Vie 10.30-20 hs. 6.9.-20.10.<\/li>\n<li>&#8220;Arte y Nuevas Tecnolog\u00edas&#8221;, Premios MAMBA\/Fundaci\u00f3n Telef\u00f3nica. Espacio Fundaci\u00f3n Telef\u00f3nica, Arenales 1540. 7.9.-22.10.<\/li>\n<li>Mar\u00eda Esther Joao, pinturas e instalaciones. Galer\u00eda Holz, Arroyo 862. Lun-Vie 10-20, Sab 10-14 hs. 7.9.-3.10.<\/li>\n<li>Verena Viegener, &#8220;Esp\u00edritu Patag\u00f3nico&#8221;, pinturas \/ Nelson Radice, &#8220;Barcos&#8221;, pinturas. Espacio AG, Marcelo T. de ALvear 1175. Lun-Vie 10-20 hs. 7.9.-3.10.<\/li>\n<li>Mar\u00eda Rosa Andreotti, &#8220;\u00bfqu\u00e9 pasa si&#8230;?&#8221;. En el marco del ciclo &#8220;Enfoque 34&#8221;. Curador: Diego Perrotta. FM La Tribu, Lambar\u00e9 873 (entre Sarmiento y Potos\u00ed). 7.9.-29.9.<\/li>\n<li>&#8220;San Telmo y el barrio a trav\u00e9s de su historia&#8221;, fotos. Museo San Telmo, Humberto 1\u00ba 340. Sab 10.30-13.30, Dom 15.30-18.30 hs. Entrada libre. 7.9.-7.10.<\/li>\n<li>Felipe Gim\u00e9nez, &#8220;Gente como uno&#8221;, pinturas y objetos. Wussmann, Venezuela 570. 9.9.-26.10.<\/li>\n<li>Marcia Schvartz, &#8220;Joven pintora&#8221;. Museo S\u00edvori, Av. Infanta Isabel 555. 9.9.-15.10.<\/li>\n<li>Dos muestras en conmemoraci\u00f3n de los 30 a\u00f1os del golpe militar: &#8220;\u00bfQui\u00e9nes eran?&#8221; (Curadora: Florencia Battitti) y &#8220;Fotos robadas, fotos recuperadas&#8221;. Organizadas por el Museo de Arte y Memoria de la Ciudad de La Plata y la Comisi\u00f3n Provincial por la Memoria. Obras de Diana Aisenberg, Rocambole, Claudia Contreras, Grupo Escombros, Andrea Fasani, Eduardo Gil, Magdalena Jitrik, Luj\u00e1n F\u00fanes, Daniel Ontiveros, Pablo P\u00e1ez, Ricardo Pons y Graciela Taquini. Centro Cultural Paseo Quinta Trabucco, Melo 3050, Florida. Mar-Sab 9-18, Dom 14-18 hs. 9.9.-8.10.<\/li>\n<li>&#8220;15 BERTANI 15&#8221;. En las galer\u00edas Zurbar\u00e1n, Cerrito 1522, y Colecci\u00f3n Alvear de Zurbar\u00e1n, Av. Alvear 1658. Desde 11.9.<\/li>\n<li>&#8220;Cinco Miradas&#8221;, obras de Gerardo Feldstein, Claudio Gallina, Cynthia Jakob, Omar Panosetti, Laura Varangot. Centro Cultural de la Cooperaci\u00f3n, &#8220;Espacio 1\u00baSS&#8221;, Av. Corrientes 1543. Lun-Sab 10-22, Dom 17-20.30 hs. Desde 11.9.<\/li>\n<li>&#8220;Hombre, Mujer y Rito&#8221;, muestra de fotos de Gustavo Dimario, Tatiana Parcero y Anabel Vanoni. Curador: Julio S\u00e1nchez. Agalma.Arte, Libertad 1389. Lun-Vie 12-20, Sab 11-13.30 hs. 12.9.-30.9.<\/li>\n<li>Luisa Gonzalez, &#8220;Transe\u00fantes&#8221;, pinturas. Fundaci\u00f3n Mundo Nuevo, Callao 1870, P.B. Lun-Vie 11-19 hs. 12.9.-1.10.<\/li>\n<li>&#8220;Sistema natural&#8221;, obras de Irene Banchero, Marcela Cabutti, Simone Ewerle, Eliana Heredia, Elisa O&#8217;Farrell, Alita Olivari, Ver\u00f3nica Romano, Daniel Trama, Mariela Yeregui. Curador: Marcelo de la Fuente. Fondo Nacional de las Artes, Alsina 673. Lun-Vie 10-18 hs. 13.9.-4.10.<\/li>\n<li>Eduardo Medici, &#8220;yo, la peor de todas&#8221;, pinturas, dibujos, fotograf\u00edas. Galer\u00eda Rubbers, Av. Alvear 1595. Lun-Vie 11-20, Sab 11-13.30 hs. 14.9.-7.10.<\/li>\n<li>Leo Matiz, (Colombia), fotos. Curadora: Leila Makarius. <strong>En el marco del &#8220;Festival de la Luz&#8221;.<\/strong> Museo de Arte Hispanoamericano &#8216;Isaac Fern\u00e1ndez Blanco&#8217;, Suipacha 1422. 14.9.-22.10.<\/li>\n<li>Mar\u00eda Juana Heras Velasco, esculturas. Empat\u00eda, Carlos Pellegrini 1255. 14.9.-18.10.<\/li>\n<li>Pedro Roth, &#8220;Las cuatro estaciones&#8221;, fotos. <strong>En el marco del &#8220;Festival de la Luz&#8221;.<\/strong> Galer\u00eda Wussmann, Venezuela 570, P.A. Desde 15.9.<\/li>\n<li>Daniel Herce, &#8220;Te quiero&#8221;, pinturas 2004\/2006. El Borde, Uriarte 1356. Lun-Sab 14-20 hs. 15.9.-14.10.<\/li>\n<li>Diego Perrotta, &#8220;Ciudad del milagro&#8221;, pinturas y dibujos. Museo Provincial de Artes, 9 de Julio y Villegas, Santa Rosa, Prov. La Pampa. 15.9.-8.10.<\/li>\n<li>&#8220;2SAR\/06&#8221; (Segunda Semana del Arte Rosario), MACRO (Museo de Arte Contempor\u00e1neo de Rosario), Museo Municipal de Bellas Artes &#8216;J.B. Castagnino&#8217;, 40 galer\u00edas, 35 intervenciones urbanas. Informaciones: <a href=\"http:\/\/www.macromuseo.org.ar\/2sar06\/\">www.macromuseo.org.ar\/2sar06<\/a>. 18.9.-24.9. (22.9. noche de los museos abiertos.)<\/li>\n<li>Carlos Carmona, dibujos. Atica, Libertad 1240, PB 9. Lun-Vie 11-13 y 15-20, Sab 11-13.30 hs. 19.9.-14.10.<\/li>\n<li>Felipe Pino, retrospectiva. Pabell\u00f3n de las Bellas Artes, UCA, Av. Alicia Moreau de Justo 1300. Desde 20.9.<\/li>\n<div align=center><img decoding=\"async\" id=\"image701\" alt=japon.jpg src=\"http:\/\/kunstinargentinien.com\/wp-content\/uploads\/2006\/09\/japon.jpg\" \/><br \/>\n<em>Fotos de Vivian Galb\u00e1n.<\/em><\/div>\n<li>&#8220;Jap\u00f3n&#8221; &#8211; seis artistas exhiben su obra homenajeando a grandes escritores de la literatura de este pa\u00eds, dentro del marco de &#8220;Jap\u00f3n en clave porte\u00f1a&#8221;, celebraci\u00f3n a la cultura japonesa realizada por Espacio Prometeo. Obras de Mart\u00edn Bonadeo, Vivian Galb\u00e1n, Lola Goldstein, Paula Grand\u00edo, Carlos Huffman y Guillermo Ueno. Curadoras: Fabiana Barreda y Julieta Escard\u00f3. Espacio Prometeo, Malabia 1720, Local 5. Palermo. Lun-Dom 10-22 hs. Entrada libre. Desde 21.9. (Durante Septiembre y Octubre Espacio Prometeo ofrecer\u00e1 actividades culturales vinculadas a la literatura y arte japon\u00e9s. Informaciones: 4833.4669.)<\/li>\n<li>VI. &#8220;Expotrastiendas&#8221;. Centro de Exposiciones, Figueroa Alcorta\/Pueyrred\u00f3n. 13-22 hs. Entrada 10 pesos, estudiantes y jubilados 5 pesos, menores de 12 a\u00f1os gratis. Informaciones: <a href=\"http:\/\/www.expotrastiendas.com.ar\/\">www.expotrastiendas.com.ar<\/a> 26.9.-2.10.<\/li>\n<li>Andrea Cavagnaro, &#8220;Jard\u00edn&#8221;, instalaci\u00f3n, sobre las intervenciones de Carlos Huffmann, Noelia Yagmourian, Luciana Lamothe y Orilo Blandini sobre Rosa Chancho. Ambientaci\u00f3n sonora: Mari\u00e1ngeles Fern\u00e1ndez Rajoy. Galer\u00eda Rosa Chancho, Dorrego 1573. Lun-Vie 11-19, Sab 13-18 hs. Inauguraci\u00f3n: 26.9., 19 hs. Hasta 31.10.<\/li>\n<div><align=center><img decoding=\"async\" id=\"image713\" alt=braga2.jpg src=\"http:\/\/kunstinargentinien.com\/wp-content\/uploads\/2006\/09\/braga2.jpg\" \/><\/div>\n<li>&#8220;Inoxidable Pop &#8211; Argentina-Chile&#8221;. Curador: Rodrigo Alonso. Sala 1. \/ Lux Lindner. Sala 2. \/ Miguel Mitlag. Sala 3. Braga Men\u00e9ndez Arte Contempor\u00e1neo, Humboldt 1574. Lun-Vie 13-20, Sab 14-18 hs. Inauguraci\u00f3n: 26.9., 19 hs.<\/li>\n<li>Isabel Gruppo, &#8220;A diario&#8221;. El camar\u00edn de las musas, Mario Bravo 960. Lun-Sab 9-24, Dom 15-23 hs. Inauguraci\u00f3n: 27.9., 19 hs. Hasta 17.10.<\/li>\n<li>&#8220;El ojo de Ibsen&#8221;. Teatro San Mart\u00edn, Hall de la Sala Casacuberta, Av. Corrientes 1530. Mar-Dom 17 hs hasta el final de los espect\u00e1culos. Entrada libre. Inauguraci\u00f3n: 3.10., 20 hs. Hasta 15.10.<\/li>\n<\/ul>\n","protected":false},"excerpt":{"rendered":"<p>Klicken Sie hier, um die deutsche Version zu lesen. Agenda de Muestras 23\/09\/06-30\/09\/06 &#8220;Ovaci\u00f3n&#8221;, video instalaci\u00f3n de Lorena Cardona en el Centro Cultural Recoleta. Centros de exposiciones Centro Cultural Recoleta, Jun\u00edn 1930 (Mar-Vie 14-21, Sab, Dom y feriados 10-21 hs, entrada 1 peso): Christian Montenegro &#8211; Cristian Turdera. &#8220;Espacio Historieta&#8221;. 8.9.-8.10. \/ Joan Brossa, &#8220;Desde [&hellip;]<\/p>\n","protected":false},"author":1,"featured_media":0,"comment_status":"open","ping_status":"open","sticky":false,"template":"","format":"standard","meta":{"footnotes":""},"categories":[3],"tags":[],"class_list":["post-700","post","type-post","status-publish","format-standard","hentry","category-kalender-agenda"],"_links":{"self":[{"href":"https:\/\/kunstinargentinien.com\/index.php\/wp-json\/wp\/v2\/posts\/700","targetHints":{"allow":["GET"]}}],"collection":[{"href":"https:\/\/kunstinargentinien.com\/index.php\/wp-json\/wp\/v2\/posts"}],"about":[{"href":"https:\/\/kunstinargentinien.com\/index.php\/wp-json\/wp\/v2\/types\/post"}],"author":[{"embeddable":true,"href":"https:\/\/kunstinargentinien.com\/index.php\/wp-json\/wp\/v2\/users\/1"}],"replies":[{"embeddable":true,"href":"https:\/\/kunstinargentinien.com\/index.php\/wp-json\/wp\/v2\/comments?post=700"}],"version-history":[{"count":0,"href":"https:\/\/kunstinargentinien.com\/index.php\/wp-json\/wp\/v2\/posts\/700\/revisions"}],"wp:attachment":[{"href":"https:\/\/kunstinargentinien.com\/index.php\/wp-json\/wp\/v2\/media?parent=700"}],"wp:term":[{"taxonomy":"category","embeddable":true,"href":"https:\/\/kunstinargentinien.com\/index.php\/wp-json\/wp\/v2\/categories?post=700"},{"taxonomy":"post_tag","embeddable":true,"href":"https:\/\/kunstinargentinien.com\/index.php\/wp-json\/wp\/v2\/tags?post=700"}],"curies":[{"name":"wp","href":"https:\/\/api.w.org\/{rel}","templated":true}]}}