{"id":7072,"date":"2011-05-04T14:13:14","date_gmt":"2011-05-04T17:13:14","guid":{"rendered":"http:\/\/kunstinargentinien.com\/?p=7072"},"modified":"2011-05-10T20:26:19","modified_gmt":"2011-05-10T23:26:19","slug":"metropolis-und-mehr","status":"publish","type":"post","link":"https:\/\/kunstinargentinien.com\/index.php\/2011\/05\/04\/metropolis-und-mehr\/","title":{"rendered":"&#8220;Metropolis&#8221; und mehr"},"content":{"rendered":"<p><strong>Fritz Lang-Retrospektive im Malba<\/p>\n<p><em>Von Susanne Franz<\/em><\/strong><\/p>\n<p><a href=\"http:\/\/kunstinargentinien.com\/wp-content\/uploads\/2011\/05\/metropolis.jpg\"><img loading=\"lazy\" decoding=\"async\" src=\"http:\/\/kunstinargentinien.com\/wp-content\/uploads\/2011\/05\/metropolis.jpg\" alt=\"\" title=\"metropolis\" width=\"500\" height=\"177\" class=\"aligncenter size-full wp-image-7075\" srcset=\"https:\/\/kunstinargentinien.com\/wp-content\/uploads\/2011\/05\/metropolis.jpg 500w, https:\/\/kunstinargentinien.com\/wp-content\/uploads\/2011\/05\/metropolis-300x106.jpg 300w\" sizes=\"auto, (max-width: 500px) 100vw, 500px\" \/><\/a><br \/>\nAm morgigen Donnerstag, 5. Mai, wird im <a href=\"http:\/\/www.malba.org.ar\/web\/\">Malba<\/a> mit der kompletten, restaurierten Fassung seines Stummfilms &#8220;Metropolis&#8221; eine Retrospektive des deutschen Regisseurs Fritz Lang er\u00f6ffnet, die den ganzen Monat zu sehen sein wird. &#8220;Metropolis&#8221; wird dabei jeweils samstags um 22 Uhr und donnerstags um 21 Uhr mit Livemusik gezeigt, komponiert und dargeboten vom National Film Chamber Orchestra unter Fernando Kabusacki. Der Eintrittspreis f\u00fcr &#8220;Metropolis&#8221; betr\u00e4gt 30 Pesos, f\u00fcr Studenten und Rentner erm\u00e4\u00dfigt 15 Pesos. Ansonsten kostet die Karte 18 bzw. erm\u00e4\u00dfigt 9 Pesos, Abos sind f\u00fcr 82 bzw. 41 Pesos zu haben.<\/p>\n<p>Am Freitag, dem 20. Mai, um 19 Uhr, wird der Filmhistoriker und Programmchef von &#8220;Malba Cine&#8221;, Fernando Mart\u00edn Pe\u00f1a, das Buch \u201cMetr\u00f3polis\u201d vorstellen, in dem das Wiederauffinden der verlorengegangenen Passagen des Films in Buenos Aires geschildert wird. Der Eintritt zu der Veranstaltung im Auditorium des Malba ist frei.<\/p>\n<p><strong>Programm:<\/strong><!--more--><\/p>\n<ul>\n<li><strong>Samstag, 7. Mai<\/strong><\/li>\n<li>14.30 Uhr: &#8220;Dr. Mabuse&#8221;, von Fritz Lang, mit Livemusik<\/li>\n<li>22 Uhr: &#8220;Metr\u00f3polis&#8221;, von Fritz Lang, mit Livemusik<\/li>\n<li><strong>Sonntag, 8. Mai<\/strong><\/li>\n<li>14 Uhr: &#8220;S\u00f3lo vivimos una vez&#8221;, von Fritz Lang<\/li>\n<li>15.30 Uhr: &#8220;El deseo humano&#8221;, von Fritz Lang<\/li>\n<li><strong>Donnerstag, 12. Mai<\/strong><\/li>\n<li>14.30 Uhr: &#8220;A capa y espada&#8221;, von Fritz Lang<\/li>\n<li>17 Uhr: &#8220;Moonfleet&#8221;. von Fritz Lang<\/li>\n<li>21 Uhr: &#8220;Metr\u00f3polis&#8221;, mit Livemusik<\/li>\n<li><strong>Freitag, 13. Mai<\/strong><\/li>\n<li>14 Uhr: &#8220;Mientras duerme Nueva York&#8221;, von Fritz Lang<\/li>\n<li>16 Uhr: &#8220;S\u00f3lo vivimos una vez&#8221;<\/li>\n<li>17.30 Uhr: &#8220;Los verdugos tambi\u00e9n mueren&#8221;, von Fritz Lang<\/li>\n<li>0 Uhr: &#8220;El gabinete del Dr. Caligari&#8221;, von Robert Wiene, mit Livemusik<\/li>\n<li><strong>Samstag, 14. Mai<\/strong><\/li>\n<li>15 Uhr: &#8220;Dr. Mabuse: Infierno&#8221;, von Fritz Lang, mit Livemusik<\/li>\n<li>22 Uhr: &#8220;Metr\u00f3polis&#8221;, mit Livemusik<\/li>\n<li><strong>Sonntag, 15. Mai<\/strong><\/li>\n<li>14.30 Uhr: &#8220;Los verdugos tambi\u00e9n mueren&#8221;<\/li>\n<li><strong>Donnerstag, 19. Mai<\/strong><\/li>\n<li>15 Uhr: &#8220;Rancho Notorious&#8221;, von Fritz Lang<\/li>\n<li>17 Uhr: &#8220;El testamento del Dr. Mabuse&#8221; (Version von 1933), von Fritz Lang<\/li>\n<li>21 Uhr: &#8220;Metr\u00f3polis&#8221;, mit Livemusik<\/li>\n<li><strong>Freitag, 20. Mai<\/strong><\/li>\n<li>14 Uhr: &#8220;El deseo humano&#8221;<\/li>\n<li>16 Uhr: &#8220;El testamento del Dr. Mabuse&#8221;, von Werner Klinger (Version von 1962)<\/li>\n<li>19 Uhr: Buchvorstellung &#8220;Metr\u00f3polis&#8221;, gratis<\/li>\n<li>0 Uhr: &#8220;El gabinete del Dr. Caligari&#8221;, von Robert Wiene, mit Livemusik<\/li>\n<li><strong>Samstag, 21. Mai<\/strong><\/li>\n<li>13 Uhr: &#8220;A capa y espada&#8221;<\/li>\n<li>15 Uhr: &#8220;M, el vampiro negro&#8221;, von Fritz Lang<\/li>\n<li>22 Uhr: &#8220;Metr\u00f3polis&#8221;, mit Livemusik<\/li>\n<li><strong>Sonntag, 22. Mai<\/strong><\/li>\n<li>15 Uhr: &#8220;Los Nibelungos: Sigfrido&#8221;, von Fritz Lang, mit Livemusik<\/li>\n<li><strong>Donnerstag, 26. Mai<\/strong><\/li>\n<li>14.30 Uhr: &#8220;Los 1000 ojos del Dr. Mabuse&#8221;, von Fritz Lang<\/li>\n<li>17 Uhr: &#8220;Mientras duerme Nueva York&#8221;<\/li>\n<li><strong>Freitag, 27. Mai<\/strong><\/li>\n<li>14 Uhr: &#8220;Rancho Notorious&#8221;<\/li>\n<li>16 Uhr: &#8220;Los sobornados&#8221;, von Fritz Lang<\/li>\n<li>18 Uhr: &#8220;El vampiro negro&#8221;, von Rom\u00e1n Vi\u00f1oly Barreto<\/li>\n<li>0 Uhr: &#8220;El gabinete del Dr. Caligari&#8221;, von Robert Wiene, mit Livemusik<\/li>\n<li><strong>Samstag, 28. Mai<\/strong><\/li>\n<li>15 Uhr: &#8220;Moonfleet&#8221;<\/li>\n<li>22 Uhr: &#8220;Metr\u00f3polis&#8221;, mit Livemusik<\/li>\n<li><strong>Sonntag, 29. Mai<\/strong><\/li>\n<li>15 Uhr: &#8220;Los Nibelungos: La venganza de Krimilda&#8221;, von Fritz Lang, mit Livemusik<\/li>\n<li>Infos <em><a href=\"http:\/\/www.malba.org.ar\/web\/home.php\">hier<\/a><\/em>.<\/li>\n<\/ul>\n","protected":false},"excerpt":{"rendered":"<p>Fritz Lang-Retrospektive im Malba Von Susanne Franz Am morgigen Donnerstag, 5. Mai, wird im Malba mit der kompletten, restaurierten Fassung seines Stummfilms &#8220;Metropolis&#8221; eine Retrospektive des deutschen Regisseurs Fritz Lang er\u00f6ffnet, die den ganzen Monat zu sehen sein wird. &#8220;Metropolis&#8221; wird dabei jeweils samstags um 22 Uhr und donnerstags um 21 Uhr mit Livemusik gezeigt, [&hellip;]<\/p>\n","protected":false},"author":1,"featured_media":0,"comment_status":"open","ping_status":"open","sticky":false,"template":"","format":"standard","meta":{"footnotes":""},"categories":[16],"tags":[],"class_list":["post-7072","post","type-post","status-publish","format-standard","hentry","category-film-cine"],"_links":{"self":[{"href":"https:\/\/kunstinargentinien.com\/index.php\/wp-json\/wp\/v2\/posts\/7072","targetHints":{"allow":["GET"]}}],"collection":[{"href":"https:\/\/kunstinargentinien.com\/index.php\/wp-json\/wp\/v2\/posts"}],"about":[{"href":"https:\/\/kunstinargentinien.com\/index.php\/wp-json\/wp\/v2\/types\/post"}],"author":[{"embeddable":true,"href":"https:\/\/kunstinargentinien.com\/index.php\/wp-json\/wp\/v2\/users\/1"}],"replies":[{"embeddable":true,"href":"https:\/\/kunstinargentinien.com\/index.php\/wp-json\/wp\/v2\/comments?post=7072"}],"version-history":[{"count":6,"href":"https:\/\/kunstinargentinien.com\/index.php\/wp-json\/wp\/v2\/posts\/7072\/revisions"}],"predecessor-version":[{"id":7118,"href":"https:\/\/kunstinargentinien.com\/index.php\/wp-json\/wp\/v2\/posts\/7072\/revisions\/7118"}],"wp:attachment":[{"href":"https:\/\/kunstinargentinien.com\/index.php\/wp-json\/wp\/v2\/media?parent=7072"}],"wp:term":[{"taxonomy":"category","embeddable":true,"href":"https:\/\/kunstinargentinien.com\/index.php\/wp-json\/wp\/v2\/categories?post=7072"},{"taxonomy":"post_tag","embeddable":true,"href":"https:\/\/kunstinargentinien.com\/index.php\/wp-json\/wp\/v2\/tags?post=7072"}],"curies":[{"name":"wp","href":"https:\/\/api.w.org\/{rel}","templated":true}]}}